

{"id":28335,"date":"2021-10-29T17:15:42","date_gmt":"2021-10-29T20:15:42","guid":{"rendered":"https:\/\/goias.gov.br\/policiamilitar\/?p=28335"},"modified":"2021-10-29T18:23:19","modified_gmt":"2021-10-29T21:23:19","slug":"acao-integrada-da-pmgo-e-pcgo-detem-latrocida","status":"publish","type":"post","link":"https:\/\/goias.gov.br\/policiamilitar\/acao-integrada-da-pmgo-e-pcgo-detem-latrocida\/","title":{"rendered":"A\u00e7\u00e3o integrada da PMGO e PCGO det\u00e9m latrocida"},"content":{"rendered":"<p style=\"text-align: justify\">Uma Opera\u00e7\u00e3o Integrada das for\u00e7as de Seguran\u00e7a P\u00fablica prendeu na noite de ontem, 28,\u00a0 indiv\u00edduo de latroc\u00ednio na cidade de Goianira.<\/p>\n<p style=\"text-align: justify\">A deten\u00e7\u00e3o ocorreu ap\u00f3s compartilhamento de informa\u00e7\u00f5es sobre um latroc\u00ednio, ocorrido no dia 22\/10, no Jardim Triunfo, na cidade de Goianira-Go, onde a v\u00edtima, um professor aposentado, de 63 anos de idade, foi morto ao ser dopado e asfixiado pelo autor.<\/p>\n<p style=\"text-align: justify\">Com o criminoso, que j\u00e1 possui antecedentes criminais, foi apreendido 01 Rev\u00f3lver cal. 32, \u00a001 TV e 01 Celular, ambos roubados. Os objetos apreendidos, e o autor, foram encaminhados \u00e0 Central de Flagrantes de Trindade.<\/p>\n<p style=\"text-align: justify\">Pol\u00edcia Militar de Goi\u00e1s: Patim\u00f4nio dos Goianos!<\/p>\n<p style=\"text-align: justify\">Fonte: ROTAM<\/p>\n","protected":false},"excerpt":{"rendered":"<p>Uma Opera\u00e7\u00e3o Integrada das for\u00e7as de Seguran\u00e7a P\u00fablica prendeu na noite de ontem, 28,\u00a0 indiv\u00edduo de latroc\u00ednio na cidade de Goianira. A deten\u00e7\u00e3o ocorreu ap\u00f3s compartilhamento de informa\u00e7\u00f5es sobre um latroc\u00ednio, ocorrido no dia 22\/10, no Jardim Triunfo, na cidade de Goianira-Go, onde a v\u00edtima, um professor aposentado, de 63 anos de idade, foi morto [&hellip;]<\/p>\n","protected":false},"author":84,"featured_media":28337,"comment_status":"closed","ping_status":"closed","sticky":false,"template":"","format":"standard","meta":{"footnotes":""},"categories":[1,15],"tags":[],"class_list":["post-28335","post","type-post","status-publish","format-standard","has-post-thumbnail","hentry","category-noticias","category-destaques"],"rttpg_featured_image_url":{"full":["https:\/\/goias.gov.br\/policiamilitar\/wp-content\/uploads\/sites\/67\/2021\/10\/acao-integrada-da-pmgo-e-pcgo-detem-latrocida.jpg",696,372,false],"landscape":["https:\/\/goias.gov.br\/policiamilitar\/wp-content\/uploads\/sites\/67\/2021\/10\/acao-integrada-da-pmgo-e-pcgo-detem-latrocida.jpg",696,372,false],"portraits":["https:\/\/goias.gov.br\/policiamilitar\/wp-content\/uploads\/sites\/67\/2021\/10\/acao-integrada-da-pmgo-e-pcgo-detem-latrocida.jpg",696,372,false],"thumbnail":["https:\/\/goias.gov.br\/policiamilitar\/wp-content\/uploads\/sites\/67\/2021\/10\/acao-integrada-da-pmgo-e-pcgo-detem-latrocida-400x372.jpg",150,140,true],"medium":["https:\/\/goias.gov.br\/policiamilitar\/wp-content\/uploads\/sites\/67\/2021\/10\/acao-integrada-da-pmgo-e-pcgo-detem-latrocida.jpg",300,160,false],"large":["https:\/\/goias.gov.br\/policiamilitar\/wp-content\/uploads\/sites\/67\/2021\/10\/acao-integrada-da-pmgo-e-pcgo-detem-latrocida.jpg",696,372,false],"1536x1536":["https:\/\/goias.gov.br\/policiamilitar\/wp-content\/uploads\/sites\/67\/2021\/10\/acao-integrada-da-pmgo-e-pcgo-detem-latrocida.jpg",696,372,false],"2048x2048":["https:\/\/goias.gov.br\/policiamilitar\/wp-content\/uploads\/sites\/67\/2021\/10\/acao-integrada-da-pmgo-e-pcgo-detem-latrocida.jpg",696,372,false]},"rttpg_author":{"display_name":"adriano.vieira@goias.gov.br","author_link":"https:\/\/goias.gov.br\/policiamilitar\/author\/adriano-vieiragoias-gov-br\/"},"rttpg_comment":0,"rttpg_category":"<a href=\"https:\/\/goias.gov.br\/policiamilitar\/categoria\/noticias\/\" rel=\"category tag\">Not\u00edcias<\/a> <a href=\"https:\/\/goias.gov.br\/policiamilitar\/categoria\/noticias\/destaques\/\" rel=\"category tag\">Not\u00edcias em Destaque<\/a>","rttpg_excerpt":"Uma Opera\u00e7\u00e3o Integrada das for\u00e7as de Seguran\u00e7a P\u00fablica prendeu na noite de ontem, 28,\u00a0 indiv\u00edduo de latroc\u00ednio na cidade de Goianira. A deten\u00e7\u00e3o ocorreu ap\u00f3s compartilhamento de informa\u00e7\u00f5es sobre um latroc\u00ednio, ocorrido no dia 22\/10, no Jardim Triunfo, na cidade de Goianira-Go, onde a v\u00edtima, um professor aposentado, de 63 anos de idade, foi morto&hellip;","_links":{"self":[{"href":"https:\/\/goias.gov.br\/policiamilitar\/wp-json\/wp\/v2\/posts\/28335","targetHints":{"allow":["GET"]}}],"collection":[{"href":"https:\/\/goias.gov.br\/policiamilitar\/wp-json\/wp\/v2\/posts"}],"about":[{"href":"https:\/\/goias.gov.br\/policiamilitar\/wp-json\/wp\/v2\/types\/post"}],"author":[{"embeddable":true,"href":"https:\/\/goias.gov.br\/policiamilitar\/wp-json\/wp\/v2\/users\/84"}],"replies":[{"embeddable":true,"href":"https:\/\/goias.gov.br\/policiamilitar\/wp-json\/wp\/v2\/comments?post=28335"}],"version-history":[{"count":0,"href":"https:\/\/goias.gov.br\/policiamilitar\/wp-json\/wp\/v2\/posts\/28335\/revisions"}],"wp:featuredmedia":[{"embeddable":true,"href":"https:\/\/goias.gov.br\/policiamilitar\/wp-json\/wp\/v2\/media\/28337"}],"wp:attachment":[{"href":"https:\/\/goias.gov.br\/policiamilitar\/wp-json\/wp\/v2\/media?parent=28335"}],"wp:term":[{"taxonomy":"category","embeddable":true,"href":"https:\/\/goias.gov.br\/policiamilitar\/wp-json\/wp\/v2\/categories?post=28335"},{"taxonomy":"post_tag","embeddable":true,"href":"https:\/\/goias.gov.br\/policiamilitar\/wp-json\/wp\/v2\/tags?post=28335"}],"curies":[{"name":"wp","href":"https:\/\/api.w.org\/{rel}","templated":true}]}}