

{"id":254034,"date":"2026-03-04T12:41:00","date_gmt":"2026-03-04T15:41:00","guid":{"rendered":"https:\/\/goias.gov.br\/policiamilitar\/?p=254034"},"modified":"2026-03-04T12:41:00","modified_gmt":"2026-03-04T15:41:00","slug":"aula-magna-do-curso-de-formacao-de-policia-penal","status":"publish","type":"post","link":"https:\/\/goias.gov.br\/policiamilitar\/aula-magna-do-curso-de-formacao-de-policia-penal\/","title":{"rendered":"AULA MAGNA DO CURSO DE FORMA\u00c7\u00c3O DE POL\u00cdCIA PENAL"},"content":{"rendered":"<p>A Pol\u00edcia Militar de Goi\u00e1s marcou presen\u00e7a, nesta ter\u00e7a-feira, 03\/03, na solenidade da aula magna do Curso de Forma\u00e7\u00e3o de Pol\u00edcia Penal.<\/p>\n<p>Estiveram presentes na solenidade o Governador do Estado de Goi\u00e1s, Ronaldo Caiado, o Vice-Governador, Daniel Vilela, a Primeira-Dama e Coordenadora do Goi\u00e1s Social, Gracinha Caiado, o Procurador-Geral do Estado, Dr. Cyro Terra, e o Comandante-Geral da PMGO, Coronel Marcelo Granja, al\u00e9m de diversas outras autoridades civis e militares.<\/p>\n<p>A aula magna, realizada no Centro Cultural Oscar Niemeyer, foi ministrada pelo Governador do Estado, Ronaldo Caiado. Na oportunidade, 424 alunos aprovados no \u00faltimo concurso come\u00e7aram o Curso de Forma\u00e7\u00e3o, que tem previs\u00e3o de 1.000 horas-aula. Desse total, 500 horas ser\u00e3o destinadas \u00e0 forma\u00e7\u00e3o pr\u00e1tica. As outras 500 horas-aula ser\u00e3o destinadas \u00e0 p\u00f3s-gradua\u00e7\u00e3o Lato sensu &#8211; a primeira do Pa\u00eds voltada especificamente para essa \u00e1rea.<\/p>\n<p>Pol\u00edcia Militar de Goi\u00e1s: Patrim\u00f4nio dos Goianos!<\/p>\n","protected":false},"excerpt":{"rendered":"<p>A Pol\u00edcia Militar de Goi\u00e1s marcou presen\u00e7a, nesta ter\u00e7a-feira, 03\/03, na solenidade da aula magna do Curso de Forma\u00e7\u00e3o de Pol\u00edcia Penal. Estiveram presentes na solenidade o Governador do Estado de Goi\u00e1s, Ronaldo Caiado, o Vice-Governador, Daniel Vilela, a Primeira-Dama e Coordenadora do Goi\u00e1s Social, Gracinha Caiado, o Procurador-Geral do Estado, Dr. Cyro Terra, e [&hellip;]<\/p>\n","protected":false},"author":888,"featured_media":254035,"comment_status":"closed","ping_status":"open","sticky":false,"template":"","format":"standard","meta":{"footnotes":""},"categories":[1,15],"tags":[],"class_list":["post-254034","post","type-post","status-publish","format-standard","has-post-thumbnail","hentry","category-noticias","category-destaques"],"rttpg_featured_image_url":{"full":["https:\/\/goias.gov.br\/policiamilitar\/wp-content\/uploads\/sites\/67\/2026\/03\/Copia-de-Novo-card-para-site-16.jpg",1920,1080,false],"landscape":["https:\/\/goias.gov.br\/policiamilitar\/wp-content\/uploads\/sites\/67\/2026\/03\/Copia-de-Novo-card-para-site-16.jpg",1920,1080,false],"portraits":["https:\/\/goias.gov.br\/policiamilitar\/wp-content\/uploads\/sites\/67\/2026\/03\/Copia-de-Novo-card-para-site-16.jpg",1920,1080,false],"thumbnail":["https:\/\/goias.gov.br\/policiamilitar\/wp-content\/uploads\/sites\/67\/2026\/03\/Copia-de-Novo-card-para-site-16-150x150.jpg",150,150,true],"medium":["https:\/\/goias.gov.br\/policiamilitar\/wp-content\/uploads\/sites\/67\/2026\/03\/Copia-de-Novo-card-para-site-16-300x169.jpg",300,169,true],"large":["https:\/\/goias.gov.br\/policiamilitar\/wp-content\/uploads\/sites\/67\/2026\/03\/Copia-de-Novo-card-para-site-16-1024x576.jpg",1024,576,true],"1536x1536":["https:\/\/goias.gov.br\/policiamilitar\/wp-content\/uploads\/sites\/67\/2026\/03\/Copia-de-Novo-card-para-site-16-1536x864.jpg",1536,864,true],"2048x2048":["https:\/\/goias.gov.br\/policiamilitar\/wp-content\/uploads\/sites\/67\/2026\/03\/Copia-de-Novo-card-para-site-16.jpg",1920,1080,false]},"rttpg_author":{"display_name":"jaielicarvalho","author_link":"https:\/\/goias.gov.br\/policiamilitar\/author\/jaielicarvalho\/"},"rttpg_comment":0,"rttpg_category":"<a href=\"https:\/\/goias.gov.br\/policiamilitar\/categoria\/noticias\/\" rel=\"category tag\">Not\u00edcias<\/a> <a href=\"https:\/\/goias.gov.br\/policiamilitar\/categoria\/noticias\/destaques\/\" rel=\"category tag\">Not\u00edcias em Destaque<\/a>","rttpg_excerpt":"A Pol\u00edcia Militar de Goi\u00e1s marcou presen\u00e7a, nesta ter\u00e7a-feira, 03\/03, na solenidade da aula magna do Curso de Forma\u00e7\u00e3o de Pol\u00edcia Penal. Estiveram presentes na solenidade o Governador do Estado de Goi\u00e1s, Ronaldo Caiado, o Vice-Governador, Daniel Vilela, a Primeira-Dama e Coordenadora do Goi\u00e1s Social, Gracinha Caiado, o Procurador-Geral do Estado, Dr. Cyro Terra, e&hellip;","_links":{"self":[{"href":"https:\/\/goias.gov.br\/policiamilitar\/wp-json\/wp\/v2\/posts\/254034","targetHints":{"allow":["GET"]}}],"collection":[{"href":"https:\/\/goias.gov.br\/policiamilitar\/wp-json\/wp\/v2\/posts"}],"about":[{"href":"https:\/\/goias.gov.br\/policiamilitar\/wp-json\/wp\/v2\/types\/post"}],"author":[{"embeddable":true,"href":"https:\/\/goias.gov.br\/policiamilitar\/wp-json\/wp\/v2\/users\/888"}],"replies":[{"embeddable":true,"href":"https:\/\/goias.gov.br\/policiamilitar\/wp-json\/wp\/v2\/comments?post=254034"}],"version-history":[{"count":1,"href":"https:\/\/goias.gov.br\/policiamilitar\/wp-json\/wp\/v2\/posts\/254034\/revisions"}],"predecessor-version":[{"id":254036,"href":"https:\/\/goias.gov.br\/policiamilitar\/wp-json\/wp\/v2\/posts\/254034\/revisions\/254036"}],"wp:featuredmedia":[{"embeddable":true,"href":"https:\/\/goias.gov.br\/policiamilitar\/wp-json\/wp\/v2\/media\/254035"}],"wp:attachment":[{"href":"https:\/\/goias.gov.br\/policiamilitar\/wp-json\/wp\/v2\/media?parent=254034"}],"wp:term":[{"taxonomy":"category","embeddable":true,"href":"https:\/\/goias.gov.br\/policiamilitar\/wp-json\/wp\/v2\/categories?post=254034"},{"taxonomy":"post_tag","embeddable":true,"href":"https:\/\/goias.gov.br\/policiamilitar\/wp-json\/wp\/v2\/tags?post=254034"}],"curies":[{"name":"wp","href":"https:\/\/api.w.org\/{rel}","templated":true}]}}