

{"id":252860,"date":"2026-02-18T15:12:43","date_gmt":"2026-02-18T18:12:43","guid":{"rendered":"https:\/\/goias.gov.br\/policiamilitar\/?p=252860"},"modified":"2026-02-18T17:27:26","modified_gmt":"2026-02-18T20:27:26","slug":"convite-dia-estadual-da-policial-feminina","status":"publish","type":"post","link":"https:\/\/goias.gov.br\/policiamilitar\/convite-dia-estadual-da-policial-feminina\/","title":{"rendered":"CONVITE &#8211; DIA ESTADUAL DA POLICIAL FEMININA"},"content":{"rendered":"<p>A Pol\u00edcia Militar do Estado de Goi\u00e1s tem a honra de convida V.S\u00aa e fam\u00edlia para participar da Solenidade alusiva ao Dia Estadual da Policial Feminina e comemora\u00e7\u00e3o dos 40 anos da Primeira Turma de Policiais Femininas da PMGO.<\/p>\n<p>&nbsp;<\/p>\n<p>Data: 20 de fevereiro de 2026 (sexta-feira)<\/p>\n<p>Hor\u00e1rio: 8h30<\/p>\n<p>Local: Comando da Academia de Pol\u00edcia Militar &#8211; CAPM<\/p>\n<p>Rua 252, n\u00ba 21, Setor Leste Universit\u00e1rio, Goi\u00e2nia.<\/p>\n<p>Traje Militar: Caracter\u00edstico da cada unidade<\/p>\n<p>Traje Civis: Esporte fino<\/p>\n","protected":false},"excerpt":{"rendered":"<p>A Pol\u00edcia Militar do Estado de Goi\u00e1s tem a honra de convida V.S\u00aa e fam\u00edlia para participar da Solenidade alusiva ao Dia Estadual da Policial Feminina e comemora\u00e7\u00e3o dos 40 anos da Primeira Turma de Policiais Femininas da PMGO. &nbsp; Data: 20 de fevereiro de 2026 (sexta-feira) Hor\u00e1rio: 8h30 Local: Comando da Academia de Pol\u00edcia [&hellip;]<\/p>\n","protected":false},"author":888,"featured_media":252868,"comment_status":"closed","ping_status":"open","sticky":false,"template":"","format":"standard","meta":{"footnotes":""},"categories":[1,15],"tags":[],"class_list":["post-252860","post","type-post","status-publish","format-standard","has-post-thumbnail","hentry","category-noticias","category-destaques"],"rttpg_featured_image_url":{"full":["https:\/\/goias.gov.br\/policiamilitar\/wp-content\/uploads\/sites\/67\/2026\/02\/WhatsApp-Image-2026-02-18-at-14.42.40.jpeg",1600,900,false],"landscape":["https:\/\/goias.gov.br\/policiamilitar\/wp-content\/uploads\/sites\/67\/2026\/02\/WhatsApp-Image-2026-02-18-at-14.42.40.jpeg",1600,900,false],"portraits":["https:\/\/goias.gov.br\/policiamilitar\/wp-content\/uploads\/sites\/67\/2026\/02\/WhatsApp-Image-2026-02-18-at-14.42.40.jpeg",1600,900,false],"thumbnail":["https:\/\/goias.gov.br\/policiamilitar\/wp-content\/uploads\/sites\/67\/2026\/02\/WhatsApp-Image-2026-02-18-at-14.42.40-150x150.jpeg",150,150,true],"medium":["https:\/\/goias.gov.br\/policiamilitar\/wp-content\/uploads\/sites\/67\/2026\/02\/WhatsApp-Image-2026-02-18-at-14.42.40-300x169.jpeg",300,169,true],"large":["https:\/\/goias.gov.br\/policiamilitar\/wp-content\/uploads\/sites\/67\/2026\/02\/WhatsApp-Image-2026-02-18-at-14.42.40-1024x576.jpeg",1024,576,true],"1536x1536":["https:\/\/goias.gov.br\/policiamilitar\/wp-content\/uploads\/sites\/67\/2026\/02\/WhatsApp-Image-2026-02-18-at-14.42.40-1536x864.jpeg",1536,864,true],"2048x2048":["https:\/\/goias.gov.br\/policiamilitar\/wp-content\/uploads\/sites\/67\/2026\/02\/WhatsApp-Image-2026-02-18-at-14.42.40.jpeg",1600,900,false]},"rttpg_author":{"display_name":"jaielicarvalho","author_link":"https:\/\/goias.gov.br\/policiamilitar\/author\/jaielicarvalho\/"},"rttpg_comment":0,"rttpg_category":"<a href=\"https:\/\/goias.gov.br\/policiamilitar\/categoria\/noticias\/\" rel=\"category tag\">Not\u00edcias<\/a> <a href=\"https:\/\/goias.gov.br\/policiamilitar\/categoria\/noticias\/destaques\/\" rel=\"category tag\">Not\u00edcias em Destaque<\/a>","rttpg_excerpt":"A Pol\u00edcia Militar do Estado de Goi\u00e1s tem a honra de convida V.S\u00aa e fam\u00edlia para participar da Solenidade alusiva ao Dia Estadual da Policial Feminina e comemora\u00e7\u00e3o dos 40 anos da Primeira Turma de Policiais Femininas da PMGO. &nbsp; Data: 20 de fevereiro de 2026 (sexta-feira) Hor\u00e1rio: 8h30 Local: Comando da Academia de Pol\u00edcia&hellip;","_links":{"self":[{"href":"https:\/\/goias.gov.br\/policiamilitar\/wp-json\/wp\/v2\/posts\/252860","targetHints":{"allow":["GET"]}}],"collection":[{"href":"https:\/\/goias.gov.br\/policiamilitar\/wp-json\/wp\/v2\/posts"}],"about":[{"href":"https:\/\/goias.gov.br\/policiamilitar\/wp-json\/wp\/v2\/types\/post"}],"author":[{"embeddable":true,"href":"https:\/\/goias.gov.br\/policiamilitar\/wp-json\/wp\/v2\/users\/888"}],"replies":[{"embeddable":true,"href":"https:\/\/goias.gov.br\/policiamilitar\/wp-json\/wp\/v2\/comments?post=252860"}],"version-history":[{"count":1,"href":"https:\/\/goias.gov.br\/policiamilitar\/wp-json\/wp\/v2\/posts\/252860\/revisions"}],"predecessor-version":[{"id":252862,"href":"https:\/\/goias.gov.br\/policiamilitar\/wp-json\/wp\/v2\/posts\/252860\/revisions\/252862"}],"wp:featuredmedia":[{"embeddable":true,"href":"https:\/\/goias.gov.br\/policiamilitar\/wp-json\/wp\/v2\/media\/252868"}],"wp:attachment":[{"href":"https:\/\/goias.gov.br\/policiamilitar\/wp-json\/wp\/v2\/media?parent=252860"}],"wp:term":[{"taxonomy":"category","embeddable":true,"href":"https:\/\/goias.gov.br\/policiamilitar\/wp-json\/wp\/v2\/categories?post=252860"},{"taxonomy":"post_tag","embeddable":true,"href":"https:\/\/goias.gov.br\/policiamilitar\/wp-json\/wp\/v2\/tags?post=252860"}],"curies":[{"name":"wp","href":"https:\/\/api.w.org\/{rel}","templated":true}]}}