

{"id":251396,"date":"2026-02-06T10:47:02","date_gmt":"2026-02-06T13:47:02","guid":{"rendered":"https:\/\/goias.gov.br\/policiamilitar\/?p=251396"},"modified":"2026-02-06T10:47:02","modified_gmt":"2026-02-06T13:47:02","slug":"publicacao-do-convenio-001-2026-pm-4","status":"publish","type":"post","link":"https:\/\/goias.gov.br\/policiamilitar\/publicacao-do-convenio-001-2026-pm-4\/","title":{"rendered":"PUBLICA\u00c7\u00c3O DO CONV\u00caNIO 001\/2026-PM\/4"},"content":{"rendered":"<p>Publica\u00e7\u00e3o do Conv\u00eanio n\u00ba 001\/2026\u00a0 que celebram entre si o Estado de Goi\u00e1s e o Munic\u00edpio de Jata\u00ed-Goi\u00e1s, para cess\u00e3o de servidor militar estadual.<\/p>\n<p><a href=\"https:\/\/goias.gov.br\/policiamilitar\/wp-content\/uploads\/sites\/67\/2026\/02\/PUBLICACAO-DO-EXTRATO-DO-CONVENIO-No-001-2026-PM.pdf\">PUBLICA\u00c7\u00c3O DO EXTRATO DO CONV\u00caNIO N\u00ba 001-2026-PM<\/a><\/p>\n<p>&nbsp;<\/p>\n<p>ALYSON FERREIRA SOBRINHO CARNEIRO &#8211; CORONEL PM<\/p>\n<p>Chefe da Quarta Se\u00e7\u00e3o do Estado-Maior Estrat\u00e9gico<\/p>\n<p>&nbsp;<\/p>\n<p><strong>Quarta Se\u00e7\u00e3o do Estado-Maior Estrat\u00e9gico da PMGO &#8211; PM\/4<br \/>\nAvenida Contorno\u00a0n\u00ba\u00a0879 &#8211;\u00a0Centro &#8211;\u00a0Goi\u00e2nia-Goi\u00e1s\u00a0&#8211;\u00a0CEP: 74.055-140<br \/>\nTelefone: (62) 3201-1810<br \/>\n<\/strong><\/p>\n<p><strong>E-mail:\u00a0<u><a href=\"mailto:quartasecaoeme@gmail.com\"><em>quartasecaoeme@gmail.com<\/em><\/a><\/u><\/strong><\/p>\n","protected":false},"excerpt":{"rendered":"<p>Publica\u00e7\u00e3o do Conv\u00eanio n\u00ba 001\/2026\u00a0 que celebram entre si o Estado de Goi\u00e1s e o Munic\u00edpio de Jata\u00ed-Goi\u00e1s, para cess\u00e3o de servidor militar estadual. PUBLICA\u00c7\u00c3O DO EXTRATO DO CONV\u00caNIO N\u00ba 001-2026-PM &nbsp; ALYSON FERREIRA SOBRINHO CARNEIRO &#8211; CORONEL PM Chefe da Quarta Se\u00e7\u00e3o do Estado-Maior Estrat\u00e9gico &nbsp; Quarta Se\u00e7\u00e3o do Estado-Maior Estrat\u00e9gico da PMGO &#8211; [&hellip;]<\/p>\n","protected":false},"author":888,"featured_media":251399,"comment_status":"closed","ping_status":"open","sticky":false,"template":"","format":"standard","meta":{"footnotes":""},"categories":[1,15],"tags":[],"class_list":["post-251396","post","type-post","status-publish","format-standard","has-post-thumbnail","hentry","category-noticias","category-destaques"],"rttpg_featured_image_url":{"full":["https:\/\/goias.gov.br\/policiamilitar\/wp-content\/uploads\/sites\/67\/2026\/02\/CONVENIO-001.pdf-1.jpg",2123,1159,false],"landscape":["https:\/\/goias.gov.br\/policiamilitar\/wp-content\/uploads\/sites\/67\/2026\/02\/CONVENIO-001.pdf-1.jpg",2123,1159,false],"portraits":["https:\/\/goias.gov.br\/policiamilitar\/wp-content\/uploads\/sites\/67\/2026\/02\/CONVENIO-001.pdf-1.jpg",2123,1159,false],"thumbnail":["https:\/\/goias.gov.br\/policiamilitar\/wp-content\/uploads\/sites\/67\/2026\/02\/CONVENIO-001.pdf-1-150x150.jpg",150,150,true],"medium":["https:\/\/goias.gov.br\/policiamilitar\/wp-content\/uploads\/sites\/67\/2026\/02\/CONVENIO-001.pdf-1-300x164.jpg",300,164,true],"large":["https:\/\/goias.gov.br\/policiamilitar\/wp-content\/uploads\/sites\/67\/2026\/02\/CONVENIO-001.pdf-1-1024x559.jpg",1024,559,true],"1536x1536":["https:\/\/goias.gov.br\/policiamilitar\/wp-content\/uploads\/sites\/67\/2026\/02\/CONVENIO-001.pdf-1-1536x839.jpg",1536,839,true],"2048x2048":["https:\/\/goias.gov.br\/policiamilitar\/wp-content\/uploads\/sites\/67\/2026\/02\/CONVENIO-001.pdf-1-2048x1118.jpg",2048,1118,true]},"rttpg_author":{"display_name":"jaielicarvalho","author_link":"https:\/\/goias.gov.br\/policiamilitar\/author\/jaielicarvalho\/"},"rttpg_comment":0,"rttpg_category":"<a href=\"https:\/\/goias.gov.br\/policiamilitar\/categoria\/noticias\/\" rel=\"category tag\">Not\u00edcias<\/a> <a href=\"https:\/\/goias.gov.br\/policiamilitar\/categoria\/noticias\/destaques\/\" rel=\"category tag\">Not\u00edcias em Destaque<\/a>","rttpg_excerpt":"Publica\u00e7\u00e3o do Conv\u00eanio n\u00ba 001\/2026\u00a0 que celebram entre si o Estado de Goi\u00e1s e o Munic\u00edpio de Jata\u00ed-Goi\u00e1s, para cess\u00e3o de servidor militar estadual. PUBLICA\u00c7\u00c3O DO EXTRATO DO CONV\u00caNIO N\u00ba 001-2026-PM &nbsp; ALYSON FERREIRA SOBRINHO CARNEIRO &#8211; CORONEL PM Chefe da Quarta Se\u00e7\u00e3o do Estado-Maior Estrat\u00e9gico &nbsp; Quarta Se\u00e7\u00e3o do Estado-Maior Estrat\u00e9gico da PMGO &#8211;&hellip;","_links":{"self":[{"href":"https:\/\/goias.gov.br\/policiamilitar\/wp-json\/wp\/v2\/posts\/251396","targetHints":{"allow":["GET"]}}],"collection":[{"href":"https:\/\/goias.gov.br\/policiamilitar\/wp-json\/wp\/v2\/posts"}],"about":[{"href":"https:\/\/goias.gov.br\/policiamilitar\/wp-json\/wp\/v2\/types\/post"}],"author":[{"embeddable":true,"href":"https:\/\/goias.gov.br\/policiamilitar\/wp-json\/wp\/v2\/users\/888"}],"replies":[{"embeddable":true,"href":"https:\/\/goias.gov.br\/policiamilitar\/wp-json\/wp\/v2\/comments?post=251396"}],"version-history":[{"count":1,"href":"https:\/\/goias.gov.br\/policiamilitar\/wp-json\/wp\/v2\/posts\/251396\/revisions"}],"predecessor-version":[{"id":251400,"href":"https:\/\/goias.gov.br\/policiamilitar\/wp-json\/wp\/v2\/posts\/251396\/revisions\/251400"}],"wp:featuredmedia":[{"embeddable":true,"href":"https:\/\/goias.gov.br\/policiamilitar\/wp-json\/wp\/v2\/media\/251399"}],"wp:attachment":[{"href":"https:\/\/goias.gov.br\/policiamilitar\/wp-json\/wp\/v2\/media?parent=251396"}],"wp:term":[{"taxonomy":"category","embeddable":true,"href":"https:\/\/goias.gov.br\/policiamilitar\/wp-json\/wp\/v2\/categories?post=251396"},{"taxonomy":"post_tag","embeddable":true,"href":"https:\/\/goias.gov.br\/policiamilitar\/wp-json\/wp\/v2\/tags?post=251396"}],"curies":[{"name":"wp","href":"https:\/\/api.w.org\/{rel}","templated":true}]}}