

{"id":246182,"date":"2025-12-16T19:50:26","date_gmt":"2025-12-16T22:50:26","guid":{"rendered":"https:\/\/goias.gov.br\/policiamilitar\/?p=246182"},"modified":"2025-12-16T19:50:26","modified_gmt":"2025-12-16T22:50:26","slug":"nota-de-falecimento-1o-sargento-genivan-almeida","status":"publish","type":"post","link":"https:\/\/goias.gov.br\/policiamilitar\/nota-de-falecimento-1o-sargento-genivan-almeida\/","title":{"rendered":"NOTA DE FALECIMENTO &#8211; 1\u00ba SARGENTO GENIVAN ALMEIDA"},"content":{"rendered":"<p>&#x1f54a;&#xfe0f; NOTA DE FALECIMENTO<\/p>\n<p>\u00c9 com imenso pesar que a Pol\u00edcia Militar comunica o falecimento do 1\u00b0 Sargento PM Genivan Almeida, que ocorreu na data de hoje, dia 16\/12\/2025, no munic\u00edpio de Senador Canedo-GO.<\/p>\n<p>Vel\u00f3rio: dia 16\/12\/2025, \u00e0s 20h, no Cemit\u00e9rio Municipal de Senador Canedo\u2013GO.<\/p>\n<p>Sepultamento: dia 17\/12\/2025, \u00e0s 11h, no Cemit\u00e9rio Municipal de Senador Canedo\u2013GO.<\/p>\n<p>A Pol\u00edcia Militar lamenta profundamente este acontecimento e deseja que Deus, em sua infinita miseric\u00f3rdia, possa confortar o cora\u00e7\u00e3o dos amigos e familiares do Sargento Genivan Almeida.<\/p>\n","protected":false},"excerpt":{"rendered":"<p>&#x1f54a;&#xfe0f; NOTA DE FALECIMENTO \u00c9 com imenso pesar que a Pol\u00edcia Militar comunica o falecimento do 1\u00b0 Sargento PM Genivan Almeida, que ocorreu na data de hoje, dia 16\/12\/2025, no munic\u00edpio de Senador Canedo-GO. Vel\u00f3rio: dia 16\/12\/2025, \u00e0s 20h, no Cemit\u00e9rio Municipal de Senador Canedo\u2013GO. Sepultamento: dia 17\/12\/2025, \u00e0s 11h, no Cemit\u00e9rio Municipal de Senador [&hellip;]<\/p>\n","protected":false},"author":850,"featured_media":246183,"comment_status":"closed","ping_status":"open","sticky":false,"template":"","format":"standard","meta":{"footnotes":""},"categories":[1,15],"tags":[],"class_list":["post-246182","post","type-post","status-publish","format-standard","has-post-thumbnail","hentry","category-noticias","category-destaques"],"rttpg_featured_image_url":{"full":["https:\/\/goias.gov.br\/policiamilitar\/wp-content\/uploads\/sites\/67\/2025\/12\/Copia-de-PM-da-Ativa-Luto-site.jpg",1200,642,false],"landscape":["https:\/\/goias.gov.br\/policiamilitar\/wp-content\/uploads\/sites\/67\/2025\/12\/Copia-de-PM-da-Ativa-Luto-site.jpg",1200,642,false],"portraits":["https:\/\/goias.gov.br\/policiamilitar\/wp-content\/uploads\/sites\/67\/2025\/12\/Copia-de-PM-da-Ativa-Luto-site.jpg",1200,642,false],"thumbnail":["https:\/\/goias.gov.br\/policiamilitar\/wp-content\/uploads\/sites\/67\/2025\/12\/Copia-de-PM-da-Ativa-Luto-site-150x150.jpg",150,150,true],"medium":["https:\/\/goias.gov.br\/policiamilitar\/wp-content\/uploads\/sites\/67\/2025\/12\/Copia-de-PM-da-Ativa-Luto-site-300x161.jpg",300,161,true],"large":["https:\/\/goias.gov.br\/policiamilitar\/wp-content\/uploads\/sites\/67\/2025\/12\/Copia-de-PM-da-Ativa-Luto-site-1024x548.jpg",1024,548,true],"1536x1536":["https:\/\/goias.gov.br\/policiamilitar\/wp-content\/uploads\/sites\/67\/2025\/12\/Copia-de-PM-da-Ativa-Luto-site.jpg",1200,642,false],"2048x2048":["https:\/\/goias.gov.br\/policiamilitar\/wp-content\/uploads\/sites\/67\/2025\/12\/Copia-de-PM-da-Ativa-Luto-site.jpg",1200,642,false]},"rttpg_author":{"display_name":"carolinecunha","author_link":"https:\/\/goias.gov.br\/policiamilitar\/author\/carolinecunha\/"},"rttpg_comment":0,"rttpg_category":"<a href=\"https:\/\/goias.gov.br\/policiamilitar\/categoria\/noticias\/\" rel=\"category tag\">Not\u00edcias<\/a> <a href=\"https:\/\/goias.gov.br\/policiamilitar\/categoria\/noticias\/destaques\/\" rel=\"category tag\">Not\u00edcias em Destaque<\/a>","rttpg_excerpt":"&#x1f54a;&#xfe0f; NOTA DE FALECIMENTO \u00c9 com imenso pesar que a Pol\u00edcia Militar comunica o falecimento do 1\u00b0 Sargento PM Genivan Almeida, que ocorreu na data de hoje, dia 16\/12\/2025, no munic\u00edpio de Senador Canedo-GO. Vel\u00f3rio: dia 16\/12\/2025, \u00e0s 20h, no Cemit\u00e9rio Municipal de Senador Canedo\u2013GO. Sepultamento: dia 17\/12\/2025, \u00e0s 11h, no Cemit\u00e9rio Municipal de Senador&hellip;","_links":{"self":[{"href":"https:\/\/goias.gov.br\/policiamilitar\/wp-json\/wp\/v2\/posts\/246182","targetHints":{"allow":["GET"]}}],"collection":[{"href":"https:\/\/goias.gov.br\/policiamilitar\/wp-json\/wp\/v2\/posts"}],"about":[{"href":"https:\/\/goias.gov.br\/policiamilitar\/wp-json\/wp\/v2\/types\/post"}],"author":[{"embeddable":true,"href":"https:\/\/goias.gov.br\/policiamilitar\/wp-json\/wp\/v2\/users\/850"}],"replies":[{"embeddable":true,"href":"https:\/\/goias.gov.br\/policiamilitar\/wp-json\/wp\/v2\/comments?post=246182"}],"version-history":[{"count":1,"href":"https:\/\/goias.gov.br\/policiamilitar\/wp-json\/wp\/v2\/posts\/246182\/revisions"}],"predecessor-version":[{"id":246184,"href":"https:\/\/goias.gov.br\/policiamilitar\/wp-json\/wp\/v2\/posts\/246182\/revisions\/246184"}],"wp:featuredmedia":[{"embeddable":true,"href":"https:\/\/goias.gov.br\/policiamilitar\/wp-json\/wp\/v2\/media\/246183"}],"wp:attachment":[{"href":"https:\/\/goias.gov.br\/policiamilitar\/wp-json\/wp\/v2\/media?parent=246182"}],"wp:term":[{"taxonomy":"category","embeddable":true,"href":"https:\/\/goias.gov.br\/policiamilitar\/wp-json\/wp\/v2\/categories?post=246182"},{"taxonomy":"post_tag","embeddable":true,"href":"https:\/\/goias.gov.br\/policiamilitar\/wp-json\/wp\/v2\/tags?post=246182"}],"curies":[{"name":"wp","href":"https:\/\/api.w.org\/{rel}","templated":true}]}}