

{"id":21935,"date":"2021-07-15T16:06:49","date_gmt":"2021-07-15T19:06:49","guid":{"rendered":"https:\/\/goias.gov.br\/policiamilitar\/?p=21935"},"modified":"2021-07-15T16:06:49","modified_gmt":"2021-07-15T19:06:49","slug":"seguranca-publica-direito-dever-e-responsabilidade","status":"publish","type":"post","link":"https:\/\/goias.gov.br\/policiamilitar\/seguranca-publica-direito-dever-e-responsabilidade\/","title":{"rendered":"Seguran\u00e7a P\u00fablica: direito, dever e responsabilidade"},"content":{"rendered":"<p style=\"text-align: justify\">A seguran\u00e7a p\u00fablica \u00e9, antes de qualquer acep\u00e7\u00e3o, um direito de todos, sob o ponto de vista individual e social. Sendo um direito que, unido aos demais, propiciam uma maior qualidade de vida e edifica a m\u00e1xima da dignidade da pessoa humana, \u00e9 dever do Estado garantir. Mas al\u00e9m de um direito, a seguran\u00e7a p\u00fablica \u00e9 uma responsabilidade coletiva, ditame preceituado em nossa Constitui\u00e7\u00e3o. O Estado garante a seguran\u00e7a, a preserva\u00e7\u00e3o da ordem p\u00fablica e da incolumidade das pessoas e do patrim\u00f4nio, atrav\u00e9s das pol\u00edcias, seja na esfera federal ou estadual, como \u00e9 o caso da Pol\u00edcia Militar.<\/p>\n<p style=\"text-align: justify\">Na teoria, pensar em seguran\u00e7a envolve v\u00e1rios \u00f3rg\u00e3os, al\u00e9m do Minist\u00e9rio da Justi\u00e7a, controle de fronteiras e sistema carcer\u00e1rio, por exemplo. Na pr\u00e1tica, e no nosso recorte de seguran\u00e7a p\u00fablica nas ruas, o termo \u00e9 diretamente associado \u00e0 Pol\u00edcia Militar. \u00c9 a PM quem faz o patrulhamento ostensivo, priorizando a preven\u00e7\u00e3o, embora assuma uma postura repressiva por vezes. Nos dias atuais, a Pol\u00edcia Militar, al\u00e9m de suas atribui\u00e7\u00f5es constitucionais, desempenha v\u00e1rias outras fun\u00e7\u00f5es que, direta ou indiretamente, influenciam no cotidiano das pessoas, seja atuando, orientando, colaborando com todos os segmentos da comunidade, diminuindo conflitos e proporcionando a seguran\u00e7a que a comunidade anseia.<\/p>\n<p style=\"text-align: justify\">Seguran\u00e7a p\u00fablica \u00e9 algo complexo e, pelo fato de o Brasil ser um pa\u00eds continental, com in\u00fameras peculiaridades, \u00e9 de extrema import\u00e2ncia considerar os contextos locais. Assim, a Pol\u00edcia Militar do Estado de Goi\u00e1s atua sempre atenta \u00e0s principais exig\u00eancias do povo goiano, priorizando o policiamento comunit\u00e1rio, a proximidade da sociedade, a participa\u00e7\u00e3o e presen\u00e7a constantes no meio social. A PMGO tem sempre em mente que o entendimento das peculiaridades locais, as boas pr\u00e1ticas, o profissionalismo e a prioriza\u00e7\u00e3o das inova\u00e7\u00f5es e t\u00e9cnicas, s\u00e3o pontos chave para o sucesso da seguran\u00e7a em Goi\u00e1s, por isto veste a farda como sacerd\u00f3cio!<\/p>\n<p>Pol\u00edcia Militar de Goi\u00e1s: Patrim\u00f4nio dos Goianos!<\/p>\n","protected":false},"excerpt":{"rendered":"<p>A seguran\u00e7a p\u00fablica \u00e9, antes de qualquer acep\u00e7\u00e3o, um direito de todos, sob o ponto de vista individual e social. Sendo um direito que, unido aos demais, propiciam uma maior qualidade de vida e edifica a m\u00e1xima da dignidade da pessoa humana, \u00e9 dever do Estado garantir. Mas al\u00e9m de um direito, a seguran\u00e7a p\u00fablica [&hellip;]<\/p>\n","protected":false},"author":84,"featured_media":21936,"comment_status":"closed","ping_status":"closed","sticky":false,"template":"","format":"standard","meta":{"footnotes":""},"categories":[1],"tags":[],"class_list":["post-21935","post","type-post","status-publish","format-standard","has-post-thumbnail","hentry","category-noticias"],"rttpg_featured_image_url":{"full":["https:\/\/goias.gov.br\/policiamilitar\/wp-content\/uploads\/sites\/67\/2021\/07\/photo5152260537017542993.jpg",1200,642,false],"landscape":["https:\/\/goias.gov.br\/policiamilitar\/wp-content\/uploads\/sites\/67\/2021\/07\/photo5152260537017542993.jpg",1200,642,false],"portraits":["https:\/\/goias.gov.br\/policiamilitar\/wp-content\/uploads\/sites\/67\/2021\/07\/photo5152260537017542993.jpg",1200,642,false],"thumbnail":["https:\/\/goias.gov.br\/policiamilitar\/wp-content\/uploads\/sites\/67\/2021\/07\/photo5152260537017542993-400x400.jpg",150,150,true],"medium":["https:\/\/goias.gov.br\/policiamilitar\/wp-content\/uploads\/sites\/67\/2021\/07\/photo5152260537017542993-800x428.jpg",300,161,true],"large":["https:\/\/goias.gov.br\/policiamilitar\/wp-content\/uploads\/sites\/67\/2021\/07\/photo5152260537017542993-1080x578.jpg",1024,548,true],"1536x1536":["https:\/\/goias.gov.br\/policiamilitar\/wp-content\/uploads\/sites\/67\/2021\/07\/photo5152260537017542993.jpg",1200,642,false],"2048x2048":["https:\/\/goias.gov.br\/policiamilitar\/wp-content\/uploads\/sites\/67\/2021\/07\/photo5152260537017542993.jpg",1200,642,false]},"rttpg_author":{"display_name":"adriano.vieira@goias.gov.br","author_link":"https:\/\/goias.gov.br\/policiamilitar\/author\/adriano-vieiragoias-gov-br\/"},"rttpg_comment":0,"rttpg_category":"<a href=\"https:\/\/goias.gov.br\/policiamilitar\/categoria\/noticias\/\" rel=\"category tag\">Not\u00edcias<\/a>","rttpg_excerpt":"A seguran\u00e7a p\u00fablica \u00e9, antes de qualquer acep\u00e7\u00e3o, um direito de todos, sob o ponto de vista individual e social. Sendo um direito que, unido aos demais, propiciam uma maior qualidade de vida e edifica a m\u00e1xima da dignidade da pessoa humana, \u00e9 dever do Estado garantir. Mas al\u00e9m de um direito, a seguran\u00e7a p\u00fablica&hellip;","_links":{"self":[{"href":"https:\/\/goias.gov.br\/policiamilitar\/wp-json\/wp\/v2\/posts\/21935","targetHints":{"allow":["GET"]}}],"collection":[{"href":"https:\/\/goias.gov.br\/policiamilitar\/wp-json\/wp\/v2\/posts"}],"about":[{"href":"https:\/\/goias.gov.br\/policiamilitar\/wp-json\/wp\/v2\/types\/post"}],"author":[{"embeddable":true,"href":"https:\/\/goias.gov.br\/policiamilitar\/wp-json\/wp\/v2\/users\/84"}],"replies":[{"embeddable":true,"href":"https:\/\/goias.gov.br\/policiamilitar\/wp-json\/wp\/v2\/comments?post=21935"}],"version-history":[{"count":0,"href":"https:\/\/goias.gov.br\/policiamilitar\/wp-json\/wp\/v2\/posts\/21935\/revisions"}],"wp:featuredmedia":[{"embeddable":true,"href":"https:\/\/goias.gov.br\/policiamilitar\/wp-json\/wp\/v2\/media\/21936"}],"wp:attachment":[{"href":"https:\/\/goias.gov.br\/policiamilitar\/wp-json\/wp\/v2\/media?parent=21935"}],"wp:term":[{"taxonomy":"category","embeddable":true,"href":"https:\/\/goias.gov.br\/policiamilitar\/wp-json\/wp\/v2\/categories?post=21935"},{"taxonomy":"post_tag","embeddable":true,"href":"https:\/\/goias.gov.br\/policiamilitar\/wp-json\/wp\/v2\/tags?post=21935"}],"curies":[{"name":"wp","href":"https:\/\/api.w.org\/{rel}","templated":true}]}}