

{"id":14223,"date":"2021-01-13T11:50:45","date_gmt":"2021-01-13T14:50:45","guid":{"rendered":"https:\/\/goias.gov.br\/policiamilitar\/?p=14223"},"modified":"2021-01-13T11:54:09","modified_gmt":"2021-01-13T14:54:09","slug":"nota-de-falecimento-prefeito-licenciado-maguito-vilela","status":"publish","type":"post","link":"https:\/\/goias.gov.br\/policiamilitar\/nota-de-falecimento-prefeito-licenciado-maguito-vilela\/","title":{"rendered":"Nota de falecimento: Prefeito Licenciado Maguito Vilela"},"content":{"rendered":"<p style=\"text-align: justify\">Foi com imenso pesar que a Policia Militar de Goi\u00e1s foi surpreendida com a not\u00edcia do falecimento do prefeito licenciado de Goi\u00e2nia, Maguito Vilela.<\/p>\n<p style=\"text-align: justify\">O ex governador, que possui uma carreira pol\u00edtica exemplar, \u00a0lutava contra a COVID-19 e\u00a0 estava internado desde o dia 22 de outubro de 2020.<\/p>\n<p>A Pol\u00edcia Militar do Estado de Goi\u00e1s se solidariza e deseja que Deus, em sua infinita miseric\u00f3rdia, d\u00ea for\u00e7as a todos os familiares e amigos para suportar uma perda t\u00e3o significativa!<\/p>\n","protected":false},"excerpt":{"rendered":"<p>Foi com imenso pesar que a Policia Militar de Goi\u00e1s foi surpreendida com a not\u00edcia do falecimento do prefeito licenciado de Goi\u00e2nia, Maguito Vilela. O ex governador, que possui uma carreira pol\u00edtica exemplar, \u00a0lutava contra a COVID-19 e\u00a0 estava internado desde o dia 22 de outubro de 2020. A Pol\u00edcia Militar do Estado de Goi\u00e1s [&hellip;]<\/p>\n","protected":false},"author":116,"featured_media":14224,"comment_status":"closed","ping_status":"closed","sticky":false,"template":"","format":"standard","meta":{"footnotes":""},"categories":[1,15],"tags":[],"class_list":["post-14223","post","type-post","status-publish","format-standard","has-post-thumbnail","hentry","category-noticias","category-destaques"],"rttpg_featured_image_url":{"full":["https:\/\/goias.gov.br\/policiamilitar\/wp-content\/uploads\/sites\/67\/2021\/01\/nota-de-falecimento-prefeito-licenciado-maguito-vilela.jpeg",1200,642,false],"landscape":["https:\/\/goias.gov.br\/policiamilitar\/wp-content\/uploads\/sites\/67\/2021\/01\/nota-de-falecimento-prefeito-licenciado-maguito-vilela.jpeg",1200,642,false],"portraits":["https:\/\/goias.gov.br\/policiamilitar\/wp-content\/uploads\/sites\/67\/2021\/01\/nota-de-falecimento-prefeito-licenciado-maguito-vilela.jpeg",1200,642,false],"thumbnail":["https:\/\/goias.gov.br\/policiamilitar\/wp-content\/uploads\/sites\/67\/2021\/01\/nota-de-falecimento-prefeito-licenciado-maguito-vilela-400x400.jpeg",150,150,true],"medium":["https:\/\/goias.gov.br\/policiamilitar\/wp-content\/uploads\/sites\/67\/2021\/01\/nota-de-falecimento-prefeito-licenciado-maguito-vilela-800x428.jpeg",300,161,true],"large":["https:\/\/goias.gov.br\/policiamilitar\/wp-content\/uploads\/sites\/67\/2021\/01\/nota-de-falecimento-prefeito-licenciado-maguito-vilela-1080x578.jpeg",1024,548,true],"1536x1536":["https:\/\/goias.gov.br\/policiamilitar\/wp-content\/uploads\/sites\/67\/2021\/01\/nota-de-falecimento-prefeito-licenciado-maguito-vilela.jpeg",1200,642,false],"2048x2048":["https:\/\/goias.gov.br\/policiamilitar\/wp-content\/uploads\/sites\/67\/2021\/01\/nota-de-falecimento-prefeito-licenciado-maguito-vilela.jpeg",1200,642,false]},"rttpg_author":{"display_name":"nubiamorais","author_link":"https:\/\/goias.gov.br\/policiamilitar\/author\/nubiamorais\/"},"rttpg_comment":0,"rttpg_category":"<a href=\"https:\/\/goias.gov.br\/policiamilitar\/categoria\/noticias\/\" rel=\"category tag\">Not\u00edcias<\/a> <a href=\"https:\/\/goias.gov.br\/policiamilitar\/categoria\/noticias\/destaques\/\" rel=\"category tag\">Not\u00edcias em Destaque<\/a>","rttpg_excerpt":"Foi com imenso pesar que a Policia Militar de Goi\u00e1s foi surpreendida com a not\u00edcia do falecimento do prefeito licenciado de Goi\u00e2nia, Maguito Vilela. O ex governador, que possui uma carreira pol\u00edtica exemplar, \u00a0lutava contra a COVID-19 e\u00a0 estava internado desde o dia 22 de outubro de 2020. A Pol\u00edcia Militar do Estado de Goi\u00e1s&hellip;","_links":{"self":[{"href":"https:\/\/goias.gov.br\/policiamilitar\/wp-json\/wp\/v2\/posts\/14223","targetHints":{"allow":["GET"]}}],"collection":[{"href":"https:\/\/goias.gov.br\/policiamilitar\/wp-json\/wp\/v2\/posts"}],"about":[{"href":"https:\/\/goias.gov.br\/policiamilitar\/wp-json\/wp\/v2\/types\/post"}],"author":[{"embeddable":true,"href":"https:\/\/goias.gov.br\/policiamilitar\/wp-json\/wp\/v2\/users\/116"}],"replies":[{"embeddable":true,"href":"https:\/\/goias.gov.br\/policiamilitar\/wp-json\/wp\/v2\/comments?post=14223"}],"version-history":[{"count":0,"href":"https:\/\/goias.gov.br\/policiamilitar\/wp-json\/wp\/v2\/posts\/14223\/revisions"}],"wp:featuredmedia":[{"embeddable":true,"href":"https:\/\/goias.gov.br\/policiamilitar\/wp-json\/wp\/v2\/media\/14224"}],"wp:attachment":[{"href":"https:\/\/goias.gov.br\/policiamilitar\/wp-json\/wp\/v2\/media?parent=14223"}],"wp:term":[{"taxonomy":"category","embeddable":true,"href":"https:\/\/goias.gov.br\/policiamilitar\/wp-json\/wp\/v2\/categories?post=14223"},{"taxonomy":"post_tag","embeddable":true,"href":"https:\/\/goias.gov.br\/policiamilitar\/wp-json\/wp\/v2\/tags?post=14223"}],"curies":[{"name":"wp","href":"https:\/\/api.w.org\/{rel}","templated":true}]}}