

{"id":12148,"date":"2020-11-20T12:39:29","date_gmt":"2020-11-20T15:39:29","guid":{"rendered":"https:\/\/goias.gov.br\/policiamilitar\/?p=12148"},"modified":"2020-11-23T17:08:50","modified_gmt":"2020-11-23T20:08:50","slug":"dia-nacional-da-consciencia-negra","status":"publish","type":"post","link":"https:\/\/goias.gov.br\/policiamilitar\/dia-nacional-da-consciencia-negra\/","title":{"rendered":"Dia Nacional da Consci\u00eancia Negra"},"content":{"rendered":"<p style=\"text-align: justify;\">Em coincid\u00eancia ao dia da morte de Zumbi dos Palmares, um dos maiores l\u00edderes negros do Brasil, o calend\u00e1rio nacional marca o dia 20 de novembro como o dia da Consci\u00eancia Negra.<\/p>\n<p style=\"text-align: justify;\">A hist\u00f3ria \u00e9 repleta de personalidades negras que foram importantes nas mais diversas \u00e1reas, apesar das adversidades.<\/p>\n<p style=\"text-align: justify;\">Os negros est\u00e3o alcan\u00e7ando, atrav\u00e9s dos processos hist\u00f3ricos de luta, representatividade, igualdade e sucesso.<\/p>\n<p style=\"text-align: justify;\">A ascens\u00e3o do povo negro est\u00e1 acontecendo e \u00e9 preciso celebrar cada passo dado rumo ao progresso e \u00e0 emancipa\u00e7\u00e3o. Representantes de origem negra est\u00e3o se destacando dentro de organiza\u00e7\u00f5es, empresas, institui\u00e7\u00f5es e no mercado de trabalho, em geral.<\/p>\n<p style=\"text-align: justify;\">A cultura do povo negro, que constitui mais de 50% da popula\u00e7\u00e3o brasileira, sua religi\u00e3o, dan\u00e7as, culin\u00e1ria e costumes tamb\u00e9m s\u00e3o extremamente relevantes pois, contribuem com o objetivo de acabar com o preconceito existente e disseminam uma rica parte da hist\u00f3ria tradicional do nosso pa\u00eds.<\/p>\n<p style=\"text-align: justify;\">Manifesta\u00e7\u00f5es art\u00edsticas que remetem ao cotidiano africano tamb\u00e9m tomam lugar de destaque.<\/p>\n<p style=\"text-align: justify;\">As conquistas do povo negro e a valoriza\u00e7\u00e3o de sua identidade caminham juntas, por isso hoje \u00e9 um dia no qual, sobretudo, refor\u00e7amos o reconhecimento da cultura negra como parte integrante e essencial da cultura brasileira.<\/p>\n<p style=\"text-align: justify;\">Ainda h\u00e1 muito a se conquistar e a Pol\u00edcia Militar de Goi\u00e1s tem a honra de fazer parte dessa hist\u00f3ria, desejando um futuro ainda melhor, onde cada vez mais a igualdade seja real, e a diversidade \u00e9tnico-racial brasileira seja valorizada, respeitada e genu\u00edna.<\/p>\n<p style=\"text-align: justify;\">Texto: SD Caroline Albuquerque\/PM5<\/p>\n","protected":false},"excerpt":{"rendered":"<p>Em coincid\u00eancia ao dia da morte de Zumbi dos Palmares, um dos maiores l\u00edderes negros do Brasil, o calend\u00e1rio nacional marca o dia 20 de novembro como o dia da Consci\u00eancia Negra. A hist\u00f3ria \u00e9 repleta de personalidades negras que foram importantes nas mais diversas \u00e1reas, apesar das adversidades. Os negros est\u00e3o alcan\u00e7ando, atrav\u00e9s dos [&hellip;]<\/p>\n","protected":false},"author":74,"featured_media":12190,"comment_status":"closed","ping_status":"closed","sticky":false,"template":"","format":"standard","meta":{"footnotes":""},"categories":[1],"tags":[],"class_list":["post-12148","post","type-post","status-publish","format-standard","has-post-thumbnail","hentry","category-noticias"],"rttpg_featured_image_url":{"full":["https:\/\/goias.gov.br\/policiamilitar\/wp-content\/uploads\/sites\/67\/2020\/11\/dia-nacional-da-consciencia-negra.png",1200,670,false],"landscape":["https:\/\/goias.gov.br\/policiamilitar\/wp-content\/uploads\/sites\/67\/2020\/11\/dia-nacional-da-consciencia-negra.png",1200,670,false],"portraits":["https:\/\/goias.gov.br\/policiamilitar\/wp-content\/uploads\/sites\/67\/2020\/11\/dia-nacional-da-consciencia-negra.png",1200,670,false],"thumbnail":["https:\/\/goias.gov.br\/policiamilitar\/wp-content\/uploads\/sites\/67\/2020\/11\/dia-nacional-da-consciencia-negra-400x400.png",150,150,true],"medium":["https:\/\/goias.gov.br\/policiamilitar\/wp-content\/uploads\/sites\/67\/2020\/11\/dia-nacional-da-consciencia-negra-800x447.png",300,168,true],"large":["https:\/\/goias.gov.br\/policiamilitar\/wp-content\/uploads\/sites\/67\/2020\/11\/dia-nacional-da-consciencia-negra-1080x603.png",1024,572,true],"1536x1536":["https:\/\/goias.gov.br\/policiamilitar\/wp-content\/uploads\/sites\/67\/2020\/11\/dia-nacional-da-consciencia-negra.png",1200,670,false],"2048x2048":["https:\/\/goias.gov.br\/policiamilitar\/wp-content\/uploads\/sites\/67\/2020\/11\/dia-nacional-da-consciencia-negra.png",1200,670,false]},"rttpg_author":{"display_name":"tatianaor","author_link":"https:\/\/goias.gov.br\/policiamilitar\/author\/tatianaor\/"},"rttpg_comment":0,"rttpg_category":"<a href=\"https:\/\/goias.gov.br\/policiamilitar\/categoria\/noticias\/\" rel=\"category tag\">Not\u00edcias<\/a>","rttpg_excerpt":"Em coincid\u00eancia ao dia da morte de Zumbi dos Palmares, um dos maiores l\u00edderes negros do Brasil, o calend\u00e1rio nacional marca o dia 20 de novembro como o dia da Consci\u00eancia Negra. A hist\u00f3ria \u00e9 repleta de personalidades negras que foram importantes nas mais diversas \u00e1reas, apesar das adversidades. Os negros est\u00e3o alcan\u00e7ando, atrav\u00e9s dos&hellip;","_links":{"self":[{"href":"https:\/\/goias.gov.br\/policiamilitar\/wp-json\/wp\/v2\/posts\/12148","targetHints":{"allow":["GET"]}}],"collection":[{"href":"https:\/\/goias.gov.br\/policiamilitar\/wp-json\/wp\/v2\/posts"}],"about":[{"href":"https:\/\/goias.gov.br\/policiamilitar\/wp-json\/wp\/v2\/types\/post"}],"author":[{"embeddable":true,"href":"https:\/\/goias.gov.br\/policiamilitar\/wp-json\/wp\/v2\/users\/74"}],"replies":[{"embeddable":true,"href":"https:\/\/goias.gov.br\/policiamilitar\/wp-json\/wp\/v2\/comments?post=12148"}],"version-history":[{"count":0,"href":"https:\/\/goias.gov.br\/policiamilitar\/wp-json\/wp\/v2\/posts\/12148\/revisions"}],"wp:featuredmedia":[{"embeddable":true,"href":"https:\/\/goias.gov.br\/policiamilitar\/wp-json\/wp\/v2\/media\/12190"}],"wp:attachment":[{"href":"https:\/\/goias.gov.br\/policiamilitar\/wp-json\/wp\/v2\/media?parent=12148"}],"wp:term":[{"taxonomy":"category","embeddable":true,"href":"https:\/\/goias.gov.br\/policiamilitar\/wp-json\/wp\/v2\/categories?post=12148"},{"taxonomy":"post_tag","embeddable":true,"href":"https:\/\/goias.gov.br\/policiamilitar\/wp-json\/wp\/v2\/tags?post=12148"}],"curies":[{"name":"wp","href":"https:\/\/api.w.org\/{rel}","templated":true}]}}