

{"id":11248,"date":"2020-10-27T11:05:06","date_gmt":"2020-10-27T14:05:06","guid":{"rendered":"https:\/\/goias.gov.br\/policiamilitar\/?p=11248"},"modified":"2020-11-02T10:42:31","modified_gmt":"2020-11-02T13:42:31","slug":"assessoria-de-comunicacao-da-pmgo-recebe-visita-de-idealizadores-do-projeto-teamamos","status":"publish","type":"post","link":"https:\/\/goias.gov.br\/policiamilitar\/assessoria-de-comunicacao-da-pmgo-recebe-visita-de-idealizadores-do-projeto-teamamos\/","title":{"rendered":"Assessoria de Comunica\u00e7\u00e3o da PMGO recebe visita de idealizadores do Projeto TEAmamos"},"content":{"rendered":"<p style=\"text-align: justify;\">A Assessoria de Comunica\u00e7\u00e3o Social da Pol\u00edcia Militar de Goi\u00e1s &#8211; PM5 recebeu na manh\u00e3 dessa ter\u00e7a-feira, 27 de outubro, representando o comandante do 16\u00b0 Comando Regional da PMGO, Coronel Marco T\u00falio Pereira da Costa, a 1\u00aa Tenente Robertta Vieira Gomides, assessora de comunica\u00e7\u00e3o, e Amanda Ferro, idealizadora do projeto TEAmamos.<\/p>\n<p style=\"text-align: justify;\">O projeto TEAmamos \u00e9 voltado para fam\u00edlias, educadores e profissionais que convivem com crian\u00e7as\/adolescentes dentro do Transtorno do Espectro Autista (TEA).<\/p>\n<p style=\"text-align: justify;\">O objetivo da visita foi propor uma parceria entre a PMGO e os parceiros envolvidos nesse importante projeto, que tem como miss\u00e3o oferecer informa\u00e7\u00e3o te\u00f3rica e aplicabilidade na rotina da crian\u00e7a, auxiliando no tratamento do TEA.<\/p>\n<p style=\"text-align: justify;\">Pol\u00edcia Militar de Goi\u00e1s, patrim\u00f4nio dos goianos.<\/p>\n","protected":false},"excerpt":{"rendered":"<p>A Assessoria de Comunica\u00e7\u00e3o Social da Pol\u00edcia Militar de Goi\u00e1s &#8211; PM5 recebeu na manh\u00e3 dessa ter\u00e7a-feira, 27 de outubro, representando o comandante do 16\u00b0 Comando Regional da PMGO, Coronel Marco T\u00falio Pereira da Costa, a 1\u00aa Tenente Robertta Vieira Gomides, assessora de comunica\u00e7\u00e3o, e Amanda Ferro, idealizadora do projeto TEAmamos. O projeto TEAmamos \u00e9 [&hellip;]<\/p>\n","protected":false},"author":74,"featured_media":11249,"comment_status":"closed","ping_status":"closed","sticky":false,"template":"","format":"standard","meta":{"footnotes":""},"categories":[1],"tags":[],"class_list":["post-11248","post","type-post","status-publish","format-standard","has-post-thumbnail","hentry","category-noticias"],"rttpg_featured_image_url":{"full":["https:\/\/goias.gov.br\/policiamilitar\/wp-content\/uploads\/sites\/67\/2020\/10\/visita-tc-cardoso.jpg",1080,890,false],"landscape":["https:\/\/goias.gov.br\/policiamilitar\/wp-content\/uploads\/sites\/67\/2020\/10\/visita-tc-cardoso.jpg",1080,890,false],"portraits":["https:\/\/goias.gov.br\/policiamilitar\/wp-content\/uploads\/sites\/67\/2020\/10\/visita-tc-cardoso.jpg",1080,890,false],"thumbnail":["https:\/\/goias.gov.br\/policiamilitar\/wp-content\/uploads\/sites\/67\/2020\/10\/visita-tc-cardoso-400x400.jpg",150,150,true],"medium":["https:\/\/goias.gov.br\/policiamilitar\/wp-content\/uploads\/sites\/67\/2020\/10\/visita-tc-cardoso-800x659.jpg",300,247,true],"large":["https:\/\/goias.gov.br\/policiamilitar\/wp-content\/uploads\/sites\/67\/2020\/10\/visita-tc-cardoso.jpg",1024,844,false],"1536x1536":["https:\/\/goias.gov.br\/policiamilitar\/wp-content\/uploads\/sites\/67\/2020\/10\/visita-tc-cardoso.jpg",1080,890,false],"2048x2048":["https:\/\/goias.gov.br\/policiamilitar\/wp-content\/uploads\/sites\/67\/2020\/10\/visita-tc-cardoso.jpg",1080,890,false]},"rttpg_author":{"display_name":"tatianaor","author_link":"https:\/\/goias.gov.br\/policiamilitar\/author\/tatianaor\/"},"rttpg_comment":0,"rttpg_category":"<a href=\"https:\/\/goias.gov.br\/policiamilitar\/categoria\/noticias\/\" rel=\"category tag\">Not\u00edcias<\/a>","rttpg_excerpt":"A Assessoria de Comunica\u00e7\u00e3o Social da Pol\u00edcia Militar de Goi\u00e1s &#8211; PM5 recebeu na manh\u00e3 dessa ter\u00e7a-feira, 27 de outubro, representando o comandante do 16\u00b0 Comando Regional da PMGO, Coronel Marco T\u00falio Pereira da Costa, a 1\u00aa Tenente Robertta Vieira Gomides, assessora de comunica\u00e7\u00e3o, e Amanda Ferro, idealizadora do projeto TEAmamos. O projeto TEAmamos \u00e9&hellip;","_links":{"self":[{"href":"https:\/\/goias.gov.br\/policiamilitar\/wp-json\/wp\/v2\/posts\/11248","targetHints":{"allow":["GET"]}}],"collection":[{"href":"https:\/\/goias.gov.br\/policiamilitar\/wp-json\/wp\/v2\/posts"}],"about":[{"href":"https:\/\/goias.gov.br\/policiamilitar\/wp-json\/wp\/v2\/types\/post"}],"author":[{"embeddable":true,"href":"https:\/\/goias.gov.br\/policiamilitar\/wp-json\/wp\/v2\/users\/74"}],"replies":[{"embeddable":true,"href":"https:\/\/goias.gov.br\/policiamilitar\/wp-json\/wp\/v2\/comments?post=11248"}],"version-history":[{"count":0,"href":"https:\/\/goias.gov.br\/policiamilitar\/wp-json\/wp\/v2\/posts\/11248\/revisions"}],"wp:featuredmedia":[{"embeddable":true,"href":"https:\/\/goias.gov.br\/policiamilitar\/wp-json\/wp\/v2\/media\/11249"}],"wp:attachment":[{"href":"https:\/\/goias.gov.br\/policiamilitar\/wp-json\/wp\/v2\/media?parent=11248"}],"wp:term":[{"taxonomy":"category","embeddable":true,"href":"https:\/\/goias.gov.br\/policiamilitar\/wp-json\/wp\/v2\/categories?post=11248"},{"taxonomy":"post_tag","embeddable":true,"href":"https:\/\/goias.gov.br\/policiamilitar\/wp-json\/wp\/v2\/tags?post=11248"}],"curies":[{"name":"wp","href":"https:\/\/api.w.org\/{rel}","templated":true}]}}