

{"id":9957,"date":"2012-05-16T17:03:24","date_gmt":"2012-05-16T20:03:24","guid":{"rendered":"https:\/\/goias.gov.br\/policiacivil\/?p=9957"},"modified":"2012-06-27T06:59:45","modified_gmt":"2012-06-27T09:59:45","slug":"requiem-para-um-amigo","status":"publish","type":"post","link":"https:\/\/goias.gov.br\/policiacivil\/requiem-para-um-amigo\/","title":{"rendered":"R\u00e9quiem para um amigo"},"content":{"rendered":"<p><a href=\" https:\/\/goias.gov.br\/policiacivil\/wp-content\/uploads\/sites\/71\/sites\/71\/2012\/05\/Maria-Jose-Sa.jpg\"><img decoding=\"async\" class=\"alignleft size-medium wp-image-9967\" title=\"R\u00e9quiem para um amigo\" src=\" https:\/\/goias.gov.br\/policiacivil\/wp-content\/uploads\/sites\/71\/sites\/71\/2012\/05\/Maria-Jose-Sa-199x200.jpg\" alt=\"\" width=\"199\" height=\"200\" srcset=\"https:\/\/goias.gov.br\/policiacivil\/wp-content\/uploads\/sites\/71\/2012\/05\/Maria-Jose-Sa-199x200.jpg 199w, https:\/\/goias.gov.br\/policiacivil\/wp-content\/uploads\/sites\/71\/2012\/05\/Maria-Jose-Sa-150x150.jpg 150w, https:\/\/goias.gov.br\/policiacivil\/wp-content\/uploads\/sites\/71\/2012\/05\/Maria-Jose-Sa-300x300.jpg 300w, https:\/\/goias.gov.br\/policiacivil\/wp-content\/uploads\/sites\/71\/2012\/05\/Maria-Jose-Sa-299x300.jpg 299w, https:\/\/goias.gov.br\/policiacivil\/wp-content\/uploads\/sites\/71\/2012\/05\/Maria-Jose-Sa.jpg 400w\" sizes=\"(max-width: 199px) 100vw, 199px\" \/><\/a>Maria Jos\u00e9 S\u00e1<\/p>\n<p style=\"text-align: justify;\">Sou jornalista e, nesses \u00faltimos 20 anos, tive contato quase que di\u00e1rio com o dr. Jorge Moreira, que acabou se transformando em um grande amigo. Fomos apresentados pelo meu saudoso colega Orlando do Carmo Arantes, de quem fui estagi\u00e1ria em O Popular. Anos depois, trabalhei na Editoria de Pol\u00edcia do Di\u00e1rio da Manh\u00e3 e, mais recentemente, fui rep\u00f3rter de Cidades de O Hoje.<\/p>\n<p style=\"text-align: justify;\">Nessa jornada \u00e1rdua, tive a honra de acompanhar a rotina de trabalho de grandes profissionais goianos, como o dr. Cl\u00e9lio, que era titular da Deic quando comecei no jornalismo; o perito super-inteligente dr. Leonardo Rodrigues, que foi homenageado tendo seu nome no Instituto de Criminal\u00edstica; a organiza\u00e7\u00e3o do dr. Gilberto Ferro \u00e9 marcante; o dr. Jer\u00f4nimo, que atualmente est\u00e1 em An\u00e1polis \u00e9 uma figura!<\/p>\n<p style=\"text-align: justify;\">S\u00e3o in\u00fameros delegados, escriv\u00e3es e agentes que marcaram a minha trajet\u00f3ria, muitos j\u00e1 aposentados. Alguns deixaram de ser meras &#8220;fontes&#8221; e passaram a ser amigos, e o dr. Jorge Moreira \u00e9 um deles.<\/p>\n<p style=\"text-align: justify;\">H\u00e1 de se ressaltar que eu nunca tra\u00ed a confian\u00e7a de nenhuma fonte, o que me causou in\u00fameros problemas com meus chefes editores, sempre \u00e1vidos por &#8220;manchetes&#8221;, algumas vezes sem se importar com o lado humano por tr\u00e1s das not\u00edcias e suas consequ\u00eancias&#8230;<\/p>\n<p style=\"text-align: justify;\">Passei por v\u00e1rios empregos, mas sempre carreguei minhas fontes comigo, em sigilo.<\/p>\n<p style=\"text-align: justify;\">Por duas d\u00e9cadas, eu vi nos olhos do dr. Jorge Moreira o brilho da satisfa\u00e7\u00e3o do dever cumprido, todas as vezes que um inqu\u00e9rito era conclu\u00eddo com \u00eaxito. Mas tamb\u00e9m acompanhei, de perto, momentos de ang\u00fastia e desespero quando algum crime n\u00e3o era elucidado dentro do prazo.<\/p>\n<p style=\"text-align: justify;\">Observadora e caladinha, foram muitas vezes que descobri &#8220;coisas&#8221;, que os colegas n\u00e3o descobriam. E muitas vezes o dr. Jorge me chamava para conversar e explicava detalhadamente porque eu n\u00e3o poderia divulgar tal informa\u00e7\u00e3o.<\/p>\n<p style=\"text-align: justify;\">Eu explicava que n\u00e3o podia chegar na reda\u00e7\u00e3o de m\u00e3os abanando, ent\u00e3o ele me pedia um tempo. Passados alguns minutos, ele me chamava novamente e me dava algumas sugest\u00f5es de pauta, em troca do meu sil\u00eancio sobre o &#8220;outro tema&#8221;.<\/p>\n<p style=\"text-align: justify;\">Nessas &#8220;negocia\u00e7\u00f5es&#8221; surgiu uma enorme cumplicidade entre n\u00f3s. Ele me explicava a natureza do trabalho dele e vice-versa. Assim passaram-se duas d\u00e9cadas.<\/p>\n<p style=\"text-align: justify;\">Faz 1 ano que sa\u00ed de cena, ap\u00f3s perder o movimento da perna esquerda, em consequ\u00eancia de um acidente. Escapei de ter que dar essa not\u00edcia terr\u00edvel da queda do helic\u00f3ptero. Fiquei muito mal, \u00e9 como se fosse um familiar muito pr\u00f3ximo. Nem tenho visto os notici\u00e1rios na tv, porque d\u00f3i muito quando vejo a foto do Dr. Jorge Moreira.<\/p>\n<p style=\"text-align: justify;\">No nosso \u00faltimo encontro, h\u00e1 pouco mais de 1 ano, ele me deu uma pauta, em troca do meu sil\u00eancio em outra. Nosso \u00faltimo encontro, na Delegacia de Homic\u00eddios, foi marcado por um dos nossos &#8220;acordos silenciosos&#8221;.<\/p>\n<p style=\"text-align: justify;\">N\u00e3o se pode confiar em jornalistas e ter sido digna da confian\u00e7a de um profissional t\u00e3o perspicaz \u00e9 uma honra.<\/p>\n<p style=\"text-align: justify;\">Que Deus conforte as fam\u00edlias desses profissionais destemidos, que trabalhavam com amor e sempre colocaram a seguran\u00e7a da sociedade acima de tudo.<\/p>\n<p style=\"text-align: justify;\">Maria Jos\u00e9 S\u00e1<\/p>\n<p style=\"text-align: justify;\"><!--more--><\/p>\n","protected":false},"excerpt":{"rendered":"<p>Maria Jos\u00e9 S\u00e1 \u00e9 jornalista.<\/p>\n","protected":false},"author":4,"featured_media":9967,"comment_status":"open","ping_status":"closed","sticky":false,"template":"","format":"standard","meta":{"footnotes":""},"categories":[29],"tags":[197,1317,1316,1315],"class_list":["post-9957","post","type-post","status-publish","format-standard","has-post-thumbnail","hentry","category-artigos","tag-artigos-2","tag-jorge-moreira","tag-maria-jose","tag-requiem"],"rttpg_featured_image_url":{"full":["https:\/\/goias.gov.br\/policiacivil\/wp-content\/uploads\/sites\/71\/2012\/05\/Maria-Jose-Sa.jpg",400,402,false],"landscape":["https:\/\/goias.gov.br\/policiacivil\/wp-content\/uploads\/sites\/71\/2012\/05\/Maria-Jose-Sa.jpg",400,402,false],"portraits":["https:\/\/goias.gov.br\/policiacivil\/wp-content\/uploads\/sites\/71\/2012\/05\/Maria-Jose-Sa.jpg",400,402,false],"thumbnail":["https:\/\/goias.gov.br\/policiacivil\/wp-content\/uploads\/sites\/71\/2012\/05\/Maria-Jose-Sa-150x150.jpg",150,150,true],"medium":["https:\/\/goias.gov.br\/policiacivil\/wp-content\/uploads\/sites\/71\/2012\/05\/Maria-Jose-Sa-300x300.jpg",300,300,true],"large":["https:\/\/goias.gov.br\/policiacivil\/wp-content\/uploads\/sites\/71\/2012\/05\/Maria-Jose-Sa-299x300.jpg",299,300,true],"1536x1536":["https:\/\/goias.gov.br\/policiacivil\/wp-content\/uploads\/sites\/71\/2012\/05\/Maria-Jose-Sa.jpg",400,402,false],"2048x2048":["https:\/\/goias.gov.br\/policiacivil\/wp-content\/uploads\/sites\/71\/2012\/05\/Maria-Jose-Sa.jpg",400,402,false]},"rttpg_author":{"display_name":"","author_link":"https:\/\/goias.gov.br\/policiacivil\/author\/"},"rttpg_comment":0,"rttpg_category":"<a href=\"https:\/\/goias.gov.br\/policiacivil\/categoria\/artigos\/\" rel=\"category tag\">Artigos<\/a>","rttpg_excerpt":"Maria Jos\u00e9 S\u00e1 \u00e9 jornalista.","_links":{"self":[{"href":"https:\/\/goias.gov.br\/policiacivil\/wp-json\/wp\/v2\/posts\/9957","targetHints":{"allow":["GET"]}}],"collection":[{"href":"https:\/\/goias.gov.br\/policiacivil\/wp-json\/wp\/v2\/posts"}],"about":[{"href":"https:\/\/goias.gov.br\/policiacivil\/wp-json\/wp\/v2\/types\/post"}],"author":[{"embeddable":true,"href":"https:\/\/goias.gov.br\/policiacivil\/wp-json\/wp\/v2\/users\/4"}],"replies":[{"embeddable":true,"href":"https:\/\/goias.gov.br\/policiacivil\/wp-json\/wp\/v2\/comments?post=9957"}],"version-history":[{"count":0,"href":"https:\/\/goias.gov.br\/policiacivil\/wp-json\/wp\/v2\/posts\/9957\/revisions"}],"wp:featuredmedia":[{"embeddable":true,"href":"https:\/\/goias.gov.br\/policiacivil\/wp-json\/wp\/v2\/media\/9967"}],"wp:attachment":[{"href":"https:\/\/goias.gov.br\/policiacivil\/wp-json\/wp\/v2\/media?parent=9957"}],"wp:term":[{"taxonomy":"category","embeddable":true,"href":"https:\/\/goias.gov.br\/policiacivil\/wp-json\/wp\/v2\/categories?post=9957"},{"taxonomy":"post_tag","embeddable":true,"href":"https:\/\/goias.gov.br\/policiacivil\/wp-json\/wp\/v2\/tags?post=9957"}],"curies":[{"name":"wp","href":"https:\/\/api.w.org\/{rel}","templated":true}]}}