

{"id":98059,"date":"2022-02-03T10:00:31","date_gmt":"2022-02-03T13:00:31","guid":{"rendered":" https:\/\/goias.gov.br\/policiacivil\/?p=98059"},"modified":"2022-02-03T14:49:02","modified_gmt":"2022-02-03T17:49:02","slug":"presa-em-flagrante-mae-que-sufocou-bebe-de-3-anos-apos-chegar-em-casa-embriagada-em-valparaiso","status":"publish","type":"post","link":"https:\/\/goias.gov.br\/policiacivil\/presa-em-flagrante-mae-que-sufocou-bebe-de-3-anos-apos-chegar-em-casa-embriagada-em-valparaiso\/","title":{"rendered":"Presa em flagrante m\u00e3e que sufocou beb\u00ea de 3 anos ap\u00f3s chegar em casa embriagada, em Valpara\u00edso"},"content":{"rendered":"<p style=\"text-align: justify;\"><img fetchpriority=\"high\" decoding=\"async\" class=\" wp-image-98060 alignleft\" src=\" https:\/\/goias.gov.br\/policiacivil\/wp-content\/uploads\/sites\/71\/2022\/02\/deam-valparaiso-500x375.jpeg\" alt=\"\" width=\"360\" height=\"270\" srcset=\"https:\/\/goias.gov.br\/policiacivil\/wp-content\/uploads\/sites\/71\/2022\/02\/deam-valparaiso-500x375.jpeg 500w, https:\/\/goias.gov.br\/policiacivil\/wp-content\/uploads\/sites\/71\/2022\/02\/deam-valparaiso-768x576.jpeg 768w, https:\/\/goias.gov.br\/policiacivil\/wp-content\/uploads\/sites\/71\/2022\/02\/deam-valparaiso-80x60.jpeg 80w, https:\/\/goias.gov.br\/policiacivil\/wp-content\/uploads\/sites\/71\/2022\/02\/deam-valparaiso-160x120.jpeg 160w, https:\/\/goias.gov.br\/policiacivil\/wp-content\/uploads\/sites\/71\/2022\/02\/deam-valparaiso-265x198.jpeg 265w, https:\/\/goias.gov.br\/policiacivil\/wp-content\/uploads\/sites\/71\/2022\/02\/deam-valparaiso-530x396.jpeg 530w, https:\/\/goias.gov.br\/policiacivil\/wp-content\/uploads\/sites\/71\/2022\/02\/deam-valparaiso-696x522.jpeg 696w, https:\/\/goias.gov.br\/policiacivil\/wp-content\/uploads\/sites\/71\/2022\/02\/deam-valparaiso-560x420.jpeg 560w, https:\/\/goias.gov.br\/policiacivil\/wp-content\/uploads\/sites\/71\/2022\/02\/deam-valparaiso.jpeg 1024w\" sizes=\"(max-width: 360px) 100vw, 360px\" \/>Na quarta-feira (02), a Pol\u00edcia Civil, por meio da equipe da Delegacia Especializada no Atendimento \u00e0 Mulher (Deam) de Valpara\u00edso de Goi\u00e1s, prendeu em flagrante autora de les\u00e3o corporal praticada em ambiente dom\u00e9stico e familiar contra uma crian\u00e7a de 3 anos de idade. Na madrugada do dia 02, a autora chegou embriagada em casa e, irritada com seu filho de apenas 3 anos de idade, passou a sufoc\u00e1-lo com o peso do seu corpo e com suas m\u00e3os. Durante a pr\u00e1tica dos maus-tratos, a autora lesionou o rosto da crian\u00e7a.<\/p>\n<p style=\"text-align: justify;\">Assim que os fatos chegaram ao conhecimento da Deam, no in\u00edcio do expediente, uma equipe de policiais se deslocou at\u00e9 a resid\u00eancia onde ocorreu o crime e conduziu autora, v\u00edtima e testemunhas at\u00e9 a delegacia. A les\u00e3o corporal provocada na crian\u00e7a, embora negada pela conduzida, foi confirmada pelas testemunhas e por laudo pericial.\u00a0Foi lavrado o flagrante quanto ao crime de les\u00e3o corporal no ambiente dom\u00e9stico e familiar. A autora foi colocada em liberdade ap\u00f3s o pagamento da fian\u00e7a. A crian\u00e7a foi entregue ao seu genitor, ex-companheiro da autora.\u00a0Havendo evid\u00eancias de outras situa\u00e7\u00f5es anteriores de maus-tratos contra a mesma crian\u00e7a, foi instaurado inqu\u00e9rito policial para a apura\u00e7\u00e3o de todos os fatos.<\/p>\n","protected":false},"excerpt":{"rendered":"<p>Na quarta-feira (02), a Pol\u00edcia Civil, por meio da equipe da Delegacia Especializada no Atendimento \u00e0 Mulher (Deam) de Valpara\u00edso de Goi\u00e1s, prendeu em flagrante autora de les\u00e3o corporal praticada em ambiente dom\u00e9stico e familiar contra uma crian\u00e7a de 3 anos de idade. Na madrugada do dia 02, a autora chegou embriagada em casa e, [&hellip;]<\/p>\n","protected":false},"author":34,"featured_media":98060,"comment_status":"closed","ping_status":"closed","sticky":false,"template":"","format":"standard","meta":{"footnotes":""},"categories":[3192,2538,6069,89],"tags":[9349,2033],"class_list":["post-98059","post","type-post","status-publish","format-standard","has-post-thumbnail","hentry","category-5a-regional","category-delegacias","category-noticias-da-policia-civil","category-regionais","tag-bebe-sufocado","tag-valparaiso"],"rttpg_featured_image_url":{"full":["https:\/\/goias.gov.br\/policiacivil\/wp-content\/uploads\/sites\/71\/2022\/02\/deam-valparaiso.jpeg",1024,768,false],"landscape":["https:\/\/goias.gov.br\/policiacivil\/wp-content\/uploads\/sites\/71\/2022\/02\/deam-valparaiso.jpeg",1024,768,false],"portraits":["https:\/\/goias.gov.br\/policiacivil\/wp-content\/uploads\/sites\/71\/2022\/02\/deam-valparaiso.jpeg",1024,768,false],"thumbnail":["https:\/\/goias.gov.br\/policiacivil\/wp-content\/uploads\/sites\/71\/2022\/02\/deam-valparaiso-300x300.jpeg",150,150,true],"medium":["https:\/\/goias.gov.br\/policiacivil\/wp-content\/uploads\/sites\/71\/2022\/02\/deam-valparaiso-500x375.jpeg",300,225,true],"large":["https:\/\/goias.gov.br\/policiacivil\/wp-content\/uploads\/sites\/71\/2022\/02\/deam-valparaiso.jpeg",1024,768,false],"1536x1536":["https:\/\/goias.gov.br\/policiacivil\/wp-content\/uploads\/sites\/71\/2022\/02\/deam-valparaiso.jpeg",1024,768,false],"2048x2048":["https:\/\/goias.gov.br\/policiacivil\/wp-content\/uploads\/sites\/71\/2022\/02\/deam-valparaiso.jpeg",1024,768,false]},"rttpg_author":{"display_name":"celsoassis","author_link":"https:\/\/goias.gov.br\/policiacivil\/author\/celsoassis\/"},"rttpg_comment":0,"rttpg_category":"<a href=\"https:\/\/goias.gov.br\/policiacivil\/categoria\/drp\/5a-regional\/\" rel=\"category tag\">5\u00aa Regional<\/a> <a href=\"https:\/\/goias.gov.br\/policiacivil\/categoria\/delegacias\/\" rel=\"category tag\">Delegacias<\/a> <a href=\"https:\/\/goias.gov.br\/policiacivil\/categoria\/noticias\/noticias-da-policia-civil\/\" rel=\"category tag\">Not\u00edcias da Pol\u00edcia Civil<\/a> <a href=\"https:\/\/goias.gov.br\/policiacivil\/categoria\/delegacias\/regionais\/\" rel=\"category tag\">Regionais<\/a>","rttpg_excerpt":"Na quarta-feira (02), a Pol\u00edcia Civil, por meio da equipe da Delegacia Especializada no Atendimento \u00e0 Mulher (Deam) de Valpara\u00edso de Goi\u00e1s, prendeu em flagrante autora de les\u00e3o corporal praticada em ambiente dom\u00e9stico e familiar contra uma crian\u00e7a de 3 anos de idade. Na madrugada do dia 02, a autora chegou embriagada em casa e,&hellip;","_links":{"self":[{"href":"https:\/\/goias.gov.br\/policiacivil\/wp-json\/wp\/v2\/posts\/98059","targetHints":{"allow":["GET"]}}],"collection":[{"href":"https:\/\/goias.gov.br\/policiacivil\/wp-json\/wp\/v2\/posts"}],"about":[{"href":"https:\/\/goias.gov.br\/policiacivil\/wp-json\/wp\/v2\/types\/post"}],"author":[{"embeddable":true,"href":"https:\/\/goias.gov.br\/policiacivil\/wp-json\/wp\/v2\/users\/34"}],"replies":[{"embeddable":true,"href":"https:\/\/goias.gov.br\/policiacivil\/wp-json\/wp\/v2\/comments?post=98059"}],"version-history":[{"count":1,"href":"https:\/\/goias.gov.br\/policiacivil\/wp-json\/wp\/v2\/posts\/98059\/revisions"}],"predecessor-version":[{"id":98061,"href":"https:\/\/goias.gov.br\/policiacivil\/wp-json\/wp\/v2\/posts\/98059\/revisions\/98061"}],"wp:featuredmedia":[{"embeddable":true,"href":"https:\/\/goias.gov.br\/policiacivil\/wp-json\/wp\/v2\/media\/98060"}],"wp:attachment":[{"href":"https:\/\/goias.gov.br\/policiacivil\/wp-json\/wp\/v2\/media?parent=98059"}],"wp:term":[{"taxonomy":"category","embeddable":true,"href":"https:\/\/goias.gov.br\/policiacivil\/wp-json\/wp\/v2\/categories?post=98059"},{"taxonomy":"post_tag","embeddable":true,"href":"https:\/\/goias.gov.br\/policiacivil\/wp-json\/wp\/v2\/tags?post=98059"}],"curies":[{"name":"wp","href":"https:\/\/api.w.org\/{rel}","templated":true}]}}