

{"id":97678,"date":"2022-01-25T17:54:26","date_gmt":"2022-01-25T20:54:26","guid":{"rendered":" https:\/\/goias.gov.br\/policiacivil\/?p=97678"},"modified":"2022-01-25T17:54:26","modified_gmt":"2022-01-25T20:54:26","slug":"pc-e-pm-fazem-operacao-conjunta-em-porteirao","status":"publish","type":"post","link":"https:\/\/goias.gov.br\/policiacivil\/pc-e-pm-fazem-operacao-conjunta-em-porteirao\/","title":{"rendered":"PC e PM fazem opera\u00e7\u00e3o conjunta em Porteir\u00e3o"},"content":{"rendered":"<p style=\"text-align: justify;\"><a href=\" https:\/\/goias.gov.br\/policiacivil\/wp-content\/uploads\/sites\/71\/2022\/01\/whatsapp-image-2022-01-25-at-17.40.22.jpeg\"><img fetchpriority=\"high\" decoding=\"async\" class=\" wp-image-97680 alignleft\" src=\" https:\/\/goias.gov.br\/policiacivil\/wp-content\/uploads\/sites\/71\/2022\/01\/whatsapp-image-2022-01-25-at-17.40.22-500x375.jpeg\" alt=\"\" width=\"359\" height=\"269\" srcset=\"https:\/\/goias.gov.br\/policiacivil\/wp-content\/uploads\/sites\/71\/2022\/01\/whatsapp-image-2022-01-25-at-17.40.22-500x375.jpeg 500w, https:\/\/goias.gov.br\/policiacivil\/wp-content\/uploads\/sites\/71\/2022\/01\/whatsapp-image-2022-01-25-at-17.40.22-768x576.jpeg 768w, https:\/\/goias.gov.br\/policiacivil\/wp-content\/uploads\/sites\/71\/2022\/01\/whatsapp-image-2022-01-25-at-17.40.22-80x60.jpeg 80w, https:\/\/goias.gov.br\/policiacivil\/wp-content\/uploads\/sites\/71\/2022\/01\/whatsapp-image-2022-01-25-at-17.40.22-160x120.jpeg 160w, https:\/\/goias.gov.br\/policiacivil\/wp-content\/uploads\/sites\/71\/2022\/01\/whatsapp-image-2022-01-25-at-17.40.22-265x198.jpeg 265w, https:\/\/goias.gov.br\/policiacivil\/wp-content\/uploads\/sites\/71\/2022\/01\/whatsapp-image-2022-01-25-at-17.40.22-530x396.jpeg 530w, https:\/\/goias.gov.br\/policiacivil\/wp-content\/uploads\/sites\/71\/2022\/01\/whatsapp-image-2022-01-25-at-17.40.22-696x522.jpeg 696w, https:\/\/goias.gov.br\/policiacivil\/wp-content\/uploads\/sites\/71\/2022\/01\/whatsapp-image-2022-01-25-at-17.40.22-560x420.jpeg 560w, https:\/\/goias.gov.br\/policiacivil\/wp-content\/uploads\/sites\/71\/2022\/01\/whatsapp-image-2022-01-25-at-17.40.22.jpeg 1068w\" sizes=\"(max-width: 359px) 100vw, 359px\" \/><\/a>A Pol\u00edcia Civil e a Pol\u00edcia Militar realizaram, na manh\u00e3 de hoje (25), uma opera\u00e7\u00e3o para o combate ao tr\u00e1fico de drogas e outros delitos, a qual contou com a presen\u00e7a de 20 policiais, entre civis e militares. A opera\u00e7\u00e3o foi realizada na cidade de Porteir\u00e3o, onde foram cumpridos 8 mandados de busca e apreens\u00e3o, resultando na apreens\u00e3o de duas armas de fogo, deten\u00e7\u00e3o de uma pessoa por posse de entorpecente e pris\u00e3o de um foragido da Justi\u00e7a pelo crime de homic\u00eddio.<\/p>\n<p>&nbsp;<\/p>\n","protected":false},"excerpt":{"rendered":"<p>A Pol\u00edcia Civil e a Pol\u00edcia Militar realizaram, na manh\u00e3 de hoje (25), uma opera\u00e7\u00e3o para o combate ao tr\u00e1fico de drogas e outros delitos, a qual contou com a presen\u00e7a de 20 policiais, entre civis e militares. A opera\u00e7\u00e3o foi realizada na cidade de Porteir\u00e3o, onde foram cumpridos 8 mandados de busca e apreens\u00e3o, [&hellip;]<\/p>\n","protected":false},"author":34,"featured_media":97679,"comment_status":"closed","ping_status":"closed","sticky":false,"template":"","format":"standard","meta":{"footnotes":""},"categories":[3195,2538,6069,89],"tags":[],"class_list":["post-97678","post","type-post","status-publish","format-standard","has-post-thumbnail","hentry","category-8a-regional","category-delegacias","category-noticias-da-policia-civil","category-regionais"],"rttpg_featured_image_url":{"full":["https:\/\/goias.gov.br\/policiacivil\/wp-content\/uploads\/sites\/71\/2022\/01\/whatsapp-image-2022-01-25-at-17.40.21.jpeg",1068,801,false],"landscape":["https:\/\/goias.gov.br\/policiacivil\/wp-content\/uploads\/sites\/71\/2022\/01\/whatsapp-image-2022-01-25-at-17.40.21.jpeg",1068,801,false],"portraits":["https:\/\/goias.gov.br\/policiacivil\/wp-content\/uploads\/sites\/71\/2022\/01\/whatsapp-image-2022-01-25-at-17.40.21.jpeg",1068,801,false],"thumbnail":["https:\/\/goias.gov.br\/policiacivil\/wp-content\/uploads\/sites\/71\/2022\/01\/whatsapp-image-2022-01-25-at-17.40.21-300x300.jpeg",150,150,true],"medium":["https:\/\/goias.gov.br\/policiacivil\/wp-content\/uploads\/sites\/71\/2022\/01\/whatsapp-image-2022-01-25-at-17.40.21-500x375.jpeg",300,225,true],"large":["https:\/\/goias.gov.br\/policiacivil\/wp-content\/uploads\/sites\/71\/2022\/01\/whatsapp-image-2022-01-25-at-17.40.21.jpeg",1024,768,false],"1536x1536":["https:\/\/goias.gov.br\/policiacivil\/wp-content\/uploads\/sites\/71\/2022\/01\/whatsapp-image-2022-01-25-at-17.40.21.jpeg",1068,801,false],"2048x2048":["https:\/\/goias.gov.br\/policiacivil\/wp-content\/uploads\/sites\/71\/2022\/01\/whatsapp-image-2022-01-25-at-17.40.21.jpeg",1068,801,false]},"rttpg_author":{"display_name":"celsoassis","author_link":"https:\/\/goias.gov.br\/policiacivil\/author\/celsoassis\/"},"rttpg_comment":0,"rttpg_category":"<a href=\"https:\/\/goias.gov.br\/policiacivil\/categoria\/drp\/8a-regional\/\" rel=\"category tag\">8\u00aa Regional<\/a> <a href=\"https:\/\/goias.gov.br\/policiacivil\/categoria\/delegacias\/\" rel=\"category tag\">Delegacias<\/a> <a href=\"https:\/\/goias.gov.br\/policiacivil\/categoria\/noticias\/noticias-da-policia-civil\/\" rel=\"category tag\">Not\u00edcias da Pol\u00edcia Civil<\/a> <a href=\"https:\/\/goias.gov.br\/policiacivil\/categoria\/delegacias\/regionais\/\" rel=\"category tag\">Regionais<\/a>","rttpg_excerpt":"A Pol\u00edcia Civil e a Pol\u00edcia Militar realizaram, na manh\u00e3 de hoje (25), uma opera\u00e7\u00e3o para o combate ao tr\u00e1fico de drogas e outros delitos, a qual contou com a presen\u00e7a de 20 policiais, entre civis e militares. A opera\u00e7\u00e3o foi realizada na cidade de Porteir\u00e3o, onde foram cumpridos 8 mandados de busca e apreens\u00e3o,&hellip;","_links":{"self":[{"href":"https:\/\/goias.gov.br\/policiacivil\/wp-json\/wp\/v2\/posts\/97678","targetHints":{"allow":["GET"]}}],"collection":[{"href":"https:\/\/goias.gov.br\/policiacivil\/wp-json\/wp\/v2\/posts"}],"about":[{"href":"https:\/\/goias.gov.br\/policiacivil\/wp-json\/wp\/v2\/types\/post"}],"author":[{"embeddable":true,"href":"https:\/\/goias.gov.br\/policiacivil\/wp-json\/wp\/v2\/users\/34"}],"replies":[{"embeddable":true,"href":"https:\/\/goias.gov.br\/policiacivil\/wp-json\/wp\/v2\/comments?post=97678"}],"version-history":[{"count":1,"href":"https:\/\/goias.gov.br\/policiacivil\/wp-json\/wp\/v2\/posts\/97678\/revisions"}],"predecessor-version":[{"id":97681,"href":"https:\/\/goias.gov.br\/policiacivil\/wp-json\/wp\/v2\/posts\/97678\/revisions\/97681"}],"wp:featuredmedia":[{"embeddable":true,"href":"https:\/\/goias.gov.br\/policiacivil\/wp-json\/wp\/v2\/media\/97679"}],"wp:attachment":[{"href":"https:\/\/goias.gov.br\/policiacivil\/wp-json\/wp\/v2\/media?parent=97678"}],"wp:term":[{"taxonomy":"category","embeddable":true,"href":"https:\/\/goias.gov.br\/policiacivil\/wp-json\/wp\/v2\/categories?post=97678"},{"taxonomy":"post_tag","embeddable":true,"href":"https:\/\/goias.gov.br\/policiacivil\/wp-json\/wp\/v2\/tags?post=97678"}],"curies":[{"name":"wp","href":"https:\/\/api.w.org\/{rel}","templated":true}]}}