

{"id":97670,"date":"2022-01-25T13:00:43","date_gmt":"2022-01-25T16:00:43","guid":{"rendered":" https:\/\/goias.gov.br\/policiacivil\/?p=97670"},"modified":"2022-01-25T17:44:23","modified_gmt":"2022-01-25T20:44:23","slug":"quatro-sao-presos-em-flagrante-por-roubo-de-veiculo-em-goiania","status":"publish","type":"post","link":"https:\/\/goias.gov.br\/policiacivil\/quatro-sao-presos-em-flagrante-por-roubo-de-veiculo-em-goiania\/","title":{"rendered":"Quatro s\u00e3o presos em flagrante por roubo de ve\u00edculo em Goi\u00e2nia"},"content":{"rendered":"<p style=\"text-align: justify;\">A Pol\u00edcia Civil, por meio da Delegacia Estadual de Repress\u00e3o a Furtos e Roubos de Ve\u00edculos Automotores (DERFRVA), tomou conhecimento de que, no \u00faltimo domingo (23), por volta das 21h48, um motorista de aplicativo de transporte de passageiros havia acabado de deixar um cliente na Rua Porto Alegre, Vila Jo\u00e3o Vaz, Goi\u00e2nia, quando foi abordado por dois indiv\u00edduos. Eles amea\u00e7aram a v\u00edtima com um rev\u00f3lver e subtra\u00edram o ve\u00edculo, aparelho celular, dinheiro em esp\u00e9cie e outros pertences que estavam no interior do carro.<\/p>\n<p style=\"text-align: justify;\">Imediatamente, os policiais civis identificaram e prenderam ainda em flagrante, na segunda-feira (24), os dois autores do roubo, o indiv\u00edduo que auxiliou na oculta\u00e7\u00e3o do ve\u00edculo e outro que adquiriu o aparelho celular subtra\u00eddo e que guardou, em sua resid\u00eancia, a arma de fogo usada no delito. O ve\u00edculo \u2013 que n\u00e3o era segurado -, o aparelho celular, e um estepe que tinha sido retirado do ve\u00edculo e estava na casa de um dos autores do roubo, foram localizados e entregues \u00e0 v\u00edtima.<\/p>\n<p style=\"text-align: justify;\">Os dois autores responder\u00e3o por roubo qualificado e porte ilegal de arma de fogo; o indiv\u00edduo que ocultou o bem foi autuado por recepta\u00e7\u00e3o; a pessoa que adquiriu o aparelho celular e guardou a arma de fogo foi autuado por recepta\u00e7\u00e3o e posse ilegal de arma de fogo.<\/p>\n<p style=\"text-align: justify;\">As imagens e qualifica\u00e7\u00f5es dos autores do roubo do ve\u00edculo est\u00e3o sendo divulgadas em conformidade com os ditames da Lei n\u00ba 13.869\/2019 e Portaria n\u00ba 547\/2021 \u2013 PCGO, considerando a primazia do interesse p\u00fablico sobre o particular, no caso em quest\u00e3o, tendo em vista ser poss\u00edvel que os indiciados tenham participado de outros roubos de ve\u00edculo, com fulcro no despacho fundamentado do delegado respons\u00e1vel pelo inqu\u00e9rito policial.<\/p>\n<p>&nbsp;<\/p>\n<div id='gallery-1' class='gallery galleryid-97670 gallery-columns-2 gallery-size-thumbnail'><figure class='gallery-item'>\n\t\t\t<div class='gallery-icon portrait'>\n\t\t\t\t<a href='https:\/\/goias.gov.br\/policiacivil\/wp-content\/uploads\/sites\/71\/2022\/01\/whatsapp-image-2022-01-24-at-20.32.48.jpeg'><img decoding=\"async\" width=\"150\" height=\"150\" src=\"https:\/\/goias.gov.br\/policiacivil\/wp-content\/uploads\/sites\/71\/2022\/01\/whatsapp-image-2022-01-24-at-20.32.48-300x300.jpeg\" class=\"attachment-thumbnail size-thumbnail\" alt=\"\" \/><\/a>\n\t\t\t<\/div><\/figure><figure class='gallery-item'>\n\t\t\t<div class='gallery-icon landscape'>\n\t\t\t\t<a href='https:\/\/goias.gov.br\/policiacivil\/wp-content\/uploads\/sites\/71\/2022\/01\/whatsapp-image-2022-01-24-at-20.32.41.jpeg'><img decoding=\"async\" width=\"150\" height=\"150\" src=\"https:\/\/goias.gov.br\/policiacivil\/wp-content\/uploads\/sites\/71\/2022\/01\/whatsapp-image-2022-01-24-at-20.32.41-300x300.jpeg\" class=\"attachment-thumbnail size-thumbnail\" alt=\"\" \/><\/a>\n\t\t\t<\/div><\/figure>\n\t\t<\/div>\n\n","protected":false},"excerpt":{"rendered":"<p>A Pol\u00edcia Civil, por meio da Delegacia Estadual de Repress\u00e3o a Furtos e Roubos de Ve\u00edculos Automotores (DERFRVA), tomou conhecimento de que, no \u00faltimo domingo (23), por volta das 21h48, um motorista de aplicativo de transporte de passageiros havia acabado de deixar um cliente na Rua Porto Alegre, Vila Jo\u00e3o Vaz, Goi\u00e2nia, quando foi abordado [&hellip;]<\/p>\n","protected":false},"author":34,"featured_media":97674,"comment_status":"closed","ping_status":"closed","sticky":false,"template":"","format":"standard","meta":{"footnotes":""},"categories":[2538,92,6069],"tags":[710],"class_list":["post-97670","post","type-post","status-publish","format-standard","has-post-thumbnail","hentry","category-delegacias","category-especializadas","category-noticias-da-policia-civil","tag-derfrva"],"rttpg_featured_image_url":{"full":["https:\/\/goias.gov.br\/policiacivil\/wp-content\/uploads\/sites\/71\/2022\/01\/whatsapp-image-2022-01-24-at-20.32.41.jpeg",1024,768,false],"landscape":["https:\/\/goias.gov.br\/policiacivil\/wp-content\/uploads\/sites\/71\/2022\/01\/whatsapp-image-2022-01-24-at-20.32.41.jpeg",1024,768,false],"portraits":["https:\/\/goias.gov.br\/policiacivil\/wp-content\/uploads\/sites\/71\/2022\/01\/whatsapp-image-2022-01-24-at-20.32.41.jpeg",1024,768,false],"thumbnail":["https:\/\/goias.gov.br\/policiacivil\/wp-content\/uploads\/sites\/71\/2022\/01\/whatsapp-image-2022-01-24-at-20.32.41-300x300.jpeg",150,150,true],"medium":["https:\/\/goias.gov.br\/policiacivil\/wp-content\/uploads\/sites\/71\/2022\/01\/whatsapp-image-2022-01-24-at-20.32.41-500x375.jpeg",300,225,true],"large":["https:\/\/goias.gov.br\/policiacivil\/wp-content\/uploads\/sites\/71\/2022\/01\/whatsapp-image-2022-01-24-at-20.32.41.jpeg",1024,768,false],"1536x1536":["https:\/\/goias.gov.br\/policiacivil\/wp-content\/uploads\/sites\/71\/2022\/01\/whatsapp-image-2022-01-24-at-20.32.41.jpeg",1024,768,false],"2048x2048":["https:\/\/goias.gov.br\/policiacivil\/wp-content\/uploads\/sites\/71\/2022\/01\/whatsapp-image-2022-01-24-at-20.32.41.jpeg",1024,768,false]},"rttpg_author":{"display_name":"celsoassis","author_link":"https:\/\/goias.gov.br\/policiacivil\/author\/celsoassis\/"},"rttpg_comment":0,"rttpg_category":"<a href=\"https:\/\/goias.gov.br\/policiacivil\/categoria\/delegacias\/\" rel=\"category tag\">Delegacias<\/a> <a href=\"https:\/\/goias.gov.br\/policiacivil\/categoria\/delegacias\/especializadas\/\" rel=\"category tag\">Especializadas<\/a> <a href=\"https:\/\/goias.gov.br\/policiacivil\/categoria\/noticias\/noticias-da-policia-civil\/\" rel=\"category tag\">Not\u00edcias da Pol\u00edcia Civil<\/a>","rttpg_excerpt":"A Pol\u00edcia Civil, por meio da Delegacia Estadual de Repress\u00e3o a Furtos e Roubos de Ve\u00edculos Automotores (DERFRVA), tomou conhecimento de que, no \u00faltimo domingo (23), por volta das 21h48, um motorista de aplicativo de transporte de passageiros havia acabado de deixar um cliente na Rua Porto Alegre, Vila Jo\u00e3o Vaz, Goi\u00e2nia, quando foi abordado&hellip;","_links":{"self":[{"href":"https:\/\/goias.gov.br\/policiacivil\/wp-json\/wp\/v2\/posts\/97670","targetHints":{"allow":["GET"]}}],"collection":[{"href":"https:\/\/goias.gov.br\/policiacivil\/wp-json\/wp\/v2\/posts"}],"about":[{"href":"https:\/\/goias.gov.br\/policiacivil\/wp-json\/wp\/v2\/types\/post"}],"author":[{"embeddable":true,"href":"https:\/\/goias.gov.br\/policiacivil\/wp-json\/wp\/v2\/users\/34"}],"replies":[{"embeddable":true,"href":"https:\/\/goias.gov.br\/policiacivil\/wp-json\/wp\/v2\/comments?post=97670"}],"version-history":[{"count":4,"href":"https:\/\/goias.gov.br\/policiacivil\/wp-json\/wp\/v2\/posts\/97670\/revisions"}],"predecessor-version":[{"id":97677,"href":"https:\/\/goias.gov.br\/policiacivil\/wp-json\/wp\/v2\/posts\/97670\/revisions\/97677"}],"wp:featuredmedia":[{"embeddable":true,"href":"https:\/\/goias.gov.br\/policiacivil\/wp-json\/wp\/v2\/media\/97674"}],"wp:attachment":[{"href":"https:\/\/goias.gov.br\/policiacivil\/wp-json\/wp\/v2\/media?parent=97670"}],"wp:term":[{"taxonomy":"category","embeddable":true,"href":"https:\/\/goias.gov.br\/policiacivil\/wp-json\/wp\/v2\/categories?post=97670"},{"taxonomy":"post_tag","embeddable":true,"href":"https:\/\/goias.gov.br\/policiacivil\/wp-json\/wp\/v2\/tags?post=97670"}],"curies":[{"name":"wp","href":"https:\/\/api.w.org\/{rel}","templated":true}]}}