

{"id":96123,"date":"2021-11-26T08:00:31","date_gmt":"2021-11-26T11:00:31","guid":{"rendered":" https:\/\/goias.gov.br\/policiacivil\/?p=96123"},"modified":"2021-11-26T10:53:46","modified_gmt":"2021-11-26T13:53:46","slug":"relogios-e-perfumes-furtados-de-loja-em-campos-belos-sao-recuperados-pela-pc","status":"publish","type":"post","link":"https:\/\/goias.gov.br\/policiacivil\/relogios-e-perfumes-furtados-de-loja-em-campos-belos-sao-recuperados-pela-pc\/","title":{"rendered":"Rel\u00f3gios e perfumes furtados de loja em Campos Belos s\u00e3o recuperados pela PC"},"content":{"rendered":"<p style=\"text-align: justify;\"><img fetchpriority=\"high\" decoding=\"async\" class=\" wp-image-96125 alignleft\" src=\" https:\/\/goias.gov.br\/policiacivil\/wp-content\/uploads\/sites\/71\/2021\/11\/whatsapp-image-2021-11-24-at-16.57.41-2-500x243.jpeg\" alt=\"\" width=\"368\" height=\"179\" srcset=\"https:\/\/goias.gov.br\/policiacivil\/wp-content\/uploads\/sites\/71\/2021\/11\/whatsapp-image-2021-11-24-at-16.57.41-2-500x243.jpeg 500w, https:\/\/goias.gov.br\/policiacivil\/wp-content\/uploads\/sites\/71\/2021\/11\/whatsapp-image-2021-11-24-at-16.57.41-2-768x374.jpeg 768w, https:\/\/goias.gov.br\/policiacivil\/wp-content\/uploads\/sites\/71\/2021\/11\/whatsapp-image-2021-11-24-at-16.57.41-2-533x261.jpeg 533w, https:\/\/goias.gov.br\/policiacivil\/wp-content\/uploads\/sites\/71\/2021\/11\/whatsapp-image-2021-11-24-at-16.57.41-2-1066x520.jpeg 1066w, https:\/\/goias.gov.br\/policiacivil\/wp-content\/uploads\/sites\/71\/2021\/11\/whatsapp-image-2021-11-24-at-16.57.41-2-696x339.jpeg 696w, https:\/\/goias.gov.br\/policiacivil\/wp-content\/uploads\/sites\/71\/2021\/11\/whatsapp-image-2021-11-24-at-16.57.41-2-863x420.jpeg 863w, https:\/\/goias.gov.br\/policiacivil\/wp-content\/uploads\/sites\/71\/2021\/11\/whatsapp-image-2021-11-24-at-16.57.41-2.jpeg 1068w\" sizes=\"(max-width: 368px) 100vw, 368px\" \/>A Pol\u00edcia Civil do Estado de Goi\u00e1s, por meio da Delegacia de Pol\u00edcia (DP) de Campos Belos, recuperou nessa quarta-feira (24) um total de 31 rel\u00f3gios, 12 perfumes e 06 bon\u00e9s que foram furtados na madrugada do \u00faltimo s\u00e1bado (20), em uma loja da cidade.<\/p>\n<p style=\"text-align: justify;\">Ap\u00f3s tomar conhecimento do fato, a equipe de policiais civis iniciou dilig\u00eancias a fim de elucidar o mencionado crime. No decorrer das investiga\u00e7\u00f5es, foi constatado quem poderia ser o autor do furto e poss\u00edvel receptadores dos objetos subtra\u00eddos. Alguns objetos foram localizados escondidos em matagal pr\u00f3ximo \u00e0 resid\u00eancia de um dos receptadores e outros foram encontrados no telhado da casa do furtador.<\/p>\n<p style=\"text-align: justify;\">Um indiv\u00edduo foi preso em flagrante delito pelo crime de recepta\u00e7\u00e3o. Os objetos recuperados, cujo valor estimado \u00e9 de R$ 12 mil, ser\u00e3o periciados e logo ap\u00f3s restitu\u00eddos \u00e0 leg\u00edtima propriet\u00e1ria.<\/p>\n","protected":false},"excerpt":{"rendered":"<p>A Pol\u00edcia Civil do Estado de Goi\u00e1s, por meio da Delegacia de Pol\u00edcia (DP) de Campos Belos, recuperou nessa quarta-feira (24) um total de 31 rel\u00f3gios, 12 perfumes e 06 bon\u00e9s que foram furtados na madrugada do \u00faltimo s\u00e1bado (20), em uma loja da cidade. Ap\u00f3s tomar conhecimento do fato, a equipe de policiais civis [&hellip;]<\/p>\n","protected":false},"author":34,"featured_media":96124,"comment_status":"closed","ping_status":"closed","sticky":false,"template":"","format":"standard","meta":{"footnotes":""},"categories":[3200,2538,6069,89],"tags":[3456,511,3118,9221],"class_list":["post-96123","post","type-post","status-publish","format-standard","has-post-thumbnail","hentry","category-13a-regional","category-delegacias","category-noticias-da-policia-civil","category-regionais","tag-campos-belos","tag-furto","tag-loja","tag-produtos-recuperados"],"rttpg_featured_image_url":{"full":["https:\/\/goias.gov.br\/policiacivil\/wp-content\/uploads\/sites\/71\/2021\/11\/whatsapp-image-2021-11-24-at-16.57.41-1.jpeg",1068,1068,false],"landscape":["https:\/\/goias.gov.br\/policiacivil\/wp-content\/uploads\/sites\/71\/2021\/11\/whatsapp-image-2021-11-24-at-16.57.41-1.jpeg",1068,1068,false],"portraits":["https:\/\/goias.gov.br\/policiacivil\/wp-content\/uploads\/sites\/71\/2021\/11\/whatsapp-image-2021-11-24-at-16.57.41-1.jpeg",1068,1068,false],"thumbnail":["https:\/\/goias.gov.br\/policiacivil\/wp-content\/uploads\/sites\/71\/2021\/11\/whatsapp-image-2021-11-24-at-16.57.41-1-300x300.jpeg",150,150,true],"medium":["https:\/\/goias.gov.br\/policiacivil\/wp-content\/uploads\/sites\/71\/2021\/11\/whatsapp-image-2021-11-24-at-16.57.41-1-500x500.jpeg",300,300,true],"large":["https:\/\/goias.gov.br\/policiacivil\/wp-content\/uploads\/sites\/71\/2021\/11\/whatsapp-image-2021-11-24-at-16.57.41-1-1068x1068.jpeg",1024,1024,true],"1536x1536":["https:\/\/goias.gov.br\/policiacivil\/wp-content\/uploads\/sites\/71\/2021\/11\/whatsapp-image-2021-11-24-at-16.57.41-1.jpeg",1068,1068,false],"2048x2048":["https:\/\/goias.gov.br\/policiacivil\/wp-content\/uploads\/sites\/71\/2021\/11\/whatsapp-image-2021-11-24-at-16.57.41-1.jpeg",1068,1068,false]},"rttpg_author":{"display_name":"celsoassis","author_link":"https:\/\/goias.gov.br\/policiacivil\/author\/celsoassis\/"},"rttpg_comment":0,"rttpg_category":"<a href=\"https:\/\/goias.gov.br\/policiacivil\/categoria\/drp\/13a-regional\/\" rel=\"category tag\">13\u00aa Regional<\/a> <a href=\"https:\/\/goias.gov.br\/policiacivil\/categoria\/delegacias\/\" rel=\"category tag\">Delegacias<\/a> <a href=\"https:\/\/goias.gov.br\/policiacivil\/categoria\/noticias\/noticias-da-policia-civil\/\" rel=\"category tag\">Not\u00edcias da Pol\u00edcia Civil<\/a> <a href=\"https:\/\/goias.gov.br\/policiacivil\/categoria\/delegacias\/regionais\/\" rel=\"category tag\">Regionais<\/a>","rttpg_excerpt":"A Pol\u00edcia Civil do Estado de Goi\u00e1s, por meio da Delegacia de Pol\u00edcia (DP) de Campos Belos, recuperou nessa quarta-feira (24) um total de 31 rel\u00f3gios, 12 perfumes e 06 bon\u00e9s que foram furtados na madrugada do \u00faltimo s\u00e1bado (20), em uma loja da cidade. Ap\u00f3s tomar conhecimento do fato, a equipe de policiais civis&hellip;","_links":{"self":[{"href":"https:\/\/goias.gov.br\/policiacivil\/wp-json\/wp\/v2\/posts\/96123","targetHints":{"allow":["GET"]}}],"collection":[{"href":"https:\/\/goias.gov.br\/policiacivil\/wp-json\/wp\/v2\/posts"}],"about":[{"href":"https:\/\/goias.gov.br\/policiacivil\/wp-json\/wp\/v2\/types\/post"}],"author":[{"embeddable":true,"href":"https:\/\/goias.gov.br\/policiacivil\/wp-json\/wp\/v2\/users\/34"}],"replies":[{"embeddable":true,"href":"https:\/\/goias.gov.br\/policiacivil\/wp-json\/wp\/v2\/comments?post=96123"}],"version-history":[{"count":1,"href":"https:\/\/goias.gov.br\/policiacivil\/wp-json\/wp\/v2\/posts\/96123\/revisions"}],"predecessor-version":[{"id":96126,"href":"https:\/\/goias.gov.br\/policiacivil\/wp-json\/wp\/v2\/posts\/96123\/revisions\/96126"}],"wp:featuredmedia":[{"embeddable":true,"href":"https:\/\/goias.gov.br\/policiacivil\/wp-json\/wp\/v2\/media\/96124"}],"wp:attachment":[{"href":"https:\/\/goias.gov.br\/policiacivil\/wp-json\/wp\/v2\/media?parent=96123"}],"wp:term":[{"taxonomy":"category","embeddable":true,"href":"https:\/\/goias.gov.br\/policiacivil\/wp-json\/wp\/v2\/categories?post=96123"},{"taxonomy":"post_tag","embeddable":true,"href":"https:\/\/goias.gov.br\/policiacivil\/wp-json\/wp\/v2\/tags?post=96123"}],"curies":[{"name":"wp","href":"https:\/\/api.w.org\/{rel}","templated":true}]}}