

{"id":95911,"date":"2021-11-19T15:19:52","date_gmt":"2021-11-19T18:19:52","guid":{"rendered":" https:\/\/goias.gov.br\/policiacivil\/?p=95911"},"modified":"2021-11-19T15:23:04","modified_gmt":"2021-11-19T18:23:04","slug":"pcgo-prende-autor-de-homicidio-em-mineiros","status":"publish","type":"post","link":"https:\/\/goias.gov.br\/policiacivil\/pcgo-prende-autor-de-homicidio-em-mineiros\/","title":{"rendered":"PCGO prende autor de homic\u00eddio em Mineiros"},"content":{"rendered":"<p style=\"text-align: justify;\"><img fetchpriority=\"high\" decoding=\"async\" class=\" wp-image-95913 alignleft\" src=\" https:\/\/goias.gov.br\/policiacivil\/wp-content\/uploads\/sites\/71\/2021\/11\/whatsapp-image-2021-11-19-at-10.20.19-500x375.jpeg\" alt=\"\" width=\"364\" height=\"273\" srcset=\"https:\/\/goias.gov.br\/policiacivil\/wp-content\/uploads\/sites\/71\/2021\/11\/whatsapp-image-2021-11-19-at-10.20.19-500x375.jpeg 500w, https:\/\/goias.gov.br\/policiacivil\/wp-content\/uploads\/sites\/71\/2021\/11\/whatsapp-image-2021-11-19-at-10.20.19-768x576.jpeg 768w, https:\/\/goias.gov.br\/policiacivil\/wp-content\/uploads\/sites\/71\/2021\/11\/whatsapp-image-2021-11-19-at-10.20.19-80x60.jpeg 80w, https:\/\/goias.gov.br\/policiacivil\/wp-content\/uploads\/sites\/71\/2021\/11\/whatsapp-image-2021-11-19-at-10.20.19-160x120.jpeg 160w, https:\/\/goias.gov.br\/policiacivil\/wp-content\/uploads\/sites\/71\/2021\/11\/whatsapp-image-2021-11-19-at-10.20.19-265x198.jpeg 265w, https:\/\/goias.gov.br\/policiacivil\/wp-content\/uploads\/sites\/71\/2021\/11\/whatsapp-image-2021-11-19-at-10.20.19-530x396.jpeg 530w, https:\/\/goias.gov.br\/policiacivil\/wp-content\/uploads\/sites\/71\/2021\/11\/whatsapp-image-2021-11-19-at-10.20.19-696x522.jpeg 696w, https:\/\/goias.gov.br\/policiacivil\/wp-content\/uploads\/sites\/71\/2021\/11\/whatsapp-image-2021-11-19-at-10.20.19-560x420.jpeg 560w, https:\/\/goias.gov.br\/policiacivil\/wp-content\/uploads\/sites\/71\/2021\/11\/whatsapp-image-2021-11-19-at-10.20.19.jpeg 1068w\" sizes=\"(max-width: 364px) 100vw, 364px\" \/>A Pol\u00edcia Civil do Estado de Goi\u00e1s, por meio da Delegacia de Pol\u00edcia (DP) de Mineiros, prendeu preventivamente hoje (19), um indiv\u00edduo pela pr\u00e1tica de homic\u00eddio qualificado. No dia 31 de outubro deste ano, a Pol\u00edcia Civil foi acionada para comparecer a um local de crime, no Setor S\u00e3o Jos\u00e9 &#8211; Mineiros, onde um homem foi a \u00f3bito em decorr\u00eancia de golpes de faca. Ap\u00f3s a identifica\u00e7\u00e3o do autor, este alegou leg\u00edtima defesa, mas foi verificado pela investiga\u00e7\u00e3o que houve altera\u00e7\u00e3o no local de crime.<\/p>\n<p style=\"text-align: justify;\">Al\u00e9m disso, o suspeito n\u00e3o apresentava nenhuma les\u00e3o aparente. As apura\u00e7\u00f5es, at\u00e9 o presente momento, indicam que o homic\u00eddio foi praticado por conta de d\u00edvida de drogas.\u00a0O autor responder\u00e1 pelo crime de homic\u00eddio qualificado, podendo pegar at\u00e9 20 anos de pris\u00e3o, caso seja condenado.<\/p>\n","protected":false},"excerpt":{"rendered":"<p>A Pol\u00edcia Civil do Estado de Goi\u00e1s, por meio da Delegacia de Pol\u00edcia (DP) de Mineiros, prendeu preventivamente hoje (19), um indiv\u00edduo pela pr\u00e1tica de homic\u00eddio qualificado. No dia 31 de outubro deste ano, a Pol\u00edcia Civil foi acionada para comparecer a um local de crime, no Setor S\u00e3o Jos\u00e9 &#8211; Mineiros, onde um homem [&hellip;]<\/p>\n","protected":false},"author":34,"featured_media":95913,"comment_status":"closed","ping_status":"closed","sticky":false,"template":"","format":"standard","meta":{"footnotes":""},"categories":[3201,2538,89,537],"tags":[23,3546],"class_list":["post-95911","post","type-post","status-publish","format-standard","has-post-thumbnail","hentry","category-14a-regional","category-delegacias","category-regionais","category-ultimo-segundo","tag-homicidio","tag-mineiros"],"rttpg_featured_image_url":{"full":["https:\/\/goias.gov.br\/policiacivil\/wp-content\/uploads\/sites\/71\/2021\/11\/whatsapp-image-2021-11-19-at-10.20.19.jpeg",1068,801,false],"landscape":["https:\/\/goias.gov.br\/policiacivil\/wp-content\/uploads\/sites\/71\/2021\/11\/whatsapp-image-2021-11-19-at-10.20.19.jpeg",1068,801,false],"portraits":["https:\/\/goias.gov.br\/policiacivil\/wp-content\/uploads\/sites\/71\/2021\/11\/whatsapp-image-2021-11-19-at-10.20.19.jpeg",1068,801,false],"thumbnail":["https:\/\/goias.gov.br\/policiacivil\/wp-content\/uploads\/sites\/71\/2021\/11\/whatsapp-image-2021-11-19-at-10.20.19-300x300.jpeg",150,150,true],"medium":["https:\/\/goias.gov.br\/policiacivil\/wp-content\/uploads\/sites\/71\/2021\/11\/whatsapp-image-2021-11-19-at-10.20.19-500x375.jpeg",300,225,true],"large":["https:\/\/goias.gov.br\/policiacivil\/wp-content\/uploads\/sites\/71\/2021\/11\/whatsapp-image-2021-11-19-at-10.20.19.jpeg",1024,768,false],"1536x1536":["https:\/\/goias.gov.br\/policiacivil\/wp-content\/uploads\/sites\/71\/2021\/11\/whatsapp-image-2021-11-19-at-10.20.19.jpeg",1068,801,false],"2048x2048":["https:\/\/goias.gov.br\/policiacivil\/wp-content\/uploads\/sites\/71\/2021\/11\/whatsapp-image-2021-11-19-at-10.20.19.jpeg",1068,801,false]},"rttpg_author":{"display_name":"celsoassis","author_link":"https:\/\/goias.gov.br\/policiacivil\/author\/celsoassis\/"},"rttpg_comment":0,"rttpg_category":"<a href=\"https:\/\/goias.gov.br\/policiacivil\/categoria\/drp\/14a-regional\/\" rel=\"category tag\">14\u00aa Regional<\/a> <a href=\"https:\/\/goias.gov.br\/policiacivil\/categoria\/delegacias\/\" rel=\"category tag\">Delegacias<\/a> <a href=\"https:\/\/goias.gov.br\/policiacivil\/categoria\/delegacias\/regionais\/\" rel=\"category tag\">Regionais<\/a> <a href=\"https:\/\/goias.gov.br\/policiacivil\/categoria\/ultimo-segundo\/\" rel=\"category tag\">\u00daltimo Segundo<\/a>","rttpg_excerpt":"A Pol\u00edcia Civil do Estado de Goi\u00e1s, por meio da Delegacia de Pol\u00edcia (DP) de Mineiros, prendeu preventivamente hoje (19), um indiv\u00edduo pela pr\u00e1tica de homic\u00eddio qualificado. No dia 31 de outubro deste ano, a Pol\u00edcia Civil foi acionada para comparecer a um local de crime, no Setor S\u00e3o Jos\u00e9 &#8211; Mineiros, onde um homem&hellip;","_links":{"self":[{"href":"https:\/\/goias.gov.br\/policiacivil\/wp-json\/wp\/v2\/posts\/95911","targetHints":{"allow":["GET"]}}],"collection":[{"href":"https:\/\/goias.gov.br\/policiacivil\/wp-json\/wp\/v2\/posts"}],"about":[{"href":"https:\/\/goias.gov.br\/policiacivil\/wp-json\/wp\/v2\/types\/post"}],"author":[{"embeddable":true,"href":"https:\/\/goias.gov.br\/policiacivil\/wp-json\/wp\/v2\/users\/34"}],"replies":[{"embeddable":true,"href":"https:\/\/goias.gov.br\/policiacivil\/wp-json\/wp\/v2\/comments?post=95911"}],"version-history":[{"count":3,"href":"https:\/\/goias.gov.br\/policiacivil\/wp-json\/wp\/v2\/posts\/95911\/revisions"}],"predecessor-version":[{"id":95915,"href":"https:\/\/goias.gov.br\/policiacivil\/wp-json\/wp\/v2\/posts\/95911\/revisions\/95915"}],"wp:featuredmedia":[{"embeddable":true,"href":"https:\/\/goias.gov.br\/policiacivil\/wp-json\/wp\/v2\/media\/95913"}],"wp:attachment":[{"href":"https:\/\/goias.gov.br\/policiacivil\/wp-json\/wp\/v2\/media?parent=95911"}],"wp:term":[{"taxonomy":"category","embeddable":true,"href":"https:\/\/goias.gov.br\/policiacivil\/wp-json\/wp\/v2\/categories?post=95911"},{"taxonomy":"post_tag","embeddable":true,"href":"https:\/\/goias.gov.br\/policiacivil\/wp-json\/wp\/v2\/tags?post=95911"}],"curies":[{"name":"wp","href":"https:\/\/api.w.org\/{rel}","templated":true}]}}