

{"id":94250,"date":"2021-09-23T11:21:11","date_gmt":"2021-09-23T14:21:11","guid":{"rendered":" https:\/\/goias.gov.br\/policiacivil\/?p=94250"},"modified":"2021-09-23T11:23:29","modified_gmt":"2021-09-23T14:23:29","slug":"dih-e-dpss-realizam-operacao-saude-na-dih","status":"publish","type":"post","link":"https:\/\/goias.gov.br\/policiacivil\/dih-e-dpss-realizam-operacao-saude-na-dih\/","title":{"rendered":"DIH e DPSS realizam Opera\u00e7\u00e3o Sa\u00fade na DIH"},"content":{"rendered":"<p style=\"text-align: justify;\"><img fetchpriority=\"high\" decoding=\"async\" class=\" wp-image-94258 alignleft\" src=\" https:\/\/goias.gov.br\/policiacivil\/wp-content\/uploads\/sites\/71\/2021\/09\/whatsapp-image-2021-09-23-at-08.46.26-500x375.jpeg\" alt=\"\" width=\"367\" height=\"275\" srcset=\"https:\/\/goias.gov.br\/policiacivil\/wp-content\/uploads\/sites\/71\/2021\/09\/whatsapp-image-2021-09-23-at-08.46.26-500x375.jpeg 500w, https:\/\/goias.gov.br\/policiacivil\/wp-content\/uploads\/sites\/71\/2021\/09\/whatsapp-image-2021-09-23-at-08.46.26-768x576.jpeg 768w, https:\/\/goias.gov.br\/policiacivil\/wp-content\/uploads\/sites\/71\/2021\/09\/whatsapp-image-2021-09-23-at-08.46.26-80x60.jpeg 80w, https:\/\/goias.gov.br\/policiacivil\/wp-content\/uploads\/sites\/71\/2021\/09\/whatsapp-image-2021-09-23-at-08.46.26-160x120.jpeg 160w, https:\/\/goias.gov.br\/policiacivil\/wp-content\/uploads\/sites\/71\/2021\/09\/whatsapp-image-2021-09-23-at-08.46.26-265x198.jpeg 265w, https:\/\/goias.gov.br\/policiacivil\/wp-content\/uploads\/sites\/71\/2021\/09\/whatsapp-image-2021-09-23-at-08.46.26-530x396.jpeg 530w, https:\/\/goias.gov.br\/policiacivil\/wp-content\/uploads\/sites\/71\/2021\/09\/whatsapp-image-2021-09-23-at-08.46.26-696x522.jpeg 696w, https:\/\/goias.gov.br\/policiacivil\/wp-content\/uploads\/sites\/71\/2021\/09\/whatsapp-image-2021-09-23-at-08.46.26-560x420.jpeg 560w, https:\/\/goias.gov.br\/policiacivil\/wp-content\/uploads\/sites\/71\/2021\/09\/whatsapp-image-2021-09-23-at-08.46.26.jpeg 1068w\" sizes=\"(max-width: 367px) 100vw, 367px\" \/>A Delegacia Estadual de Investiga\u00e7\u00f5es de Homic\u00eddios (DIH) e a Divis\u00e3o de Prote\u00e7\u00e3o \u00e0 Sa\u00fade do Servidor (DPSS) realizaram, na manh\u00e3 desta quinta-feira (23), o projeto Opera\u00e7\u00e3o Sa\u00fade na DIH. Os servidores da DPSS passaram a manh\u00e3 realizando atendimentos aos policiais civis da DIH, como aferi\u00e7\u00e3o de press\u00e3o arterial, teste de glicemia e IMC. A delegada titular da DIH, Caroline Paim, abriu o evento, no audit\u00f3rio da delegacia, e falou da import\u00e2ncia e aten\u00e7\u00e3o com a sa\u00fade do policial.\u00a0 &#8220;A gente quer prevenir dores. A dire\u00e7\u00e3o abra\u00e7ou esta ideia. A DIH respira produtividade, pris\u00f5es e opera\u00e7\u00f5es. E paramos esta manh\u00e3 pra cuidar de quem faz isso, que s\u00e3o voc\u00eas.&#8221;<\/p>\n<p style=\"text-align: justify;\">Presente, o Delegado-Geral da PCGO, Alexandre Louren\u00e7o, destacou os \u00edndices de expectativa de vida dos policiais e os cuidados com a sa\u00fade durante a pandemia da Covid-19.\u00a0\u00a0&#8220;Se a gente n\u00e3o cuidar da gente, n\u00e3o temos como cuidar dos outros. Sem o policial, a delegacia n\u00e3o existe. E temos uma unidade de sa\u00fade (DPSS) atuante, que cuida da gente&#8221;, declarou o Delegado-Geral. Eliane Beppu, coordenadora da DPSS, enfatizou o suporte prestado ao policial dentro da institui\u00e7\u00e3o. E estimulou os policiais a observarem a si e aos colegas. &#8220;A ideia \u00e9 parar e pensar. Sobre o que eu sinto, minhas emo\u00e7\u00f5es. Para que voc\u00eas procurem a DPSS, a fim de prevenir o adoecimento&#8221;.<\/p>\n<p style=\"text-align: justify;\">O evento tamb\u00e9m alertou para a comemora\u00e7\u00e3o do setembro amarelo, de preven\u00e7\u00e3o ao suic\u00eddio. Os policiais civis tamb\u00e9m receberam um &#8220;kit de sobreviv\u00eancia emocional&#8221;, com orienta\u00e7\u00f5es de sa\u00fade, participaram ainda de um caf\u00e9 da manh\u00e3 e tamb\u00e9m tiveram palestra com psic\u00f3logos da DPSS sobre sa\u00fade f\u00edsica e mental. O evento contou ainda com a presen\u00e7a da delegada Ana Claudia Rodrigues Stoffel, adjunta da Superintend\u00eancia de Pol\u00edcia Judici\u00e1ria.<\/p>\n<p>&nbsp;<\/p>\n<div id='gallery-1' class='gallery galleryid-94250 gallery-columns-3 gallery-size-thumbnail'><figure class='gallery-item'>\n\t\t\t<div class='gallery-icon landscape'>\n\t\t\t\t<a href='https:\/\/goias.gov.br\/policiacivil\/wp-content\/uploads\/sites\/71\/2021\/09\/whatsapp-image-2021-09-23-at-09.01.24.jpeg'><img decoding=\"async\" width=\"150\" height=\"150\" src=\"https:\/\/goias.gov.br\/policiacivil\/wp-content\/uploads\/sites\/71\/2021\/09\/whatsapp-image-2021-09-23-at-09.01.24-300x300.jpeg\" class=\"attachment-thumbnail size-thumbnail\" alt=\"\" \/><\/a>\n\t\t\t<\/div><\/figure><figure class='gallery-item'>\n\t\t\t<div class='gallery-icon landscape'>\n\t\t\t\t<a href='https:\/\/goias.gov.br\/policiacivil\/wp-content\/uploads\/sites\/71\/2021\/09\/whatsapp-image-2021-09-23-at-08.53.05.jpeg'><img decoding=\"async\" width=\"150\" height=\"150\" src=\"https:\/\/goias.gov.br\/policiacivil\/wp-content\/uploads\/sites\/71\/2021\/09\/whatsapp-image-2021-09-23-at-08.53.05-300x300.jpeg\" class=\"attachment-thumbnail size-thumbnail\" alt=\"\" \/><\/a>\n\t\t\t<\/div><\/figure><figure class='gallery-item'>\n\t\t\t<div class='gallery-icon landscape'>\n\t\t\t\t<a href='https:\/\/goias.gov.br\/policiacivil\/wp-content\/uploads\/sites\/71\/2021\/09\/whatsapp-image-2021-09-23-at-08.50.50.jpeg'><img loading=\"lazy\" decoding=\"async\" width=\"150\" height=\"150\" src=\"https:\/\/goias.gov.br\/policiacivil\/wp-content\/uploads\/sites\/71\/2021\/09\/whatsapp-image-2021-09-23-at-08.50.50-300x300.jpeg\" class=\"attachment-thumbnail size-thumbnail\" alt=\"\" \/><\/a>\n\t\t\t<\/div><\/figure><figure class='gallery-item'>\n\t\t\t<div class='gallery-icon portrait'>\n\t\t\t\t<a href='https:\/\/goias.gov.br\/policiacivil\/wp-content\/uploads\/sites\/71\/2021\/09\/whatsapp-image-2021-09-23-at-08.46.26-1.jpeg'><img loading=\"lazy\" decoding=\"async\" width=\"150\" height=\"150\" src=\"https:\/\/goias.gov.br\/policiacivil\/wp-content\/uploads\/sites\/71\/2021\/09\/whatsapp-image-2021-09-23-at-08.46.26-1-300x300.jpeg\" class=\"attachment-thumbnail size-thumbnail\" alt=\"\" \/><\/a>\n\t\t\t<\/div><\/figure><figure class='gallery-item'>\n\t\t\t<div class='gallery-icon landscape'>\n\t\t\t\t<a href='https:\/\/goias.gov.br\/policiacivil\/wp-content\/uploads\/sites\/71\/2021\/09\/whatsapp-image-2021-09-23-at-08.46.24.jpeg'><img loading=\"lazy\" decoding=\"async\" width=\"150\" height=\"150\" src=\"https:\/\/goias.gov.br\/policiacivil\/wp-content\/uploads\/sites\/71\/2021\/09\/whatsapp-image-2021-09-23-at-08.46.24-300x300.jpeg\" class=\"attachment-thumbnail size-thumbnail\" alt=\"\" \/><\/a>\n\t\t\t<\/div><\/figure><figure class='gallery-item'>\n\t\t\t<div class='gallery-icon landscape'>\n\t\t\t\t<a href='https:\/\/goias.gov.br\/policiacivil\/wp-content\/uploads\/sites\/71\/2021\/09\/whatsapp-image-2021-09-23-at-08.46.23.jpeg'><img loading=\"lazy\" decoding=\"async\" width=\"150\" height=\"150\" src=\"https:\/\/goias.gov.br\/policiacivil\/wp-content\/uploads\/sites\/71\/2021\/09\/whatsapp-image-2021-09-23-at-08.46.23-300x300.jpeg\" class=\"attachment-thumbnail size-thumbnail\" alt=\"\" \/><\/a>\n\t\t\t<\/div><\/figure><figure class='gallery-item'>\n\t\t\t<div class='gallery-icon landscape'>\n\t\t\t\t<a href='https:\/\/goias.gov.br\/policiacivil\/wp-content\/uploads\/sites\/71\/2021\/09\/whatsapp-image-2021-09-23-at-08.46.21.jpeg'><img loading=\"lazy\" decoding=\"async\" width=\"150\" height=\"150\" src=\"https:\/\/goias.gov.br\/policiacivil\/wp-content\/uploads\/sites\/71\/2021\/09\/whatsapp-image-2021-09-23-at-08.46.21-300x300.jpeg\" class=\"attachment-thumbnail size-thumbnail\" alt=\"\" \/><\/a>\n\t\t\t<\/div><\/figure>\n\t\t<\/div>\n\n<p>&nbsp;<\/p>\n<p>&nbsp;<\/p>\n<p>&nbsp;<\/p>\n<p>&nbsp;<\/p>\n","protected":false},"excerpt":{"rendered":"<p>A Delegacia Estadual de Investiga\u00e7\u00f5es de Homic\u00eddios (DIH) e a Divis\u00e3o de Prote\u00e7\u00e3o \u00e0 Sa\u00fade do Servidor (DPSS) realizaram, na manh\u00e3 desta quinta-feira (23), o projeto Opera\u00e7\u00e3o Sa\u00fade na DIH. Os servidores da DPSS passaram a manh\u00e3 realizando atendimentos aos policiais civis da DIH, como aferi\u00e7\u00e3o de press\u00e3o arterial, teste de glicemia e IMC. A [&hellip;]<\/p>\n","protected":false},"author":34,"featured_media":94259,"comment_status":"closed","ping_status":"closed","sticky":false,"template":"","format":"standard","meta":{"footnotes":""},"categories":[2538,92,6069],"tags":[145,7166,243,2420],"class_list":["post-94250","post","type-post","status-publish","format-standard","has-post-thumbnail","hentry","category-delegacias","category-especializadas","category-noticias-da-policia-civil","tag-dih","tag-dpss","tag-projeto","tag-saude"],"rttpg_featured_image_url":{"full":["https:\/\/goias.gov.br\/policiacivil\/wp-content\/uploads\/sites\/71\/2021\/09\/whatsapp-image-2021-09-23-at-08.48.55.jpeg",1068,519,false],"landscape":["https:\/\/goias.gov.br\/policiacivil\/wp-content\/uploads\/sites\/71\/2021\/09\/whatsapp-image-2021-09-23-at-08.48.55.jpeg",1068,519,false],"portraits":["https:\/\/goias.gov.br\/policiacivil\/wp-content\/uploads\/sites\/71\/2021\/09\/whatsapp-image-2021-09-23-at-08.48.55.jpeg",1068,519,false],"thumbnail":["https:\/\/goias.gov.br\/policiacivil\/wp-content\/uploads\/sites\/71\/2021\/09\/whatsapp-image-2021-09-23-at-08.48.55-300x300.jpeg",150,150,true],"medium":["https:\/\/goias.gov.br\/policiacivil\/wp-content\/uploads\/sites\/71\/2021\/09\/whatsapp-image-2021-09-23-at-08.48.55-500x243.jpeg",300,146,true],"large":["https:\/\/goias.gov.br\/policiacivil\/wp-content\/uploads\/sites\/71\/2021\/09\/whatsapp-image-2021-09-23-at-08.48.55.jpeg",1024,498,false],"1536x1536":["https:\/\/goias.gov.br\/policiacivil\/wp-content\/uploads\/sites\/71\/2021\/09\/whatsapp-image-2021-09-23-at-08.48.55.jpeg",1068,519,false],"2048x2048":["https:\/\/goias.gov.br\/policiacivil\/wp-content\/uploads\/sites\/71\/2021\/09\/whatsapp-image-2021-09-23-at-08.48.55.jpeg",1068,519,false]},"rttpg_author":{"display_name":"celsoassis","author_link":"https:\/\/goias.gov.br\/policiacivil\/author\/celsoassis\/"},"rttpg_comment":0,"rttpg_category":"<a href=\"https:\/\/goias.gov.br\/policiacivil\/categoria\/delegacias\/\" rel=\"category tag\">Delegacias<\/a> <a href=\"https:\/\/goias.gov.br\/policiacivil\/categoria\/delegacias\/especializadas\/\" rel=\"category tag\">Especializadas<\/a> <a href=\"https:\/\/goias.gov.br\/policiacivil\/categoria\/noticias\/noticias-da-policia-civil\/\" rel=\"category tag\">Not\u00edcias da Pol\u00edcia Civil<\/a>","rttpg_excerpt":"A Delegacia Estadual de Investiga\u00e7\u00f5es de Homic\u00eddios (DIH) e a Divis\u00e3o de Prote\u00e7\u00e3o \u00e0 Sa\u00fade do Servidor (DPSS) realizaram, na manh\u00e3 desta quinta-feira (23), o projeto Opera\u00e7\u00e3o Sa\u00fade na DIH. Os servidores da DPSS passaram a manh\u00e3 realizando atendimentos aos policiais civis da DIH, como aferi\u00e7\u00e3o de press\u00e3o arterial, teste de glicemia e IMC. A&hellip;","_links":{"self":[{"href":"https:\/\/goias.gov.br\/policiacivil\/wp-json\/wp\/v2\/posts\/94250","targetHints":{"allow":["GET"]}}],"collection":[{"href":"https:\/\/goias.gov.br\/policiacivil\/wp-json\/wp\/v2\/posts"}],"about":[{"href":"https:\/\/goias.gov.br\/policiacivil\/wp-json\/wp\/v2\/types\/post"}],"author":[{"embeddable":true,"href":"https:\/\/goias.gov.br\/policiacivil\/wp-json\/wp\/v2\/users\/34"}],"replies":[{"embeddable":true,"href":"https:\/\/goias.gov.br\/policiacivil\/wp-json\/wp\/v2\/comments?post=94250"}],"version-history":[{"count":0,"href":"https:\/\/goias.gov.br\/policiacivil\/wp-json\/wp\/v2\/posts\/94250\/revisions"}],"wp:featuredmedia":[{"embeddable":true,"href":"https:\/\/goias.gov.br\/policiacivil\/wp-json\/wp\/v2\/media\/94259"}],"wp:attachment":[{"href":"https:\/\/goias.gov.br\/policiacivil\/wp-json\/wp\/v2\/media?parent=94250"}],"wp:term":[{"taxonomy":"category","embeddable":true,"href":"https:\/\/goias.gov.br\/policiacivil\/wp-json\/wp\/v2\/categories?post=94250"},{"taxonomy":"post_tag","embeddable":true,"href":"https:\/\/goias.gov.br\/policiacivil\/wp-json\/wp\/v2\/tags?post=94250"}],"curies":[{"name":"wp","href":"https:\/\/api.w.org\/{rel}","templated":true}]}}