

{"id":92325,"date":"2021-07-29T10:30:21","date_gmt":"2021-07-29T13:30:21","guid":{"rendered":" https:\/\/goias.gov.br\/policiacivil\/?p=92325"},"modified":"2021-07-29T10:37:32","modified_gmt":"2021-07-29T13:37:32","slug":"deic-esclarece-latrocinio-prende-autor-e-recupera-objetos-subtraidos-preso-era-vizinho-da-vitima-que-teve-o-corpo-e-residencia-carbonizados","status":"publish","type":"post","link":"https:\/\/goias.gov.br\/policiacivil\/deic-esclarece-latrocinio-prende-autor-e-recupera-objetos-subtraidos-preso-era-vizinho-da-vitima-que-teve-o-corpo-e-residencia-carbonizados\/","title":{"rendered":"Deic esclarece latroc\u00ednio, prende autor e recupera objetos subtra\u00eddos; preso era vizinho da v\u00edtima, que teve o corpo e resid\u00eancia carbonizados"},"content":{"rendered":"<p style=\"text-align: justify;\"><img fetchpriority=\"high\" decoding=\"async\" class=\" wp-image-92328 alignleft\" src=\" https:\/\/goias.gov.br\/policiacivil\/wp-content\/uploads\/sites\/71\/2021\/07\/whatsapp-image-2021-07-29-at-09.33.13-500x366.jpeg\" alt=\"\" width=\"350\" height=\"256\" srcset=\"https:\/\/goias.gov.br\/policiacivil\/wp-content\/uploads\/sites\/71\/2021\/07\/whatsapp-image-2021-07-29-at-09.33.13-500x366.jpeg 500w, https:\/\/goias.gov.br\/policiacivil\/wp-content\/uploads\/sites\/71\/2021\/07\/whatsapp-image-2021-07-29-at-09.33.13-80x60.jpeg 80w, https:\/\/goias.gov.br\/policiacivil\/wp-content\/uploads\/sites\/71\/2021\/07\/whatsapp-image-2021-07-29-at-09.33.13-574x420.jpeg 574w, https:\/\/goias.gov.br\/policiacivil\/wp-content\/uploads\/sites\/71\/2021\/07\/whatsapp-image-2021-07-29-at-09.33.13.jpeg 597w\" sizes=\"(max-width: 350px) 100vw, 350px\" \/>A Pol\u00edcia Civil do Estado de Goi\u00e1s, por meio do Grupo de Repress\u00e3o a Latroc\u00ednios da Delegacia Estadual de Investiga\u00e7\u00f5es Criminais (GARRA-GRL\/DEIC), desvendou a autoria do crime de latroc\u00ednio, com requintes de crueldade, praticado contra a v\u00edtima S\u00f4nia Martins Candido. S\u00f4nia teve ainda o corpo carbonizado.\u00a0Segundo restou apurado, por volta da 00h30 hora, do dia 16 de maio deste ano, na Viela C-48, Setor Sudoeste, Goi\u00e2nia, S\u00f4nia Martins C\u00e2ndido, 63 anos, foi encontrada morta no interior de sua resid\u00eancia.<\/p>\n<p style=\"text-align: justify;\">Consta da apura\u00e7\u00e3o que uma vizinha da v\u00edtima ouviu o barulho de algu\u00e9m andando pelo telhado da casa de S\u00f4nia e, ao abrir a janela de seu quarto, observou labaredas de fogo e fuma\u00e7a vindas do interior daquela resid\u00eancia. Na sequ\u00eancia, acompanhada de sua m\u00e3e e irm\u00e3, sa\u00edram at\u00e9 a rua para ajudar a v\u00edtima, acreditando que ela dormiria e\/ou estaria presa dentro de casa. Enquanto gritavam pedindo por socorro, ao baterem no port\u00e3o do im\u00f3vel, verificou-se que ele estava aberto, apenas encostado. Em seguida, compareceram ao referido local outros dois vizinhos que adentraram no im\u00f3vel com uma mangueira d\u2019\u00e1gua para combaterem o fogo, enquanto os bombeiros n\u00e3o chegavam.<\/p>\n<p style=\"text-align: justify;\">Ap\u00f3s o inc\u00eandio ter sido controlado pelos Bombeiros Militares, constatou-se que a v\u00edtima j\u00e1 estava morta, dentro do seu quarto, com uma faca cravada em seu pesco\u00e7o e com o corpo parcialmente carbonizado. Os familiares da v\u00edtima sentiram a falta, naquele local, de uma televis\u00e3o smart, de um aparelho de telefonia m\u00f3vel celular, um ferro de passar roupa, de uma carteira de dinheiro, de uma bolsa e de uma mochila. Al\u00e9m disso, segundo foi informado, a v\u00edtima guardava seus cart\u00f5es banc\u00e1rios junto com suas respectivas senhas. <img decoding=\"async\" class=\" wp-image-92326 alignright\" src=\" https:\/\/goias.gov.br\/policiacivil\/wp-content\/uploads\/sites\/71\/2021\/07\/whatsapp-image-2021-07-28-at-17.45.28-500x281.jpeg\" alt=\"\" width=\"367\" height=\"206\" srcset=\"https:\/\/goias.gov.br\/policiacivil\/wp-content\/uploads\/sites\/71\/2021\/07\/whatsapp-image-2021-07-28-at-17.45.28-500x281.jpeg 500w, https:\/\/goias.gov.br\/policiacivil\/wp-content\/uploads\/sites\/71\/2021\/07\/whatsapp-image-2021-07-28-at-17.45.28-768x432.jpeg 768w, https:\/\/goias.gov.br\/policiacivil\/wp-content\/uploads\/sites\/71\/2021\/07\/whatsapp-image-2021-07-28-at-17.45.28-696x392.jpeg 696w, https:\/\/goias.gov.br\/policiacivil\/wp-content\/uploads\/sites\/71\/2021\/07\/whatsapp-image-2021-07-28-at-17.45.28-746x420.jpeg 746w, https:\/\/goias.gov.br\/policiacivil\/wp-content\/uploads\/sites\/71\/2021\/07\/whatsapp-image-2021-07-28-at-17.45.28.jpeg 1068w\" sizes=\"(max-width: 367px) 100vw, 367px\" \/><\/p>\n<p style=\"text-align: justify;\">Iniciada as investiga\u00e7\u00f5es, depois de in\u00fameras dilig\u00eancias, baseadas em representa\u00e7\u00f5es judicialmente autorizadas, o crime foi elucidado, com a pris\u00e3o tempor\u00e1ria cumprida em desfavor do autor do crime, o qual agiu sozinho. O autor, de 27 anos, foi preso no Jardim S\u00e3o Jos\u00e9, Goi\u00e2nia, nessa ter\u00e7a-feira (27).<\/p>\n<p style=\"text-align: justify;\">Suspeita-se de que ele tenha dopado a v\u00edtima com alguma subst\u00e2ncia entorpecente, inserida em uma vitamina de banana, servida para ela, que a deixou desacordada e incapaz de se defender da covarde agress\u00e3o. Parte dos objetos subtra\u00eddos foi recuperada e os possuidores dos bens &#8211; o aparelho de telefonia celular e a televis\u00e3o &#8211; apontaram o autor do crime como sendo a pessoa que os alienou os objetos.<\/p>\n<p style=\"text-align: justify;\">Cumpre salientar que o autor \u00e9 vizinho da v\u00edtima, com quem mantinha uma rela\u00e7\u00e3o de amizade e, no dia seguinte ao crime, concedeu entrevistas para diversas emissoras de televis\u00e3o, tentando passar a imagem de que ajudou a tentar salvar a v\u00edtima, combatendo o inc\u00eandio por ele mesmo iniciado, como se nada soubesse do que aconteceu. Ao final dos trabalhos, o investigado foi indiciado pelos crimes de latroc\u00ednio e inc\u00eandio.<\/p>\n","protected":false},"excerpt":{"rendered":"<p>A Pol\u00edcia Civil do Estado de Goi\u00e1s, por meio do Grupo de Repress\u00e3o a Latroc\u00ednios da Delegacia Estadual de Investiga\u00e7\u00f5es Criminais (GARRA-GRL\/DEIC), desvendou a autoria do crime de latroc\u00ednio, com requintes de crueldade, praticado contra a v\u00edtima S\u00f4nia Martins Candido. S\u00f4nia teve ainda o corpo carbonizado.\u00a0Segundo restou apurado, por volta da 00h30 hora, do dia [&hellip;]<\/p>\n","protected":false},"author":34,"featured_media":92327,"comment_status":"closed","ping_status":"closed","sticky":false,"template":"","format":"standard","meta":{"footnotes":""},"categories":[2538,92,6069],"tags":[6903,1335,3603,3822,659,7852],"class_list":["post-92325","post","type-post","status-publish","format-standard","has-post-thumbnail","hentry","category-delegacias","category-especializadas","category-noticias-da-policia-civil","tag-corpo-carbonizado","tag-goiania","tag-idosa","tag-incendio","tag-latrocinio","tag-setor-sudoeste"],"rttpg_featured_image_url":{"full":["https:\/\/goias.gov.br\/policiacivil\/wp-content\/uploads\/sites\/71\/2021\/07\/whatsapp-image-2021-07-29-at-09.28.25.jpeg",750,1000,false],"landscape":["https:\/\/goias.gov.br\/policiacivil\/wp-content\/uploads\/sites\/71\/2021\/07\/whatsapp-image-2021-07-29-at-09.28.25.jpeg",750,1000,false],"portraits":["https:\/\/goias.gov.br\/policiacivil\/wp-content\/uploads\/sites\/71\/2021\/07\/whatsapp-image-2021-07-29-at-09.28.25.jpeg",750,1000,false],"thumbnail":["https:\/\/goias.gov.br\/policiacivil\/wp-content\/uploads\/sites\/71\/2021\/07\/whatsapp-image-2021-07-29-at-09.28.25-300x300.jpeg",150,150,true],"medium":["https:\/\/goias.gov.br\/policiacivil\/wp-content\/uploads\/sites\/71\/2021\/07\/whatsapp-image-2021-07-29-at-09.28.25-375x500.jpeg",225,300,true],"large":["https:\/\/goias.gov.br\/policiacivil\/wp-content\/uploads\/sites\/71\/2021\/07\/whatsapp-image-2021-07-29-at-09.28.25.jpeg",750,1000,false],"1536x1536":["https:\/\/goias.gov.br\/policiacivil\/wp-content\/uploads\/sites\/71\/2021\/07\/whatsapp-image-2021-07-29-at-09.28.25.jpeg",750,1000,false],"2048x2048":["https:\/\/goias.gov.br\/policiacivil\/wp-content\/uploads\/sites\/71\/2021\/07\/whatsapp-image-2021-07-29-at-09.28.25.jpeg",750,1000,false]},"rttpg_author":{"display_name":"celsoassis","author_link":"https:\/\/goias.gov.br\/policiacivil\/author\/celsoassis\/"},"rttpg_comment":0,"rttpg_category":"<a href=\"https:\/\/goias.gov.br\/policiacivil\/categoria\/delegacias\/\" rel=\"category tag\">Delegacias<\/a> <a href=\"https:\/\/goias.gov.br\/policiacivil\/categoria\/delegacias\/especializadas\/\" rel=\"category tag\">Especializadas<\/a> <a href=\"https:\/\/goias.gov.br\/policiacivil\/categoria\/noticias\/noticias-da-policia-civil\/\" rel=\"category tag\">Not\u00edcias da Pol\u00edcia Civil<\/a>","rttpg_excerpt":"A Pol\u00edcia Civil do Estado de Goi\u00e1s, por meio do Grupo de Repress\u00e3o a Latroc\u00ednios da Delegacia Estadual de Investiga\u00e7\u00f5es Criminais (GARRA-GRL\/DEIC), desvendou a autoria do crime de latroc\u00ednio, com requintes de crueldade, praticado contra a v\u00edtima S\u00f4nia Martins Candido. S\u00f4nia teve ainda o corpo carbonizado.\u00a0Segundo restou apurado, por volta da 00h30 hora, do dia&hellip;","_links":{"self":[{"href":"https:\/\/goias.gov.br\/policiacivil\/wp-json\/wp\/v2\/posts\/92325","targetHints":{"allow":["GET"]}}],"collection":[{"href":"https:\/\/goias.gov.br\/policiacivil\/wp-json\/wp\/v2\/posts"}],"about":[{"href":"https:\/\/goias.gov.br\/policiacivil\/wp-json\/wp\/v2\/types\/post"}],"author":[{"embeddable":true,"href":"https:\/\/goias.gov.br\/policiacivil\/wp-json\/wp\/v2\/users\/34"}],"replies":[{"embeddable":true,"href":"https:\/\/goias.gov.br\/policiacivil\/wp-json\/wp\/v2\/comments?post=92325"}],"version-history":[{"count":0,"href":"https:\/\/goias.gov.br\/policiacivil\/wp-json\/wp\/v2\/posts\/92325\/revisions"}],"wp:featuredmedia":[{"embeddable":true,"href":"https:\/\/goias.gov.br\/policiacivil\/wp-json\/wp\/v2\/media\/92327"}],"wp:attachment":[{"href":"https:\/\/goias.gov.br\/policiacivil\/wp-json\/wp\/v2\/media?parent=92325"}],"wp:term":[{"taxonomy":"category","embeddable":true,"href":"https:\/\/goias.gov.br\/policiacivil\/wp-json\/wp\/v2\/categories?post=92325"},{"taxonomy":"post_tag","embeddable":true,"href":"https:\/\/goias.gov.br\/policiacivil\/wp-json\/wp\/v2\/tags?post=92325"}],"curies":[{"name":"wp","href":"https:\/\/api.w.org\/{rel}","templated":true}]}}