

{"id":91689,"date":"2021-07-06T11:08:08","date_gmt":"2021-07-06T14:08:08","guid":{"rendered":" https:\/\/goias.gov.br\/policiacivil\/?p=91689"},"modified":"2021-07-06T11:08:08","modified_gmt":"2021-07-06T14:08:08","slug":"pc-prende-em-flagrante-autor-de-tentativa-de-homicidio-em-goianesia-duas-armas-de-fogo-foram-apreendidas","status":"publish","type":"post","link":"https:\/\/goias.gov.br\/policiacivil\/pc-prende-em-flagrante-autor-de-tentativa-de-homicidio-em-goianesia-duas-armas-de-fogo-foram-apreendidas\/","title":{"rendered":"PC prende em flagrante autor de tentativa de homic\u00eddio em Goian\u00e9sia; duas armas de fogo foram apreendidas"},"content":{"rendered":"<p style=\"text-align: justify;\"><img fetchpriority=\"high\" decoding=\"async\" class=\" wp-image-91694 alignleft\" src=\" https:\/\/goias.gov.br\/policiacivil\/wp-content\/uploads\/sites\/71\/2021\/07\/whatsapp-image-2021-07-06-at-07.10.59-231x500.jpeg\" alt=\"\" width=\"166\" height=\"359\" srcset=\"https:\/\/goias.gov.br\/policiacivil\/wp-content\/uploads\/sites\/71\/2021\/07\/whatsapp-image-2021-07-06-at-07.10.59-231x500.jpeg 231w, https:\/\/goias.gov.br\/policiacivil\/wp-content\/uploads\/sites\/71\/2021\/07\/whatsapp-image-2021-07-06-at-07.10.59-194x420.jpeg 194w, https:\/\/goias.gov.br\/policiacivil\/wp-content\/uploads\/sites\/71\/2021\/07\/whatsapp-image-2021-07-06-at-07.10.59-388x840.jpeg 388w, https:\/\/goias.gov.br\/policiacivil\/wp-content\/uploads\/sites\/71\/2021\/07\/whatsapp-image-2021-07-06-at-07.10.59.jpeg 493w\" sizes=\"(max-width: 166px) 100vw, 166px\" \/>A Pol\u00edcia Civil, por meio do Grupo de Investiga\u00e7\u00f5es de Homic\u00eddios (GIH) de Goian\u00e9sia, prendeu em flagrante nessa segunda-feira (05) um homem suspeito da pr\u00e1tica do crime de homic\u00eddio. Foram apreendidas com o suposto autor duas armas de fogo. A v\u00edtima compareceu ontem na Delegacia para informar que havia sofrido uma tentativa de homic\u00eddio em raz\u00e3o de uma discuss\u00e3o por conta de divisas de terra em uma fazenda, pr\u00f3ximo ao povoado de Morro Branco, zona rural de Goian\u00e9sia.<\/p>\n<p style=\"text-align: justify;\">De acordo com o relatado pela v\u00edtima, por volta das 16h30min, durante a discuss\u00e3o, o autor efetuou tr\u00eas disparos de arma de fogo contra ela, apenas n\u00e3o obtendo \u00eaxito em sua empreitada porque a v\u00edtima fugiu correndo do local. Mesmo assim ela foi atingida de rasp\u00e3o em um dos bra\u00e7os.<\/p>\n<p style=\"text-align: justify;\">A v\u00edtima registrou ocorr\u00eancia e a equipe do GIH, tomando conhecimento da situa\u00e7\u00e3o, dirigiu-se at\u00e9 o local dos fatos onde, por volta das 19h30min, prendeu o suposto autor em flagrante e apreendeu duas armas de fogo. O suspeito foi conduzido \u00e0 Delegacia de Goian\u00e9sia para realiza\u00e7\u00e3o dos procedimentos de praxe, estando agora \u00e0 disposi\u00e7\u00e3o do Poder Judici\u00e1rio.<\/p>\n<p>&nbsp;<\/p>\n<p>&nbsp;<\/p>\n<p>&nbsp;<\/p>\n<div id='gallery-1' class='gallery galleryid-91689 gallery-columns-3 gallery-size-thumbnail'><figure class='gallery-item'>\n\t\t\t<div class='gallery-icon portrait'>\n\t\t\t\t<a href='https:\/\/goias.gov.br\/policiacivil\/wp-content\/uploads\/sites\/71\/2021\/07\/whatsapp-image-2021-07-06-at-07.10.58.jpeg'><img decoding=\"async\" width=\"150\" height=\"150\" src=\"https:\/\/goias.gov.br\/policiacivil\/wp-content\/uploads\/sites\/71\/2021\/07\/whatsapp-image-2021-07-06-at-07.10.58-300x300.jpeg\" class=\"attachment-thumbnail size-thumbnail\" alt=\"\" \/><\/a>\n\t\t\t<\/div><\/figure><figure class='gallery-item'>\n\t\t\t<div class='gallery-icon portrait'>\n\t\t\t\t<a href='https:\/\/goias.gov.br\/policiacivil\/wp-content\/uploads\/sites\/71\/2021\/07\/whatsapp-image-2021-07-06-at-07.10.58-2.jpeg'><img decoding=\"async\" width=\"150\" height=\"150\" src=\"https:\/\/goias.gov.br\/policiacivil\/wp-content\/uploads\/sites\/71\/2021\/07\/whatsapp-image-2021-07-06-at-07.10.58-2-300x300.jpeg\" class=\"attachment-thumbnail size-thumbnail\" alt=\"\" srcset=\"https:\/\/goias.gov.br\/policiacivil\/wp-content\/uploads\/sites\/71\/2021\/07\/whatsapp-image-2021-07-06-at-07.10.58-2-300x300.jpeg 300w, https:\/\/goias.gov.br\/policiacivil\/wp-content\/uploads\/sites\/71\/2021\/07\/whatsapp-image-2021-07-06-at-07.10.58-2-774x770.jpeg 774w\" sizes=\"(max-width: 150px) 100vw, 150px\" \/><\/a>\n\t\t\t<\/div><\/figure><figure class='gallery-item'>\n\t\t\t<div class='gallery-icon portrait'>\n\t\t\t\t<a href='https:\/\/goias.gov.br\/policiacivil\/wp-content\/uploads\/sites\/71\/2021\/07\/whatsapp-image-2021-07-06-at-07.10.58-1.jpeg'><img loading=\"lazy\" decoding=\"async\" width=\"150\" height=\"150\" src=\"https:\/\/goias.gov.br\/policiacivil\/wp-content\/uploads\/sites\/71\/2021\/07\/whatsapp-image-2021-07-06-at-07.10.58-1-300x300.jpeg\" class=\"attachment-thumbnail size-thumbnail\" alt=\"\" \/><\/a>\n\t\t\t<\/div><\/figure>\n\t\t<\/div>\n\n","protected":false},"excerpt":{"rendered":"<p>A Pol\u00edcia Civil, por meio do Grupo de Investiga\u00e7\u00f5es de Homic\u00eddios (GIH) de Goian\u00e9sia, prendeu em flagrante nessa segunda-feira (05) um homem suspeito da pr\u00e1tica do crime de homic\u00eddio. Foram apreendidas com o suposto autor duas armas de fogo. A v\u00edtima compareceu ontem na Delegacia para informar que havia sofrido uma tentativa de homic\u00eddio em [&hellip;]<\/p>\n","protected":false},"author":34,"featured_media":91690,"comment_status":"closed","ping_status":"closed","sticky":false,"template":"","format":"standard","meta":{"footnotes":""},"categories":[3202,2538,6069,89],"tags":[685,1291,230,4143],"class_list":["post-91689","post","type-post","status-publish","format-standard","has-post-thumbnail","hentry","category-15a-regional","category-delegacias","category-noticias-da-policia-civil","category-regionais","tag-fazenda","tag-gih","tag-goianesia","tag-tentativa-de-homicidio"],"rttpg_featured_image_url":{"full":["https:\/\/goias.gov.br\/policiacivil\/wp-content\/uploads\/sites\/71\/2021\/07\/whatsapp-image-2021-07-06-at-07.10.57.jpeg",529,534,false],"landscape":["https:\/\/goias.gov.br\/policiacivil\/wp-content\/uploads\/sites\/71\/2021\/07\/whatsapp-image-2021-07-06-at-07.10.57.jpeg",529,534,false],"portraits":["https:\/\/goias.gov.br\/policiacivil\/wp-content\/uploads\/sites\/71\/2021\/07\/whatsapp-image-2021-07-06-at-07.10.57.jpeg",529,534,false],"thumbnail":["https:\/\/goias.gov.br\/policiacivil\/wp-content\/uploads\/sites\/71\/2021\/07\/whatsapp-image-2021-07-06-at-07.10.57-300x300.jpeg",150,150,true],"medium":["https:\/\/goias.gov.br\/policiacivil\/wp-content\/uploads\/sites\/71\/2021\/07\/whatsapp-image-2021-07-06-at-07.10.57-495x500.jpeg",297,300,true],"large":["https:\/\/goias.gov.br\/policiacivil\/wp-content\/uploads\/sites\/71\/2021\/07\/whatsapp-image-2021-07-06-at-07.10.57.jpeg",529,534,false],"1536x1536":["https:\/\/goias.gov.br\/policiacivil\/wp-content\/uploads\/sites\/71\/2021\/07\/whatsapp-image-2021-07-06-at-07.10.57.jpeg",529,534,false],"2048x2048":["https:\/\/goias.gov.br\/policiacivil\/wp-content\/uploads\/sites\/71\/2021\/07\/whatsapp-image-2021-07-06-at-07.10.57.jpeg",529,534,false]},"rttpg_author":{"display_name":"celsoassis","author_link":"https:\/\/goias.gov.br\/policiacivil\/author\/celsoassis\/"},"rttpg_comment":0,"rttpg_category":"<a href=\"https:\/\/goias.gov.br\/policiacivil\/categoria\/drp\/15a-regional\/\" rel=\"category tag\">15\u00aa Regional<\/a> <a href=\"https:\/\/goias.gov.br\/policiacivil\/categoria\/delegacias\/\" rel=\"category tag\">Delegacias<\/a> <a href=\"https:\/\/goias.gov.br\/policiacivil\/categoria\/noticias\/noticias-da-policia-civil\/\" rel=\"category tag\">Not\u00edcias da Pol\u00edcia Civil<\/a> <a href=\"https:\/\/goias.gov.br\/policiacivil\/categoria\/delegacias\/regionais\/\" rel=\"category tag\">Regionais<\/a>","rttpg_excerpt":"A Pol\u00edcia Civil, por meio do Grupo de Investiga\u00e7\u00f5es de Homic\u00eddios (GIH) de Goian\u00e9sia, prendeu em flagrante nessa segunda-feira (05) um homem suspeito da pr\u00e1tica do crime de homic\u00eddio. Foram apreendidas com o suposto autor duas armas de fogo. A v\u00edtima compareceu ontem na Delegacia para informar que havia sofrido uma tentativa de homic\u00eddio em&hellip;","_links":{"self":[{"href":"https:\/\/goias.gov.br\/policiacivil\/wp-json\/wp\/v2\/posts\/91689","targetHints":{"allow":["GET"]}}],"collection":[{"href":"https:\/\/goias.gov.br\/policiacivil\/wp-json\/wp\/v2\/posts"}],"about":[{"href":"https:\/\/goias.gov.br\/policiacivil\/wp-json\/wp\/v2\/types\/post"}],"author":[{"embeddable":true,"href":"https:\/\/goias.gov.br\/policiacivil\/wp-json\/wp\/v2\/users\/34"}],"replies":[{"embeddable":true,"href":"https:\/\/goias.gov.br\/policiacivil\/wp-json\/wp\/v2\/comments?post=91689"}],"version-history":[{"count":0,"href":"https:\/\/goias.gov.br\/policiacivil\/wp-json\/wp\/v2\/posts\/91689\/revisions"}],"wp:featuredmedia":[{"embeddable":true,"href":"https:\/\/goias.gov.br\/policiacivil\/wp-json\/wp\/v2\/media\/91690"}],"wp:attachment":[{"href":"https:\/\/goias.gov.br\/policiacivil\/wp-json\/wp\/v2\/media?parent=91689"}],"wp:term":[{"taxonomy":"category","embeddable":true,"href":"https:\/\/goias.gov.br\/policiacivil\/wp-json\/wp\/v2\/categories?post=91689"},{"taxonomy":"post_tag","embeddable":true,"href":"https:\/\/goias.gov.br\/policiacivil\/wp-json\/wp\/v2\/tags?post=91689"}],"curies":[{"name":"wp","href":"https:\/\/api.w.org\/{rel}","templated":true}]}}