

{"id":90742,"date":"2021-06-07T11:00:32","date_gmt":"2021-06-07T14:00:32","guid":{"rendered":" https:\/\/goias.gov.br\/policiacivil\/?p=90742"},"modified":"2021-06-07T11:00:32","modified_gmt":"2021-06-07T14:00:32","slug":"ciberneticos-prende-suspeito-de-estuprar-irmao-de-7-anos-homem-ja-havia-sido-preso-com-material-pornografico-infantil","status":"publish","type":"post","link":"https:\/\/goias.gov.br\/policiacivil\/ciberneticos-prende-suspeito-de-estuprar-irmao-de-7-anos-homem-ja-havia-sido-preso-com-material-pornografico-infantil\/","title":{"rendered":"Cibern\u00e9ticos prende suspeito de estuprar irm\u00e3o de 7 anos; homem j\u00e1 havia sido preso com material pornogr\u00e1fico infantil"},"content":{"rendered":"<p style=\"text-align: justify;\"><img fetchpriority=\"high\" decoding=\"async\" class=\" wp-image-90746 alignleft\" src=\" https:\/\/goias.gov.br\/policiacivil\/wp-content\/uploads\/sites\/71\/2021\/06\/whatsapp-image-2021-06-07-at-10.17.15-500x353.jpeg\" alt=\"\" width=\"353\" height=\"249\" srcset=\"https:\/\/goias.gov.br\/policiacivil\/wp-content\/uploads\/sites\/71\/2021\/06\/whatsapp-image-2021-06-07-at-10.17.15-500x353.jpeg 500w, https:\/\/goias.gov.br\/policiacivil\/wp-content\/uploads\/sites\/71\/2021\/06\/whatsapp-image-2021-06-07-at-10.17.15-768x541.jpeg 768w, https:\/\/goias.gov.br\/policiacivil\/wp-content\/uploads\/sites\/71\/2021\/06\/whatsapp-image-2021-06-07-at-10.17.15-100x70.jpeg 100w, https:\/\/goias.gov.br\/policiacivil\/wp-content\/uploads\/sites\/71\/2021\/06\/whatsapp-image-2021-06-07-at-10.17.15-200x140.jpeg 200w, https:\/\/goias.gov.br\/policiacivil\/wp-content\/uploads\/sites\/71\/2021\/06\/whatsapp-image-2021-06-07-at-10.17.15-696x491.jpeg 696w, https:\/\/goias.gov.br\/policiacivil\/wp-content\/uploads\/sites\/71\/2021\/06\/whatsapp-image-2021-06-07-at-10.17.15-596x420.jpeg 596w, https:\/\/goias.gov.br\/policiacivil\/wp-content\/uploads\/sites\/71\/2021\/06\/whatsapp-image-2021-06-07-at-10.17.15.jpeg 1068w\" sizes=\"(max-width: 353px) 100vw, 353px\" \/>A Pol\u00edcia Civil, por meio da Delegacia Estadual de Repress\u00e3o a Crimes Cibern\u00e9ticos (DERCC), prendeu preventivamente um homem de 33 anos de idade pela pr\u00e1tica dos crimes de estupro de vulner\u00e1vel e por compartilhar e armazenar imagens pornogr\u00e1ficas infantis.<\/p>\n<p style=\"text-align: justify;\">Em abril deste ano, o mesmo homem havia sido preso em flagrante delito pela equipe da DERCC armazenando mais de 5 mil v\u00eddeos pornogr\u00e1ficos infantis em seu aparelho celular. Ocorre que, poucos dias depois, o autuado recebeu o direito de responder em liberdade. Mas, na continuidade das dilig\u00eancias, a equipe de policiais civis verificou que, dentre as milhares de horrendas imagens contidas no aparelho, constava algumas de um menino que apresentava grande semelhan\u00e7a f\u00edsica com o preso. Foi ent\u00e3o que os investigadores comprovaram que aquela crian\u00e7a era irm\u00e3o do preso e que o homem que aparecia violentando o garoto era o pr\u00f3prio preso.<\/p>\n<p style=\"text-align: justify;\">A DERCC verificou tamb\u00e9m que as imagens do abuso sexual teriam sido produzidas pelo pr\u00f3prio investigado, na \u00e9poca em que seu irm\u00e3o contava com apenas 7 anos de idade. Desta forma, a autoridade policial representou judicialmente pela pris\u00e3o preventiva do indiciado e, ap\u00f3s parecer favor\u00e1vel do Minist\u00e9rio P\u00fablico, a pris\u00e3o foi judicialmente deferida.<\/p>\n<p style=\"text-align: justify;\">O investigado \u00e9 natural do estado do Par\u00e1 e foi preso neste domingo (06). &#8220;A investiga\u00e7\u00e3o chamou aten\u00e7\u00e3o de toda a equipe da Cibern\u00e9ticos e deixa o alerta de que a pr\u00e1tica de compartilhar e armazenar imagens pornogr\u00e1ficas infantis deve ser encarada como algo execr\u00e1vel e inaceit\u00e1vel, pois muitas vezes aquela pessoa pode ser um estuprador e n\u00e3o somente um adorador criminoso de tais imagens&#8221;, declara a titular da Dercc, delegada Sabrina Leles.<\/p>\n","protected":false},"excerpt":{"rendered":"<p>A Pol\u00edcia Civil, por meio da Delegacia Estadual de Repress\u00e3o a Crimes Cibern\u00e9ticos (DERCC), prendeu preventivamente um homem de 33 anos de idade pela pr\u00e1tica dos crimes de estupro de vulner\u00e1vel e por compartilhar e armazenar imagens pornogr\u00e1ficas infantis. Em abril deste ano, o mesmo homem havia sido preso em flagrante delito pela equipe da [&hellip;]<\/p>\n","protected":false},"author":34,"featured_media":90746,"comment_status":"closed","ping_status":"closed","sticky":false,"template":"","format":"standard","meta":{"footnotes":""},"categories":[2538,92,6069],"tags":[6453,1606,5914,2543,8802,5854,8833],"class_list":["post-90742","post","type-post","status-publish","format-standard","has-post-thumbnail","hentry","category-delegacias","category-especializadas","category-noticias-da-policia-civil","tag-autor-preso","tag-crianca","tag-crimes-ciberneticos","tag-estupro-de-vulneravel","tag-imagens-pornograficas","tag-irmao","tag-vitima-irmao"],"rttpg_featured_image_url":{"full":["https:\/\/goias.gov.br\/policiacivil\/wp-content\/uploads\/sites\/71\/2021\/06\/whatsapp-image-2021-06-07-at-10.17.15.jpeg",1068,753,false],"landscape":["https:\/\/goias.gov.br\/policiacivil\/wp-content\/uploads\/sites\/71\/2021\/06\/whatsapp-image-2021-06-07-at-10.17.15.jpeg",1068,753,false],"portraits":["https:\/\/goias.gov.br\/policiacivil\/wp-content\/uploads\/sites\/71\/2021\/06\/whatsapp-image-2021-06-07-at-10.17.15.jpeg",1068,753,false],"thumbnail":["https:\/\/goias.gov.br\/policiacivil\/wp-content\/uploads\/sites\/71\/2021\/06\/whatsapp-image-2021-06-07-at-10.17.15-300x300.jpeg",150,150,true],"medium":["https:\/\/goias.gov.br\/policiacivil\/wp-content\/uploads\/sites\/71\/2021\/06\/whatsapp-image-2021-06-07-at-10.17.15-500x353.jpeg",300,212,true],"large":["https:\/\/goias.gov.br\/policiacivil\/wp-content\/uploads\/sites\/71\/2021\/06\/whatsapp-image-2021-06-07-at-10.17.15.jpeg",1024,722,false],"1536x1536":["https:\/\/goias.gov.br\/policiacivil\/wp-content\/uploads\/sites\/71\/2021\/06\/whatsapp-image-2021-06-07-at-10.17.15.jpeg",1068,753,false],"2048x2048":["https:\/\/goias.gov.br\/policiacivil\/wp-content\/uploads\/sites\/71\/2021\/06\/whatsapp-image-2021-06-07-at-10.17.15.jpeg",1068,753,false]},"rttpg_author":{"display_name":"celsoassis","author_link":"https:\/\/goias.gov.br\/policiacivil\/author\/celsoassis\/"},"rttpg_comment":0,"rttpg_category":"<a href=\"https:\/\/goias.gov.br\/policiacivil\/categoria\/delegacias\/\" rel=\"category tag\">Delegacias<\/a> <a href=\"https:\/\/goias.gov.br\/policiacivil\/categoria\/delegacias\/especializadas\/\" rel=\"category tag\">Especializadas<\/a> <a href=\"https:\/\/goias.gov.br\/policiacivil\/categoria\/noticias\/noticias-da-policia-civil\/\" rel=\"category tag\">Not\u00edcias da Pol\u00edcia Civil<\/a>","rttpg_excerpt":"A Pol\u00edcia Civil, por meio da Delegacia Estadual de Repress\u00e3o a Crimes Cibern\u00e9ticos (DERCC), prendeu preventivamente um homem de 33 anos de idade pela pr\u00e1tica dos crimes de estupro de vulner\u00e1vel e por compartilhar e armazenar imagens pornogr\u00e1ficas infantis. Em abril deste ano, o mesmo homem havia sido preso em flagrante delito pela equipe da&hellip;","_links":{"self":[{"href":"https:\/\/goias.gov.br\/policiacivil\/wp-json\/wp\/v2\/posts\/90742","targetHints":{"allow":["GET"]}}],"collection":[{"href":"https:\/\/goias.gov.br\/policiacivil\/wp-json\/wp\/v2\/posts"}],"about":[{"href":"https:\/\/goias.gov.br\/policiacivil\/wp-json\/wp\/v2\/types\/post"}],"author":[{"embeddable":true,"href":"https:\/\/goias.gov.br\/policiacivil\/wp-json\/wp\/v2\/users\/34"}],"replies":[{"embeddable":true,"href":"https:\/\/goias.gov.br\/policiacivil\/wp-json\/wp\/v2\/comments?post=90742"}],"version-history":[{"count":0,"href":"https:\/\/goias.gov.br\/policiacivil\/wp-json\/wp\/v2\/posts\/90742\/revisions"}],"wp:featuredmedia":[{"embeddable":true,"href":"https:\/\/goias.gov.br\/policiacivil\/wp-json\/wp\/v2\/media\/90746"}],"wp:attachment":[{"href":"https:\/\/goias.gov.br\/policiacivil\/wp-json\/wp\/v2\/media?parent=90742"}],"wp:term":[{"taxonomy":"category","embeddable":true,"href":"https:\/\/goias.gov.br\/policiacivil\/wp-json\/wp\/v2\/categories?post=90742"},{"taxonomy":"post_tag","embeddable":true,"href":"https:\/\/goias.gov.br\/policiacivil\/wp-json\/wp\/v2\/tags?post=90742"}],"curies":[{"name":"wp","href":"https:\/\/api.w.org\/{rel}","templated":true}]}}