

{"id":90529,"date":"2021-05-27T16:32:41","date_gmt":"2021-05-27T19:32:41","guid":{"rendered":" https:\/\/goias.gov.br\/policiacivil\/?p=90529"},"modified":"2021-05-27T16:32:41","modified_gmt":"2021-05-27T19:32:41","slug":"voce-sabe-o-que-sao-doencas-psicossomaticas","status":"publish","type":"post","link":"https:\/\/goias.gov.br\/policiacivil\/voce-sabe-o-que-sao-doencas-psicossomaticas\/","title":{"rendered":"Voc\u00ea sabe o que s\u00e3o doen\u00e7as psicossom\u00e1ticas?"},"content":{"rendered":"<p style=\"text-align: justify;\"><img fetchpriority=\"high\" decoding=\"async\" class=\" wp-image-90531 alignleft\" src=\" https:\/\/goias.gov.br\/policiacivil\/wp-content\/uploads\/sites\/71\/2021\/05\/whatsapp-image-2021-05-27-at-15.43.47-500x400.jpeg\" alt=\"\" width=\"343\" height=\"274\" srcset=\"https:\/\/goias.gov.br\/policiacivil\/wp-content\/uploads\/sites\/71\/2021\/05\/whatsapp-image-2021-05-27-at-15.43.47-500x400.jpeg 500w, https:\/\/goias.gov.br\/policiacivil\/wp-content\/uploads\/sites\/71\/2021\/05\/whatsapp-image-2021-05-27-at-15.43.47-768x615.jpeg 768w, https:\/\/goias.gov.br\/policiacivil\/wp-content\/uploads\/sites\/71\/2021\/05\/whatsapp-image-2021-05-27-at-15.43.47-696x557.jpeg 696w, https:\/\/goias.gov.br\/policiacivil\/wp-content\/uploads\/sites\/71\/2021\/05\/whatsapp-image-2021-05-27-at-15.43.47-525x420.jpeg 525w, https:\/\/goias.gov.br\/policiacivil\/wp-content\/uploads\/sites\/71\/2021\/05\/whatsapp-image-2021-05-27-at-15.43.47-1049x840.jpeg 1049w, https:\/\/goias.gov.br\/policiacivil\/wp-content\/uploads\/sites\/71\/2021\/05\/whatsapp-image-2021-05-27-at-15.43.47.jpeg 1068w\" sizes=\"(max-width: 343px) 100vw, 343px\" \/>O adoecimento \u00e9 um desequil\u00edbrio na sa\u00fade atrav\u00e9s de um dist\u00farbio no organismo caracterizado por sinais e sintomas. O diagn\u00f3stico m\u00e9dico geralmente \u00e9 respons\u00e1vel por encontrar e tratar a origem desse problema, por\u00e9m, nem todas as doen\u00e7as surgem unicamente do corpo, como \u00e9 o caso das doen\u00e7as psicossom\u00e1ticas.<\/p>\n<p style=\"text-align: justify;\">Tanto a medicina quanto a psicologia consideram uma enfermidade como psicossom\u00e1tica quando n\u00e3o h\u00e1 correspondente org\u00e2nico aparente para o adoecimento. Assim a causa \u00e9 compreendida na intera\u00e7\u00e3o das dimens\u00f5es biol\u00f3gica, psicol\u00f3gica e social. Sendo assim, o estresse e o sofrimento ps\u00edquico podem ocasionar em sinais e sintomas no corpo mesmo sem nenhuma raz\u00e3o fisiol\u00f3gica aparente.<\/p>\n<p style=\"text-align: justify;\">H\u00e1 uma correspond\u00eancia entre os fatores org\u00e2nicos e ps\u00edquicos no adoecimento psicossom\u00e1tico. Assim, compreendemos que a doen\u00e7a n\u00e3o \u00e9 mero resultado de desajustes biol\u00f3gicos, mas tamb\u00e9m produto das trocas do corpo com a mente e com o ambiente externo.<\/p>\n<p style=\"text-align: justify;\">O organismo e a mente est\u00e3o intrinsecamente articulados, nossos sentimentos e pensamentos sempre encontram express\u00e3o no corpo e podemos observar isso de v\u00e1rias formas, desde a secre\u00e7\u00e3o de l\u00e1grimas quando estamos emocionados at\u00e9 a taquicardia quando sentimos medo ou nervosismo por exemplo.<\/p>\n<p style=\"text-align: justify;\">Uma hip\u00f3tese diagn\u00f3stica para as doen\u00e7as psicossom\u00e1ticas \u00e9 de que as rea\u00e7\u00f5es fisiol\u00f3gicas liberadas em situa\u00e7\u00f5es de estresse podem desencadear fraquezas no sistema imunol\u00f3gico aumentando a possibilidade do adoecimento f\u00edsico.<\/p>\n<p style=\"text-align: justify;\">Essa express\u00e3o f\u00edsica do sofrimento mental \u00e9 conceituada por especialistas como \u201csomatiza\u00e7\u00e3o\u201d. A somatiza\u00e7\u00e3o representa a evas\u00e3o de sentimentos desagrad\u00e1veis e ang\u00fastias atrav\u00e9s do organismo quando n\u00e3o h\u00e1 reconhecimento ou acolhimento da ang\u00fastia emocional.<\/p>\n<p style=\"text-align: justify;\">A somatiza\u00e7\u00e3o pode variar em intensidade e frequ\u00eancia, aparecendo em leves dores de cabe\u00e7a ap\u00f3s momentos de estresse ou ang\u00fastia ou at\u00e9 tamb\u00e9m pelas dores e fadiga t\u00edpicas da Fibromialgia. O que qualifica a somatiza\u00e7\u00e3o como um adoecimento \u00e9 a periodicidade e o n\u00edvel dos preju\u00edzos acarretados.<\/p>\n<p style=\"text-align: justify;\">Segundo especialistas, o crit\u00e9rio diagn\u00f3stico para a Fibromialgia \u00e9 a presen\u00e7a de dores difusas nos m\u00fasculos e articula\u00e7\u00f5es, sem que haja origens org\u00e2nicas, por pelo menos tr\u00eas meses. A dor musculoesquel\u00e9tica \u00e9 acompanhada por fadiga, dist\u00farbios do sono e at\u00e9 mesmo depress\u00e3o e ansiedade.<\/p>\n<p style=\"text-align: justify;\">Considerando o contexto emocional intenso e desgastante por tr\u00e1s do adoecimento psicossom\u00e1tico, compreendemos a necessidade da psicoterapia para buscar a cura efetiva, al\u00e9m do acompanhamento m\u00e9dico. O tratamento psicol\u00f3gico \u00e9 um processo de supera\u00e7\u00e3o dos sintomas atrav\u00e9s da compreens\u00e3o e elabora\u00e7\u00e3o dos sentimentos e ideias, possibilitando melhor qualidade de vida e bem-estar.<\/p>\n<p style=\"text-align: justify;\">Produzido por: Gabriela Radaelli (Estagi\u00e1ria de Psicologia da DPSS)<br \/>\nRespons\u00e1vel t\u00e9cnica: Aline Resende (Chefe da Se\u00e7\u00e3o de Psicologia da DPSS)<\/p>\n<p style=\"text-align: justify;\">REFER\u00caNCIAS:<br \/>\nLIMA, Cl\u00e1udia Pietr\u00e2ngelo; CARVALHO, Cristina Vilela de. Fibromialgia: uma abordagem psicol\u00f3gica. Aletheia, Canoas , n. 28, p. 146-158, dez. 2008 . Dispon\u00edvel em &lt;http:\/\/pepsic.bvsalud.org\/scielo.php?script=sci_arttext&amp;pid=S1413-03942008000200012&amp;lng=pt&amp;nrm=iso&gt;. acessos em 24 maio 2021.<\/p>\n","protected":false},"excerpt":{"rendered":"<p>O adoecimento \u00e9 um desequil\u00edbrio na sa\u00fade atrav\u00e9s de um dist\u00farbio no organismo caracterizado por sinais e sintomas. O diagn\u00f3stico m\u00e9dico geralmente \u00e9 respons\u00e1vel por encontrar e tratar a origem desse problema, por\u00e9m, nem todas as doen\u00e7as surgem unicamente do corpo, como \u00e9 o caso das doen\u00e7as psicossom\u00e1ticas. Tanto a medicina quanto a psicologia consideram [&hellip;]<\/p>\n","protected":false},"author":34,"featured_media":90531,"comment_status":"closed","ping_status":"closed","sticky":false,"template":"","format":"standard","meta":{"footnotes":""},"categories":[2538,537],"tags":[7166],"class_list":["post-90529","post","type-post","status-publish","format-standard","has-post-thumbnail","hentry","category-delegacias","category-ultimo-segundo","tag-dpss"],"rttpg_featured_image_url":{"full":["https:\/\/goias.gov.br\/policiacivil\/wp-content\/uploads\/sites\/71\/2021\/05\/whatsapp-image-2021-05-27-at-15.43.47.jpeg",1068,855,false],"landscape":["https:\/\/goias.gov.br\/policiacivil\/wp-content\/uploads\/sites\/71\/2021\/05\/whatsapp-image-2021-05-27-at-15.43.47.jpeg",1068,855,false],"portraits":["https:\/\/goias.gov.br\/policiacivil\/wp-content\/uploads\/sites\/71\/2021\/05\/whatsapp-image-2021-05-27-at-15.43.47.jpeg",1068,855,false],"thumbnail":["https:\/\/goias.gov.br\/policiacivil\/wp-content\/uploads\/sites\/71\/2021\/05\/whatsapp-image-2021-05-27-at-15.43.47-300x300.jpeg",150,150,true],"medium":["https:\/\/goias.gov.br\/policiacivil\/wp-content\/uploads\/sites\/71\/2021\/05\/whatsapp-image-2021-05-27-at-15.43.47-500x400.jpeg",300,240,true],"large":["https:\/\/goias.gov.br\/policiacivil\/wp-content\/uploads\/sites\/71\/2021\/05\/whatsapp-image-2021-05-27-at-15.43.47.jpeg",1024,820,false],"1536x1536":["https:\/\/goias.gov.br\/policiacivil\/wp-content\/uploads\/sites\/71\/2021\/05\/whatsapp-image-2021-05-27-at-15.43.47.jpeg",1068,855,false],"2048x2048":["https:\/\/goias.gov.br\/policiacivil\/wp-content\/uploads\/sites\/71\/2021\/05\/whatsapp-image-2021-05-27-at-15.43.47.jpeg",1068,855,false]},"rttpg_author":{"display_name":"celsoassis","author_link":"https:\/\/goias.gov.br\/policiacivil\/author\/celsoassis\/"},"rttpg_comment":0,"rttpg_category":"<a href=\"https:\/\/goias.gov.br\/policiacivil\/categoria\/delegacias\/\" rel=\"category tag\">Delegacias<\/a> <a href=\"https:\/\/goias.gov.br\/policiacivil\/categoria\/ultimo-segundo\/\" rel=\"category tag\">\u00daltimo Segundo<\/a>","rttpg_excerpt":"O adoecimento \u00e9 um desequil\u00edbrio na sa\u00fade atrav\u00e9s de um dist\u00farbio no organismo caracterizado por sinais e sintomas. O diagn\u00f3stico m\u00e9dico geralmente \u00e9 respons\u00e1vel por encontrar e tratar a origem desse problema, por\u00e9m, nem todas as doen\u00e7as surgem unicamente do corpo, como \u00e9 o caso das doen\u00e7as psicossom\u00e1ticas. Tanto a medicina quanto a psicologia consideram&hellip;","_links":{"self":[{"href":"https:\/\/goias.gov.br\/policiacivil\/wp-json\/wp\/v2\/posts\/90529","targetHints":{"allow":["GET"]}}],"collection":[{"href":"https:\/\/goias.gov.br\/policiacivil\/wp-json\/wp\/v2\/posts"}],"about":[{"href":"https:\/\/goias.gov.br\/policiacivil\/wp-json\/wp\/v2\/types\/post"}],"author":[{"embeddable":true,"href":"https:\/\/goias.gov.br\/policiacivil\/wp-json\/wp\/v2\/users\/34"}],"replies":[{"embeddable":true,"href":"https:\/\/goias.gov.br\/policiacivil\/wp-json\/wp\/v2\/comments?post=90529"}],"version-history":[{"count":0,"href":"https:\/\/goias.gov.br\/policiacivil\/wp-json\/wp\/v2\/posts\/90529\/revisions"}],"wp:featuredmedia":[{"embeddable":true,"href":"https:\/\/goias.gov.br\/policiacivil\/wp-json\/wp\/v2\/media\/90531"}],"wp:attachment":[{"href":"https:\/\/goias.gov.br\/policiacivil\/wp-json\/wp\/v2\/media?parent=90529"}],"wp:term":[{"taxonomy":"category","embeddable":true,"href":"https:\/\/goias.gov.br\/policiacivil\/wp-json\/wp\/v2\/categories?post=90529"},{"taxonomy":"post_tag","embeddable":true,"href":"https:\/\/goias.gov.br\/policiacivil\/wp-json\/wp\/v2\/tags?post=90529"}],"curies":[{"name":"wp","href":"https:\/\/api.w.org\/{rel}","templated":true}]}}