

{"id":90500,"date":"2021-05-27T08:05:56","date_gmt":"2021-05-27T11:05:56","guid":{"rendered":" https:\/\/goias.gov.br\/policiacivil\/?p=90500"},"modified":"2021-05-27T11:39:10","modified_gmt":"2021-05-27T14:39:10","slug":"dpca-localiza-menor-desaparecida-homem-que-a-abrigou-e-investigado-por-subtracao-de-incapazes","status":"publish","type":"post","link":"https:\/\/goias.gov.br\/policiacivil\/dpca-localiza-menor-desaparecida-homem-que-a-abrigou-e-investigado-por-subtracao-de-incapazes\/","title":{"rendered":"DPCA localiza menor desaparecida; homem que a abrigou \u00e9 investigado por subtra\u00e7\u00e3o de incapazes"},"content":{"rendered":"<p style=\"text-align: justify;\"><img fetchpriority=\"high\" decoding=\"async\" class=\" wp-image-90501 alignleft\" src=\" https:\/\/goias.gov.br\/policiacivil\/wp-content\/uploads\/sites\/71\/2021\/05\/whatsapp-image-2021-05-27-at-09.56.10-375x500.jpeg\" alt=\"\" width=\"287\" height=\"383\" srcset=\"https:\/\/goias.gov.br\/policiacivil\/wp-content\/uploads\/sites\/71\/2021\/05\/whatsapp-image-2021-05-27-at-09.56.10-375x500.jpeg 375w, https:\/\/goias.gov.br\/policiacivil\/wp-content\/uploads\/sites\/71\/2021\/05\/whatsapp-image-2021-05-27-at-09.56.10-768x1024.jpeg 768w, https:\/\/goias.gov.br\/policiacivil\/wp-content\/uploads\/sites\/71\/2021\/05\/whatsapp-image-2021-05-27-at-09.56.10-696x928.jpeg 696w, https:\/\/goias.gov.br\/policiacivil\/wp-content\/uploads\/sites\/71\/2021\/05\/whatsapp-image-2021-05-27-at-09.56.10-315x420.jpeg 315w, https:\/\/goias.gov.br\/policiacivil\/wp-content\/uploads\/sites\/71\/2021\/05\/whatsapp-image-2021-05-27-at-09.56.10-630x840.jpeg 630w, https:\/\/goias.gov.br\/policiacivil\/wp-content\/uploads\/sites\/71\/2021\/05\/whatsapp-image-2021-05-27-at-09.56.10.jpeg 801w\" sizes=\"(max-width: 287px) 100vw, 287px\" \/>A Pol\u00edcia Civil do Estado de Goi\u00e1s, por meio da Delegacia de Prote\u00e7\u00e3o \u00e0 Crian\u00e7a e ao Adolescente (DPCA) de Goi\u00e2nia, localizou, na data de ontem (26), a menor Isabela, 14 anos, desaparecida desde o dia 16 deste m\u00eas.<\/p>\n<p style=\"text-align: justify;\">Ap\u00f3s dilig\u00eancias investigativas, a equipe policial obteve a informa\u00e7\u00e3o de que a menor havia marcado um encontro, na noite da quinta-feira passada (20), com uma amiga, em um posto de combust\u00edvel situado em Goi\u00e2nia. Com isso, os policiais civis intensificaram o monitoramento, obtendo \u00eaxito em localizar a adolescente.<\/p>\n<p style=\"text-align: justify;\">A menor alegou ter fugido de casa em raz\u00e3o das agress\u00f5es f\u00edsicas perpetradas por seu pai. Ela foi abrigada, dias depois, por um indiv\u00edduo maior de idade, morador do bairro Maysa 3, em Trindade, o qual foi encaminhado \u00e0 Central-Geral de Flagrantes e responder\u00e1 pelo crime de subtra\u00e7\u00e3o de incapazes. Ele foi autuado mediante um Termo Circunstanciado de Ocorr\u00eancia (TCO).<\/p>\n<p style=\"text-align: justify;\">O Conselho Tutelar foi imediatamente acionado para ado\u00e7\u00e3o das provid\u00eancias cab\u00edveis, com os devidos encaminhamentos assistenciais. A Policia Civil investigar\u00e1 o caso, visando avaliar se houve algum outro fato criminoso envolvido. A menor foi localizada em boas condi\u00e7\u00f5es de sa\u00fade e sem sinais aparentes de restri\u00e7\u00e3o de sua liberdade.<\/p>\n","protected":false},"excerpt":{"rendered":"<p>A Pol\u00edcia Civil do Estado de Goi\u00e1s, por meio da Delegacia de Prote\u00e7\u00e3o \u00e0 Crian\u00e7a e ao Adolescente (DPCA) de Goi\u00e2nia, localizou, na data de ontem (26), a menor Isabela, 14 anos, desaparecida desde o dia 16 deste m\u00eas. Ap\u00f3s dilig\u00eancias investigativas, a equipe policial obteve a informa\u00e7\u00e3o de que a menor havia marcado um [&hellip;]<\/p>\n","protected":false},"author":34,"featured_media":90501,"comment_status":"closed","ping_status":"closed","sticky":false,"template":"","format":"standard","meta":{"footnotes":""},"categories":[3188,2538,6069,89],"tags":[7704,665,8821,1335,28],"class_list":["post-90500","post","type-post","status-publish","format-standard","has-post-thumbnail","hentry","category-1a-regional","category-delegacias","category-noticias-da-policia-civil","category-regionais","tag-desaparecida","tag-dpca","tag-encontrada","tag-goiania","tag-menor"],"rttpg_featured_image_url":{"full":["https:\/\/goias.gov.br\/policiacivil\/wp-content\/uploads\/sites\/71\/2021\/05\/whatsapp-image-2021-05-27-at-09.56.10.jpeg",801,1068,false],"landscape":["https:\/\/goias.gov.br\/policiacivil\/wp-content\/uploads\/sites\/71\/2021\/05\/whatsapp-image-2021-05-27-at-09.56.10.jpeg",801,1068,false],"portraits":["https:\/\/goias.gov.br\/policiacivil\/wp-content\/uploads\/sites\/71\/2021\/05\/whatsapp-image-2021-05-27-at-09.56.10.jpeg",801,1068,false],"thumbnail":["https:\/\/goias.gov.br\/policiacivil\/wp-content\/uploads\/sites\/71\/2021\/05\/whatsapp-image-2021-05-27-at-09.56.10-300x300.jpeg",150,150,true],"medium":["https:\/\/goias.gov.br\/policiacivil\/wp-content\/uploads\/sites\/71\/2021\/05\/whatsapp-image-2021-05-27-at-09.56.10-375x500.jpeg",225,300,true],"large":["https:\/\/goias.gov.br\/policiacivil\/wp-content\/uploads\/sites\/71\/2021\/05\/whatsapp-image-2021-05-27-at-09.56.10.jpeg",768,1024,false],"1536x1536":["https:\/\/goias.gov.br\/policiacivil\/wp-content\/uploads\/sites\/71\/2021\/05\/whatsapp-image-2021-05-27-at-09.56.10.jpeg",801,1068,false],"2048x2048":["https:\/\/goias.gov.br\/policiacivil\/wp-content\/uploads\/sites\/71\/2021\/05\/whatsapp-image-2021-05-27-at-09.56.10.jpeg",801,1068,false]},"rttpg_author":{"display_name":"celsoassis","author_link":"https:\/\/goias.gov.br\/policiacivil\/author\/celsoassis\/"},"rttpg_comment":0,"rttpg_category":"<a href=\"https:\/\/goias.gov.br\/policiacivil\/categoria\/drp\/1a-regional\/\" rel=\"category tag\">1\u00aa Regional<\/a> <a href=\"https:\/\/goias.gov.br\/policiacivil\/categoria\/delegacias\/\" rel=\"category tag\">Delegacias<\/a> <a href=\"https:\/\/goias.gov.br\/policiacivil\/categoria\/noticias\/noticias-da-policia-civil\/\" rel=\"category tag\">Not\u00edcias da Pol\u00edcia Civil<\/a> <a href=\"https:\/\/goias.gov.br\/policiacivil\/categoria\/delegacias\/regionais\/\" rel=\"category tag\">Regionais<\/a>","rttpg_excerpt":"A Pol\u00edcia Civil do Estado de Goi\u00e1s, por meio da Delegacia de Prote\u00e7\u00e3o \u00e0 Crian\u00e7a e ao Adolescente (DPCA) de Goi\u00e2nia, localizou, na data de ontem (26), a menor Isabela, 14 anos, desaparecida desde o dia 16 deste m\u00eas. Ap\u00f3s dilig\u00eancias investigativas, a equipe policial obteve a informa\u00e7\u00e3o de que a menor havia marcado um&hellip;","_links":{"self":[{"href":"https:\/\/goias.gov.br\/policiacivil\/wp-json\/wp\/v2\/posts\/90500","targetHints":{"allow":["GET"]}}],"collection":[{"href":"https:\/\/goias.gov.br\/policiacivil\/wp-json\/wp\/v2\/posts"}],"about":[{"href":"https:\/\/goias.gov.br\/policiacivil\/wp-json\/wp\/v2\/types\/post"}],"author":[{"embeddable":true,"href":"https:\/\/goias.gov.br\/policiacivil\/wp-json\/wp\/v2\/users\/34"}],"replies":[{"embeddable":true,"href":"https:\/\/goias.gov.br\/policiacivil\/wp-json\/wp\/v2\/comments?post=90500"}],"version-history":[{"count":0,"href":"https:\/\/goias.gov.br\/policiacivil\/wp-json\/wp\/v2\/posts\/90500\/revisions"}],"wp:featuredmedia":[{"embeddable":true,"href":"https:\/\/goias.gov.br\/policiacivil\/wp-json\/wp\/v2\/media\/90501"}],"wp:attachment":[{"href":"https:\/\/goias.gov.br\/policiacivil\/wp-json\/wp\/v2\/media?parent=90500"}],"wp:term":[{"taxonomy":"category","embeddable":true,"href":"https:\/\/goias.gov.br\/policiacivil\/wp-json\/wp\/v2\/categories?post=90500"},{"taxonomy":"post_tag","embeddable":true,"href":"https:\/\/goias.gov.br\/policiacivil\/wp-json\/wp\/v2\/tags?post=90500"}],"curies":[{"name":"wp","href":"https:\/\/api.w.org\/{rel}","templated":true}]}}