

{"id":90495,"date":"2021-05-27T09:49:47","date_gmt":"2021-05-27T12:49:47","guid":{"rendered":" https:\/\/goias.gov.br\/policiacivil\/?p=90495"},"modified":"2021-05-27T09:50:19","modified_gmt":"2021-05-27T12:50:19","slug":"genarc-luziania-prende-suspeito-de-trafico-em-luziania","status":"publish","type":"post","link":"https:\/\/goias.gov.br\/policiacivil\/genarc-luziania-prende-suspeito-de-trafico-em-luziania\/","title":{"rendered":"Genarc Luzi\u00e2nia prende suspeito de tr\u00e1fico e associa\u00e7\u00e3o para o tr\u00e1fico"},"content":{"rendered":"<p style=\"text-align: justify;\"><img fetchpriority=\"high\" decoding=\"async\" class=\" wp-image-90496 alignleft\" src=\" https:\/\/goias.gov.br\/policiacivil\/wp-content\/uploads\/sites\/71\/2021\/05\/whatsapp-image-2021-05-26-at-20.25.23-500x375.jpeg\" alt=\"\" width=\"391\" height=\"293\" srcset=\"https:\/\/goias.gov.br\/policiacivil\/wp-content\/uploads\/sites\/71\/2021\/05\/whatsapp-image-2021-05-26-at-20.25.23-500x375.jpeg 500w, https:\/\/goias.gov.br\/policiacivil\/wp-content\/uploads\/sites\/71\/2021\/05\/whatsapp-image-2021-05-26-at-20.25.23-768x576.jpeg 768w, https:\/\/goias.gov.br\/policiacivil\/wp-content\/uploads\/sites\/71\/2021\/05\/whatsapp-image-2021-05-26-at-20.25.23-80x60.jpeg 80w, https:\/\/goias.gov.br\/policiacivil\/wp-content\/uploads\/sites\/71\/2021\/05\/whatsapp-image-2021-05-26-at-20.25.23-160x120.jpeg 160w, https:\/\/goias.gov.br\/policiacivil\/wp-content\/uploads\/sites\/71\/2021\/05\/whatsapp-image-2021-05-26-at-20.25.23-265x198.jpeg 265w, https:\/\/goias.gov.br\/policiacivil\/wp-content\/uploads\/sites\/71\/2021\/05\/whatsapp-image-2021-05-26-at-20.25.23-530x396.jpeg 530w, https:\/\/goias.gov.br\/policiacivil\/wp-content\/uploads\/sites\/71\/2021\/05\/whatsapp-image-2021-05-26-at-20.25.23-696x522.jpeg 696w, https:\/\/goias.gov.br\/policiacivil\/wp-content\/uploads\/sites\/71\/2021\/05\/whatsapp-image-2021-05-26-at-20.25.23-560x420.jpeg 560w, https:\/\/goias.gov.br\/policiacivil\/wp-content\/uploads\/sites\/71\/2021\/05\/whatsapp-image-2021-05-26-at-20.25.23.jpeg 1024w\" sizes=\"(max-width: 391px) 100vw, 391px\" \/>A Pol\u00edcia Civil do Estado de Goi\u00e1s, por meio do Grupo Especial de Repress\u00e3o a Narc\u00f3ticos (Genarc) de Luzi\u00e2nia cumpriu mandado de pris\u00e3o em desfavor de um investigado pelo crime de tr\u00e1fico de drogas e associa\u00e7\u00e3o para o tr\u00e1fico. O homem foi preso na cidade nessa segunda-feira (24).<\/p>\n<p style=\"text-align: justify;\">A investiga\u00e7\u00e3o feita pelo Genarc indicou que o homem era respons\u00e1vel pela distribui\u00e7\u00e3o de drogas a pequenos traficantes na regi\u00e3o do Mingone II, em Luzi\u00e2nia.<\/p>\n<p style=\"text-align: justify;\">Os policiais identificaram o distribuidor de drogas ap\u00f3s a pris\u00e3o de dois traficantes com mais de 500 por\u00e7\u00f5es de crack em janeiro deste ano. O investigado encontre-se recolhido na Unidade Prisional de Luzi\u00e2nia \u00e0 disposi\u00e7\u00e3o do Poder Judici\u00e1rio.<\/p>\n","protected":false},"excerpt":{"rendered":"<p>A Pol\u00edcia Civil do Estado de Goi\u00e1s, por meio do Grupo Especial de Repress\u00e3o a Narc\u00f3ticos (Genarc) de Luzi\u00e2nia cumpriu mandado de pris\u00e3o em desfavor de um investigado pelo crime de tr\u00e1fico de drogas e associa\u00e7\u00e3o para o tr\u00e1fico. O homem foi preso na cidade nessa segunda-feira (24). A investiga\u00e7\u00e3o feita pelo Genarc indicou que [&hellip;]<\/p>\n","protected":false},"author":34,"featured_media":90497,"comment_status":"closed","ping_status":"closed","sticky":false,"template":"","format":"standard","meta":{"footnotes":""},"categories":[3192,2538,6069,89],"tags":[15,950],"class_list":["post-90495","post","type-post","status-publish","format-standard","has-post-thumbnail","hentry","category-5a-regional","category-delegacias","category-noticias-da-policia-civil","category-regionais","tag-gernarc","tag-luziania"],"rttpg_featured_image_url":{"full":["https:\/\/goias.gov.br\/policiacivil\/wp-content\/uploads\/sites\/71\/2021\/05\/whatsapp-image-2021-05-26-at-20.25.25.jpeg",1024,768,false],"landscape":["https:\/\/goias.gov.br\/policiacivil\/wp-content\/uploads\/sites\/71\/2021\/05\/whatsapp-image-2021-05-26-at-20.25.25.jpeg",1024,768,false],"portraits":["https:\/\/goias.gov.br\/policiacivil\/wp-content\/uploads\/sites\/71\/2021\/05\/whatsapp-image-2021-05-26-at-20.25.25.jpeg",1024,768,false],"thumbnail":["https:\/\/goias.gov.br\/policiacivil\/wp-content\/uploads\/sites\/71\/2021\/05\/whatsapp-image-2021-05-26-at-20.25.25-300x300.jpeg",150,150,true],"medium":["https:\/\/goias.gov.br\/policiacivil\/wp-content\/uploads\/sites\/71\/2021\/05\/whatsapp-image-2021-05-26-at-20.25.25-500x375.jpeg",300,225,true],"large":["https:\/\/goias.gov.br\/policiacivil\/wp-content\/uploads\/sites\/71\/2021\/05\/whatsapp-image-2021-05-26-at-20.25.25.jpeg",1024,768,false],"1536x1536":["https:\/\/goias.gov.br\/policiacivil\/wp-content\/uploads\/sites\/71\/2021\/05\/whatsapp-image-2021-05-26-at-20.25.25.jpeg",1024,768,false],"2048x2048":["https:\/\/goias.gov.br\/policiacivil\/wp-content\/uploads\/sites\/71\/2021\/05\/whatsapp-image-2021-05-26-at-20.25.25.jpeg",1024,768,false]},"rttpg_author":{"display_name":"celsoassis","author_link":"https:\/\/goias.gov.br\/policiacivil\/author\/celsoassis\/"},"rttpg_comment":0,"rttpg_category":"<a href=\"https:\/\/goias.gov.br\/policiacivil\/categoria\/drp\/5a-regional\/\" rel=\"category tag\">5\u00aa Regional<\/a> <a href=\"https:\/\/goias.gov.br\/policiacivil\/categoria\/delegacias\/\" rel=\"category tag\">Delegacias<\/a> <a href=\"https:\/\/goias.gov.br\/policiacivil\/categoria\/noticias\/noticias-da-policia-civil\/\" rel=\"category tag\">Not\u00edcias da Pol\u00edcia Civil<\/a> <a href=\"https:\/\/goias.gov.br\/policiacivil\/categoria\/delegacias\/regionais\/\" rel=\"category tag\">Regionais<\/a>","rttpg_excerpt":"A Pol\u00edcia Civil do Estado de Goi\u00e1s, por meio do Grupo Especial de Repress\u00e3o a Narc\u00f3ticos (Genarc) de Luzi\u00e2nia cumpriu mandado de pris\u00e3o em desfavor de um investigado pelo crime de tr\u00e1fico de drogas e associa\u00e7\u00e3o para o tr\u00e1fico. O homem foi preso na cidade nessa segunda-feira (24). A investiga\u00e7\u00e3o feita pelo Genarc indicou que&hellip;","_links":{"self":[{"href":"https:\/\/goias.gov.br\/policiacivil\/wp-json\/wp\/v2\/posts\/90495","targetHints":{"allow":["GET"]}}],"collection":[{"href":"https:\/\/goias.gov.br\/policiacivil\/wp-json\/wp\/v2\/posts"}],"about":[{"href":"https:\/\/goias.gov.br\/policiacivil\/wp-json\/wp\/v2\/types\/post"}],"author":[{"embeddable":true,"href":"https:\/\/goias.gov.br\/policiacivil\/wp-json\/wp\/v2\/users\/34"}],"replies":[{"embeddable":true,"href":"https:\/\/goias.gov.br\/policiacivil\/wp-json\/wp\/v2\/comments?post=90495"}],"version-history":[{"count":0,"href":"https:\/\/goias.gov.br\/policiacivil\/wp-json\/wp\/v2\/posts\/90495\/revisions"}],"wp:featuredmedia":[{"embeddable":true,"href":"https:\/\/goias.gov.br\/policiacivil\/wp-json\/wp\/v2\/media\/90497"}],"wp:attachment":[{"href":"https:\/\/goias.gov.br\/policiacivil\/wp-json\/wp\/v2\/media?parent=90495"}],"wp:term":[{"taxonomy":"category","embeddable":true,"href":"https:\/\/goias.gov.br\/policiacivil\/wp-json\/wp\/v2\/categories?post=90495"},{"taxonomy":"post_tag","embeddable":true,"href":"https:\/\/goias.gov.br\/policiacivil\/wp-json\/wp\/v2\/tags?post=90495"}],"curies":[{"name":"wp","href":"https:\/\/api.w.org\/{rel}","templated":true}]}}