

{"id":89965,"date":"2021-05-12T09:49:34","date_gmt":"2021-05-12T12:49:34","guid":{"rendered":" https:\/\/goias.gov.br\/policiacivil\/?p=89965"},"modified":"2021-05-12T09:49:34","modified_gmt":"2021-05-12T12:49:34","slug":"garra-deic-prende-o-homicida-mais-procurado-de-itumbiara-ele-era-foragido-de-dois-estados","status":"publish","type":"post","link":"https:\/\/goias.gov.br\/policiacivil\/garra-deic-prende-o-homicida-mais-procurado-de-itumbiara-ele-era-foragido-de-dois-estados\/","title":{"rendered":"GARRA\/DEIC prende o homicida mais procurado de Itumbiara; ele era foragido de dois Estados"},"content":{"rendered":"<p style=\"text-align: justify;\"><img fetchpriority=\"high\" decoding=\"async\" class=\" wp-image-89967 alignleft\" src=\" https:\/\/goias.gov.br\/policiacivil\/wp-content\/uploads\/sites\/71\/2021\/05\/whatsapp-image-2021-05-12-at-09.45.57-500x375.jpeg\" alt=\"\" width=\"376\" height=\"282\" srcset=\"https:\/\/goias.gov.br\/policiacivil\/wp-content\/uploads\/sites\/71\/2021\/05\/whatsapp-image-2021-05-12-at-09.45.57-500x375.jpeg 500w, https:\/\/goias.gov.br\/policiacivil\/wp-content\/uploads\/sites\/71\/2021\/05\/whatsapp-image-2021-05-12-at-09.45.57-768x576.jpeg 768w, https:\/\/goias.gov.br\/policiacivil\/wp-content\/uploads\/sites\/71\/2021\/05\/whatsapp-image-2021-05-12-at-09.45.57-80x60.jpeg 80w, https:\/\/goias.gov.br\/policiacivil\/wp-content\/uploads\/sites\/71\/2021\/05\/whatsapp-image-2021-05-12-at-09.45.57-160x120.jpeg 160w, https:\/\/goias.gov.br\/policiacivil\/wp-content\/uploads\/sites\/71\/2021\/05\/whatsapp-image-2021-05-12-at-09.45.57-265x198.jpeg 265w, https:\/\/goias.gov.br\/policiacivil\/wp-content\/uploads\/sites\/71\/2021\/05\/whatsapp-image-2021-05-12-at-09.45.57-530x396.jpeg 530w, https:\/\/goias.gov.br\/policiacivil\/wp-content\/uploads\/sites\/71\/2021\/05\/whatsapp-image-2021-05-12-at-09.45.57-696x522.jpeg 696w, https:\/\/goias.gov.br\/policiacivil\/wp-content\/uploads\/sites\/71\/2021\/05\/whatsapp-image-2021-05-12-at-09.45.57-560x420.jpeg 560w, https:\/\/goias.gov.br\/policiacivil\/wp-content\/uploads\/sites\/71\/2021\/05\/whatsapp-image-2021-05-12-at-09.45.57.jpeg 1068w\" sizes=\"(max-width: 376px) 100vw, 376px\" \/>A Pol\u00edcia Civil, por meio da Delegacia Estadual de Investiga\u00e7\u00f5es Criminais (DEIC) e seu Grupo de Repress\u00e3o a Roubos (GARRA), ap\u00f3s troca de informa\u00e7\u00f5es com o Grupo Especial de Repress\u00e3o a Narc\u00f3ticos (Genarc) e o Grupo de Investiga\u00e7\u00f5es de Homic\u00eddios (GIH) de Itumbiara, efetuou nessa ter\u00e7a-feira (11) a pris\u00e3o de Gilliardy de Sousa Moreira, 26 anos, conhecido como \u201cK.R.\u201d, considerado o homicida mais procurado da cidade de Itumbiara.<\/p>\n<p style=\"text-align: justify;\">Gilliardy era procurado pelas Justi\u00e7as de Minas Gerais e Goi\u00e1s, havendo contra ele tr\u00eas mandados de pris\u00e3o em aberto. Ele esteve preso na cidade de Uberl\u00e2ndia (MG), onde, de forma ainda a ser esclarecida, conseguiu fugir do Pres\u00eddio Professor Jacy de Assis.<\/p>\n<p style=\"text-align: justify;\">A equipe do GARRA\/DEIC recebeu informa\u00e7\u00f5es do Genarc de Itumbiara a respeito do paradeiro de um criminoso de alta periculosidade, suspeito de pertencer a uma conhecida fac\u00e7\u00e3o criminosa, que estaria em um condom\u00ednio de pr\u00e9dios na cidade de Aparecida de Goi\u00e2nia. Os policiais civis foram at\u00e9 o local onde, ap\u00f3s os levantamentos t\u00edpicos de investiga\u00e7\u00e3o, conseguiram efetuar a pris\u00e3o do foragido. No momento da abordagem, o investigado tentou ludibriar os policiais, apresentando documento de identidade falso, em nome de uma terceira pessoa.<\/p>\n<p style=\"text-align: justify;\">Na resid\u00eancia, foi apreendido um rev\u00f3lver, calibre .38. A apreens\u00e3o poder\u00e1 auxiliar na elucida\u00e7\u00e3o de diversos crimes ocorridos em Itumbiara, onde o preso \u00e9 investigado por quatro homic\u00eddios consumados e tr\u00eas tentados. O investigado teve cumprido os tr\u00eas mandados de pris\u00e3o e ainda autuado em flagrante delito pelos crimes de posse irregular de arma de fogo e uso de documento falso.<\/p>\n<p style=\"text-align: justify;\">A divulga\u00e7\u00e3o da imagem e identifica\u00e7\u00e3o do preso foi procedida nos termos da Lei n\u00ba 13.869\/2019, Portaria n\u00ba 02\/2020 \u2013 PC e Despacho do Delegado de Pol\u00edcia respons\u00e1vel pela pris\u00e3o, especialmente porque o preso \u00e9 suspeito de praticar outros crimes graves e a divulga\u00e7\u00e3o de sua imagem pode auxiliar no esclarecimento de outros crimes, ap\u00f3s reconhecimento por poss\u00edveis testemunhas.<\/p>\n","protected":false},"excerpt":{"rendered":"<p>A Pol\u00edcia Civil, por meio da Delegacia Estadual de Investiga\u00e7\u00f5es Criminais (DEIC) e seu Grupo de Repress\u00e3o a Roubos (GARRA), ap\u00f3s troca de informa\u00e7\u00f5es com o Grupo Especial de Repress\u00e3o a Narc\u00f3ticos (Genarc) e o Grupo de Investiga\u00e7\u00f5es de Homic\u00eddios (GIH) de Itumbiara, efetuou nessa ter\u00e7a-feira (11) a pris\u00e3o de Gilliardy de Sousa Moreira, 26 [&hellip;]<\/p>\n","protected":false},"author":34,"featured_media":89966,"comment_status":"closed","ping_status":"closed","sticky":false,"template":"","format":"standard","meta":{"footnotes":""},"categories":[2538,92,6069],"tags":[1019,16,861,4135],"class_list":["post-89965","post","type-post","status-publish","format-standard","has-post-thumbnail","hentry","category-delegacias","category-especializadas","category-noticias-da-policia-civil","tag-homicida","tag-itumbiara","tag-prisao","tag-procurado"],"rttpg_featured_image_url":{"full":["https:\/\/goias.gov.br\/policiacivil\/wp-content\/uploads\/sites\/71\/2021\/05\/whatsapp-image-2021-05-11-at-21.07.10.jpeg",1068,801,false],"landscape":["https:\/\/goias.gov.br\/policiacivil\/wp-content\/uploads\/sites\/71\/2021\/05\/whatsapp-image-2021-05-11-at-21.07.10.jpeg",1068,801,false],"portraits":["https:\/\/goias.gov.br\/policiacivil\/wp-content\/uploads\/sites\/71\/2021\/05\/whatsapp-image-2021-05-11-at-21.07.10.jpeg",1068,801,false],"thumbnail":["https:\/\/goias.gov.br\/policiacivil\/wp-content\/uploads\/sites\/71\/2021\/05\/whatsapp-image-2021-05-11-at-21.07.10-300x300.jpeg",150,150,true],"medium":["https:\/\/goias.gov.br\/policiacivil\/wp-content\/uploads\/sites\/71\/2021\/05\/whatsapp-image-2021-05-11-at-21.07.10-500x375.jpeg",300,225,true],"large":["https:\/\/goias.gov.br\/policiacivil\/wp-content\/uploads\/sites\/71\/2021\/05\/whatsapp-image-2021-05-11-at-21.07.10.jpeg",1024,768,false],"1536x1536":["https:\/\/goias.gov.br\/policiacivil\/wp-content\/uploads\/sites\/71\/2021\/05\/whatsapp-image-2021-05-11-at-21.07.10.jpeg",1068,801,false],"2048x2048":["https:\/\/goias.gov.br\/policiacivil\/wp-content\/uploads\/sites\/71\/2021\/05\/whatsapp-image-2021-05-11-at-21.07.10.jpeg",1068,801,false]},"rttpg_author":{"display_name":"celsoassis","author_link":"https:\/\/goias.gov.br\/policiacivil\/author\/celsoassis\/"},"rttpg_comment":0,"rttpg_category":"<a href=\"https:\/\/goias.gov.br\/policiacivil\/categoria\/delegacias\/\" rel=\"category tag\">Delegacias<\/a> <a href=\"https:\/\/goias.gov.br\/policiacivil\/categoria\/delegacias\/especializadas\/\" rel=\"category tag\">Especializadas<\/a> <a href=\"https:\/\/goias.gov.br\/policiacivil\/categoria\/noticias\/noticias-da-policia-civil\/\" rel=\"category tag\">Not\u00edcias da Pol\u00edcia Civil<\/a>","rttpg_excerpt":"A Pol\u00edcia Civil, por meio da Delegacia Estadual de Investiga\u00e7\u00f5es Criminais (DEIC) e seu Grupo de Repress\u00e3o a Roubos (GARRA), ap\u00f3s troca de informa\u00e7\u00f5es com o Grupo Especial de Repress\u00e3o a Narc\u00f3ticos (Genarc) e o Grupo de Investiga\u00e7\u00f5es de Homic\u00eddios (GIH) de Itumbiara, efetuou nessa ter\u00e7a-feira (11) a pris\u00e3o de Gilliardy de Sousa Moreira, 26&hellip;","_links":{"self":[{"href":"https:\/\/goias.gov.br\/policiacivil\/wp-json\/wp\/v2\/posts\/89965","targetHints":{"allow":["GET"]}}],"collection":[{"href":"https:\/\/goias.gov.br\/policiacivil\/wp-json\/wp\/v2\/posts"}],"about":[{"href":"https:\/\/goias.gov.br\/policiacivil\/wp-json\/wp\/v2\/types\/post"}],"author":[{"embeddable":true,"href":"https:\/\/goias.gov.br\/policiacivil\/wp-json\/wp\/v2\/users\/34"}],"replies":[{"embeddable":true,"href":"https:\/\/goias.gov.br\/policiacivil\/wp-json\/wp\/v2\/comments?post=89965"}],"version-history":[{"count":0,"href":"https:\/\/goias.gov.br\/policiacivil\/wp-json\/wp\/v2\/posts\/89965\/revisions"}],"wp:featuredmedia":[{"embeddable":true,"href":"https:\/\/goias.gov.br\/policiacivil\/wp-json\/wp\/v2\/media\/89966"}],"wp:attachment":[{"href":"https:\/\/goias.gov.br\/policiacivil\/wp-json\/wp\/v2\/media?parent=89965"}],"wp:term":[{"taxonomy":"category","embeddable":true,"href":"https:\/\/goias.gov.br\/policiacivil\/wp-json\/wp\/v2\/categories?post=89965"},{"taxonomy":"post_tag","embeddable":true,"href":"https:\/\/goias.gov.br\/policiacivil\/wp-json\/wp\/v2\/tags?post=89965"}],"curies":[{"name":"wp","href":"https:\/\/api.w.org\/{rel}","templated":true}]}}