

{"id":84129,"date":"2020-10-16T08:00:26","date_gmt":"2020-10-16T11:00:26","guid":{"rendered":" https:\/\/goias.gov.br\/policiacivil\/?p=84129"},"modified":"2020-10-16T11:50:34","modified_gmt":"2020-10-16T14:50:34","slug":"policia-civil-prende-autores-de-homicidio-em-aparecida-de-goiania","status":"publish","type":"post","link":"https:\/\/goias.gov.br\/policiacivil\/policia-civil-prende-autores-de-homicidio-em-aparecida-de-goiania\/","title":{"rendered":"Pol\u00edcia Civil prende autores de homic\u00eddio em Aparecida de Goi\u00e2nia"},"content":{"rendered":"<p style=\"text-align: justify;\">A Pol\u00edcia Civil do Estado de Goi\u00e1s, atrav\u00e9s do Grupo de Investiga\u00e7\u00e3o de Homic\u00eddios (GIH) de Aparecida de Goi\u00e2nia, cumpriu nessa quarta-feira (14) dois mandados de pris\u00e3o tempor\u00e1ria expedidos pela 4\u00aa Vara Criminal de Aparecida de Goi\u00e2nia, em desfavor de dois suspeitos de serem os autores do homic\u00eddio que vitimou Fernando Ant\u00f4nio da Silva, de 36 anos.<\/p>\n<p style=\"text-align: justify;\">O crime ocorreu no dia 16 de abril deste ano, no Setor Jardim Tiradentes, Aparecida. A v\u00edtima que, de acordo com vizinhos, era usu\u00e1rio drogas, no dia anterior teria discutido com os autores e possivelmente entrado em luta corporal com eles. Logo ap\u00f3s o barulho teria cessado e n\u00e3o ouviram mais nada.<\/p>\n<p style=\"text-align: justify;\">A Pol\u00edcia Civil, ao chegar no local, deparou-se com Fernando ca\u00eddo ao solo. Os autores (de 31 e 34 anos), de forma cruel, teriam degolado a v\u00edtima no quintal de sua resid\u00eancia, utilizando para isso uma faca, encontrada cravada no pesco\u00e7o da v\u00edtima. Tamb\u00e9m foi localizada uma outra arma utilizada no crime, um canivete. Ap\u00f3s investiga\u00e7\u00f5es por parte dos policiais civis, foi poss\u00edvel prender os autores, que j\u00e1 foram transferidos para a pris\u00e3o.<\/p>\n","protected":false},"excerpt":{"rendered":"<p>A Pol\u00edcia Civil do Estado de Goi\u00e1s, atrav\u00e9s do Grupo de Investiga\u00e7\u00e3o de Homic\u00eddios (GIH) de Aparecida de Goi\u00e2nia, cumpriu nessa quarta-feira (14) dois mandados de pris\u00e3o tempor\u00e1ria expedidos pela 4\u00aa Vara Criminal de Aparecida de Goi\u00e2nia, em desfavor de dois suspeitos de serem os autores do homic\u00eddio que vitimou Fernando Ant\u00f4nio da Silva, de [&hellip;]<\/p>\n","protected":false},"author":34,"featured_media":72352,"comment_status":"closed","ping_status":"closed","sticky":false,"template":"","format":"standard","meta":{"footnotes":""},"categories":[3189,2538,92,6069],"tags":[234,1291,23],"class_list":["post-84129","post","type-post","status-publish","format-standard","has-post-thumbnail","hentry","category-2a-regional","category-delegacias","category-especializadas","category-noticias-da-policia-civil","tag-aparecida-de-goiania","tag-gih","tag-homicidio"],"rttpg_featured_image_url":{"full":["https:\/\/goias.gov.br\/policiacivil\/wp-content\/uploads\/sites\/71\/2019\/04\/logo-preta-pcgo.jpg",473,333,false],"landscape":["https:\/\/goias.gov.br\/policiacivil\/wp-content\/uploads\/sites\/71\/2019\/04\/logo-preta-pcgo.jpg",473,333,false],"portraits":["https:\/\/goias.gov.br\/policiacivil\/wp-content\/uploads\/sites\/71\/2019\/04\/logo-preta-pcgo.jpg",473,333,false],"thumbnail":["https:\/\/goias.gov.br\/policiacivil\/wp-content\/uploads\/sites\/71\/2019\/04\/logo-preta-pcgo-300x300.jpg",150,150,true],"medium":["https:\/\/goias.gov.br\/policiacivil\/wp-content\/uploads\/sites\/71\/2019\/04\/logo-preta-pcgo.jpg",300,211,false],"large":["https:\/\/goias.gov.br\/policiacivil\/wp-content\/uploads\/sites\/71\/2019\/04\/logo-preta-pcgo.jpg",473,333,false],"1536x1536":["https:\/\/goias.gov.br\/policiacivil\/wp-content\/uploads\/sites\/71\/2019\/04\/logo-preta-pcgo.jpg",473,333,false],"2048x2048":["https:\/\/goias.gov.br\/policiacivil\/wp-content\/uploads\/sites\/71\/2019\/04\/logo-preta-pcgo.jpg",473,333,false]},"rttpg_author":{"display_name":"celsoassis","author_link":"https:\/\/goias.gov.br\/policiacivil\/author\/celsoassis\/"},"rttpg_comment":0,"rttpg_category":"<a href=\"https:\/\/goias.gov.br\/policiacivil\/categoria\/drp\/2a-regional\/\" rel=\"category tag\">2\u00aa Regional<\/a> <a href=\"https:\/\/goias.gov.br\/policiacivil\/categoria\/delegacias\/\" rel=\"category tag\">Delegacias<\/a> <a href=\"https:\/\/goias.gov.br\/policiacivil\/categoria\/delegacias\/especializadas\/\" rel=\"category tag\">Especializadas<\/a> <a href=\"https:\/\/goias.gov.br\/policiacivil\/categoria\/noticias\/noticias-da-policia-civil\/\" rel=\"category tag\">Not\u00edcias da Pol\u00edcia Civil<\/a>","rttpg_excerpt":"A Pol\u00edcia Civil do Estado de Goi\u00e1s, atrav\u00e9s do Grupo de Investiga\u00e7\u00e3o de Homic\u00eddios (GIH) de Aparecida de Goi\u00e2nia, cumpriu nessa quarta-feira (14) dois mandados de pris\u00e3o tempor\u00e1ria expedidos pela 4\u00aa Vara Criminal de Aparecida de Goi\u00e2nia, em desfavor de dois suspeitos de serem os autores do homic\u00eddio que vitimou Fernando Ant\u00f4nio da Silva, de&hellip;","_links":{"self":[{"href":"https:\/\/goias.gov.br\/policiacivil\/wp-json\/wp\/v2\/posts\/84129","targetHints":{"allow":["GET"]}}],"collection":[{"href":"https:\/\/goias.gov.br\/policiacivil\/wp-json\/wp\/v2\/posts"}],"about":[{"href":"https:\/\/goias.gov.br\/policiacivil\/wp-json\/wp\/v2\/types\/post"}],"author":[{"embeddable":true,"href":"https:\/\/goias.gov.br\/policiacivil\/wp-json\/wp\/v2\/users\/34"}],"replies":[{"embeddable":true,"href":"https:\/\/goias.gov.br\/policiacivil\/wp-json\/wp\/v2\/comments?post=84129"}],"version-history":[{"count":0,"href":"https:\/\/goias.gov.br\/policiacivil\/wp-json\/wp\/v2\/posts\/84129\/revisions"}],"wp:featuredmedia":[{"embeddable":true,"href":"https:\/\/goias.gov.br\/policiacivil\/wp-json\/wp\/v2\/media\/72352"}],"wp:attachment":[{"href":"https:\/\/goias.gov.br\/policiacivil\/wp-json\/wp\/v2\/media?parent=84129"}],"wp:term":[{"taxonomy":"category","embeddable":true,"href":"https:\/\/goias.gov.br\/policiacivil\/wp-json\/wp\/v2\/categories?post=84129"},{"taxonomy":"post_tag","embeddable":true,"href":"https:\/\/goias.gov.br\/policiacivil\/wp-json\/wp\/v2\/tags?post=84129"}],"curies":[{"name":"wp","href":"https:\/\/api.w.org\/{rel}","templated":true}]}}