

{"id":84117,"date":"2020-10-16T09:32:50","date_gmt":"2020-10-16T12:32:50","guid":{"rendered":" https:\/\/goias.gov.br\/policiacivil\/?p=84117"},"modified":"2020-10-16T09:32:50","modified_gmt":"2020-10-16T12:32:50","slug":"como-conviver-no-dia-a-dia-com-alguem-ansioso","status":"publish","type":"post","link":"https:\/\/goias.gov.br\/policiacivil\/como-conviver-no-dia-a-dia-com-alguem-ansioso\/","title":{"rendered":"Como conviver no dia a dia com algu\u00e9m ansioso?"},"content":{"rendered":"<p style=\"text-align: justify;\">A ansiedade \u00e9 uma atividade emocional natural do ser humano diante da possibilidade de eventos temidos, ou seja, \u00e9 uma resposta adaptativa vinculada a comportamentos de fuga. Como uma defesa tipicamente humana, a ansiedade pode ser compreendida e trabalhada na terapia e em outras rela\u00e7\u00f5es sociais de maneira saud\u00e1vel. Por\u00e9m, se o temor do futuro for excessivo e acompanhado de perturba\u00e7\u00f5es comportamentais, a ansiedade pode ser diagnosticada como um transtorno ps\u00edquico e deve ser tratada com ajuda especializada.<\/p>\n<p style=\"text-align: justify;\">A persist\u00eancia da ansiedade diante do objeto espec\u00edfico \u00e9 o fator determinante para o diagn\u00f3stico, pois a dura\u00e7\u00e3o dos sintomas \u00e9 um crit\u00e9rio que diferencia a resposta adaptativa do transtorno. \u00c9 importante ressaltar que, no diagn\u00f3stico de algum transtorno de ansiedade, os ind\u00edcios n\u00e3o devem ser vinculados unicamente ao uso de subst\u00e2ncias qu\u00edmicas ou fundamentados por outro transtorno mental. No cotidiano a ansiedade \u00e9 observ\u00e1vel na agita\u00e7\u00e3o corporal, altera\u00e7\u00f5es do sono, fala agitada de teor pessimista, entre outros sintomas.<\/p>\n<p style=\"text-align: justify;\">O que diferencia a viv\u00eancia da ansiedade saud\u00e1vel para a patol\u00f3gica \u00e9 o suporte que a pessoa possui para lidar com as preocupa\u00e7\u00f5es presentes. O sujeito sem uma rede de apoio se perde nos pr\u00f3prios medos e adoece. Na viv\u00eancia com a pessoa ansiosa, o ideal \u00e9 ouvi-la e auxili\u00e1-la nas propostas de enfrentamento do sofrimento. \u00c9 correto respeitar o tempo da pessoa sem for\u00e7\u00e1-la a descrever o que teme, pois muitas vezes o sil\u00eancio dela \u00e9 uma resposta positiva em rela\u00e7\u00e3o aos seus medos.<\/p>\n<p style=\"text-align: justify;\">O sujeito ansioso deve encontrar uma maneira de questionar os sentimentos de d\u00favida que o cercam, compreender o que o justifica e aceitar sua mutabilidade e potencial de negocia\u00e7\u00e3o na realidade. Tratar a ansiedade n\u00e3o \u00e9 negar seu sofrimento, mas compreender pelo di\u00e1logo transformativo abrindo espa\u00e7o para novas ansiedades saud\u00e1veis. Organizar as tarefas do dia a dia \u00e9 uma boa medida para ajudar a pessoa ansiosa a lidar com seus sintomas, manter a comunica\u00e7\u00e3o clara sem ambiguidades e planejar os eventos futuros s\u00e3o maneiras eficientes de ajudar uma pessoa ansiosa no dia a dia.<\/p>\n<p style=\"text-align: justify;\">Respons\u00e1vel t\u00e9cnica: Aline Resende (Coordenadora do Servi\u00e7o de Psicologia da DPSS)<br \/>\nProduzido por: Gabriela Radaelli (Estagi\u00e1ria de Psicologia da DPSS)<\/p>\n","protected":false},"excerpt":{"rendered":"<p>A ansiedade \u00e9 uma atividade emocional natural do ser humano diante da possibilidade de eventos temidos, ou seja, \u00e9 uma resposta adaptativa vinculada a comportamentos de fuga. Como uma defesa tipicamente humana, a ansiedade pode ser compreendida e trabalhada na terapia e em outras rela\u00e7\u00f5es sociais de maneira saud\u00e1vel. Por\u00e9m, se o temor do futuro [&hellip;]<\/p>\n","protected":false},"author":34,"featured_media":84118,"comment_status":"closed","ping_status":"closed","sticky":false,"template":"","format":"standard","meta":{"footnotes":""},"categories":[2538,537],"tags":[8267,7166],"class_list":["post-84117","post","type-post","status-publish","format-standard","has-post-thumbnail","hentry","category-delegacias","category-ultimo-segundo","tag-ansiedade","tag-dpss"],"rttpg_featured_image_url":{"full":["https:\/\/goias.gov.br\/policiacivil\/wp-content\/uploads\/sites\/71\/2020\/10\/whatsapp-image-2020-10-15-at-15.58.13.jpeg",1068,1068,false],"landscape":["https:\/\/goias.gov.br\/policiacivil\/wp-content\/uploads\/sites\/71\/2020\/10\/whatsapp-image-2020-10-15-at-15.58.13.jpeg",1068,1068,false],"portraits":["https:\/\/goias.gov.br\/policiacivil\/wp-content\/uploads\/sites\/71\/2020\/10\/whatsapp-image-2020-10-15-at-15.58.13.jpeg",1068,1068,false],"thumbnail":["https:\/\/goias.gov.br\/policiacivil\/wp-content\/uploads\/sites\/71\/2020\/10\/whatsapp-image-2020-10-15-at-15.58.13-300x300.jpeg",150,150,true],"medium":["https:\/\/goias.gov.br\/policiacivil\/wp-content\/uploads\/sites\/71\/2020\/10\/whatsapp-image-2020-10-15-at-15.58.13-500x500.jpeg",300,300,true],"large":["https:\/\/goias.gov.br\/policiacivil\/wp-content\/uploads\/sites\/71\/2020\/10\/whatsapp-image-2020-10-15-at-15.58.13-1068x1068.jpeg",1024,1024,true],"1536x1536":["https:\/\/goias.gov.br\/policiacivil\/wp-content\/uploads\/sites\/71\/2020\/10\/whatsapp-image-2020-10-15-at-15.58.13.jpeg",1068,1068,false],"2048x2048":["https:\/\/goias.gov.br\/policiacivil\/wp-content\/uploads\/sites\/71\/2020\/10\/whatsapp-image-2020-10-15-at-15.58.13.jpeg",1068,1068,false]},"rttpg_author":{"display_name":"celsoassis","author_link":"https:\/\/goias.gov.br\/policiacivil\/author\/celsoassis\/"},"rttpg_comment":0,"rttpg_category":"<a href=\"https:\/\/goias.gov.br\/policiacivil\/categoria\/delegacias\/\" rel=\"category tag\">Delegacias<\/a> <a href=\"https:\/\/goias.gov.br\/policiacivil\/categoria\/ultimo-segundo\/\" rel=\"category tag\">\u00daltimo Segundo<\/a>","rttpg_excerpt":"A ansiedade \u00e9 uma atividade emocional natural do ser humano diante da possibilidade de eventos temidos, ou seja, \u00e9 uma resposta adaptativa vinculada a comportamentos de fuga. Como uma defesa tipicamente humana, a ansiedade pode ser compreendida e trabalhada na terapia e em outras rela\u00e7\u00f5es sociais de maneira saud\u00e1vel. Por\u00e9m, se o temor do futuro&hellip;","_links":{"self":[{"href":"https:\/\/goias.gov.br\/policiacivil\/wp-json\/wp\/v2\/posts\/84117","targetHints":{"allow":["GET"]}}],"collection":[{"href":"https:\/\/goias.gov.br\/policiacivil\/wp-json\/wp\/v2\/posts"}],"about":[{"href":"https:\/\/goias.gov.br\/policiacivil\/wp-json\/wp\/v2\/types\/post"}],"author":[{"embeddable":true,"href":"https:\/\/goias.gov.br\/policiacivil\/wp-json\/wp\/v2\/users\/34"}],"replies":[{"embeddable":true,"href":"https:\/\/goias.gov.br\/policiacivil\/wp-json\/wp\/v2\/comments?post=84117"}],"version-history":[{"count":0,"href":"https:\/\/goias.gov.br\/policiacivil\/wp-json\/wp\/v2\/posts\/84117\/revisions"}],"wp:featuredmedia":[{"embeddable":true,"href":"https:\/\/goias.gov.br\/policiacivil\/wp-json\/wp\/v2\/media\/84118"}],"wp:attachment":[{"href":"https:\/\/goias.gov.br\/policiacivil\/wp-json\/wp\/v2\/media?parent=84117"}],"wp:term":[{"taxonomy":"category","embeddable":true,"href":"https:\/\/goias.gov.br\/policiacivil\/wp-json\/wp\/v2\/categories?post=84117"},{"taxonomy":"post_tag","embeddable":true,"href":"https:\/\/goias.gov.br\/policiacivil\/wp-json\/wp\/v2\/tags?post=84117"}],"curies":[{"name":"wp","href":"https:\/\/api.w.org\/{rel}","templated":true}]}}