

{"id":83581,"date":"2020-09-25T08:48:00","date_gmt":"2020-09-25T11:48:00","guid":{"rendered":" https:\/\/goias.gov.br\/policiacivil\/?p=83581"},"modified":"2020-09-25T08:48:00","modified_gmt":"2020-09-25T11:48:00","slug":"dih-e-forca-nacional-prendem-homicida-e-estuprador","status":"publish","type":"post","link":"https:\/\/goias.gov.br\/policiacivil\/dih-e-forca-nacional-prendem-homicida-e-estuprador\/","title":{"rendered":"DIH e For\u00e7a Nacional prendem homicida e estuprador"},"content":{"rendered":"<p style=\"text-align: justify;\"><img fetchpriority=\"high\" decoding=\"async\" class=\" wp-image-83582 alignleft\" src=\" https:\/\/goias.gov.br\/policiacivil\/wp-content\/uploads\/sites\/71\/2020\/09\/whatsapp-image-2020-09-24-at-12.17.47-375x500.jpeg\" alt=\"\" width=\"223\" height=\"297\" srcset=\"https:\/\/goias.gov.br\/policiacivil\/wp-content\/uploads\/sites\/71\/2020\/09\/whatsapp-image-2020-09-24-at-12.17.47-375x500.jpeg 375w, https:\/\/goias.gov.br\/policiacivil\/wp-content\/uploads\/sites\/71\/2020\/09\/whatsapp-image-2020-09-24-at-12.17.47-768x1024.jpeg 768w, https:\/\/goias.gov.br\/policiacivil\/wp-content\/uploads\/sites\/71\/2020\/09\/whatsapp-image-2020-09-24-at-12.17.47-696x928.jpeg 696w, https:\/\/goias.gov.br\/policiacivil\/wp-content\/uploads\/sites\/71\/2020\/09\/whatsapp-image-2020-09-24-at-12.17.47-315x420.jpeg 315w, https:\/\/goias.gov.br\/policiacivil\/wp-content\/uploads\/sites\/71\/2020\/09\/whatsapp-image-2020-09-24-at-12.17.47-630x840.jpeg 630w, https:\/\/goias.gov.br\/policiacivil\/wp-content\/uploads\/sites\/71\/2020\/09\/whatsapp-image-2020-09-24-at-12.17.47.jpeg 801w\" sizes=\"(max-width: 223px) 100vw, 223px\" \/>A Pol\u00edcia Civil de Goi\u00e1s, por meio da Delegacia Estadual de Investiga\u00e7\u00f5es Homic\u00eddios (DIH) de Goi\u00e1s e da For\u00e7a Nacional, em coopera\u00e7\u00e3o com policiais do N\u00facleo de Intelig\u00eancia Policial-NIP\/PCPA, da Pol\u00edcia Civil do Par\u00e1, prenderam um homem de 51 nos, natural de Po\u00e7\u00e3o das Pedras (MA). Ele foi preso no Setor Marista Sul, em Aparecida de Goi\u00e2nia.<\/p>\n<p style=\"text-align: justify;\">Al\u00e9m de mandado de pris\u00e3o por homic\u00eddio em aberto, o preso tamb\u00e9m responde a crimes de estupro de seus pr\u00f3prios filhos supostamente cometidos no Estado do Par\u00e1, para onde ser\u00e1 recambiado em breve. Curiosamente, ao ser preso, o investigado estava usando uma camisa com os dizeres: \u201cPai, a certeza de um amigo para sempre\u201d.<\/p>\n","protected":false},"excerpt":{"rendered":"<p>A Pol\u00edcia Civil de Goi\u00e1s, por meio da Delegacia Estadual de Investiga\u00e7\u00f5es Homic\u00eddios (DIH) de Goi\u00e1s e da For\u00e7a Nacional, em coopera\u00e7\u00e3o com policiais do N\u00facleo de Intelig\u00eancia Policial-NIP\/PCPA, da Pol\u00edcia Civil do Par\u00e1, prenderam um homem de 51 nos, natural de Po\u00e7\u00e3o das Pedras (MA). Ele foi preso no Setor Marista Sul, em Aparecida [&hellip;]<\/p>\n","protected":false},"author":34,"featured_media":83582,"comment_status":"closed","ping_status":"closed","sticky":false,"template":"","format":"standard","meta":{"footnotes":""},"categories":[2538,92,6069],"tags":[145,23,8213],"class_list":["post-83581","post","type-post","status-publish","format-standard","has-post-thumbnail","hentry","category-delegacias","category-especializadas","category-noticias-da-policia-civil","tag-dih","tag-homicidio","tag-preso-do-para"],"rttpg_featured_image_url":{"full":["https:\/\/goias.gov.br\/policiacivil\/wp-content\/uploads\/sites\/71\/2020\/09\/whatsapp-image-2020-09-24-at-12.17.47.jpeg",801,1068,false],"landscape":["https:\/\/goias.gov.br\/policiacivil\/wp-content\/uploads\/sites\/71\/2020\/09\/whatsapp-image-2020-09-24-at-12.17.47.jpeg",801,1068,false],"portraits":["https:\/\/goias.gov.br\/policiacivil\/wp-content\/uploads\/sites\/71\/2020\/09\/whatsapp-image-2020-09-24-at-12.17.47.jpeg",801,1068,false],"thumbnail":["https:\/\/goias.gov.br\/policiacivil\/wp-content\/uploads\/sites\/71\/2020\/09\/whatsapp-image-2020-09-24-at-12.17.47-300x300.jpeg",150,150,true],"medium":["https:\/\/goias.gov.br\/policiacivil\/wp-content\/uploads\/sites\/71\/2020\/09\/whatsapp-image-2020-09-24-at-12.17.47-375x500.jpeg",225,300,true],"large":["https:\/\/goias.gov.br\/policiacivil\/wp-content\/uploads\/sites\/71\/2020\/09\/whatsapp-image-2020-09-24-at-12.17.47.jpeg",768,1024,false],"1536x1536":["https:\/\/goias.gov.br\/policiacivil\/wp-content\/uploads\/sites\/71\/2020\/09\/whatsapp-image-2020-09-24-at-12.17.47.jpeg",801,1068,false],"2048x2048":["https:\/\/goias.gov.br\/policiacivil\/wp-content\/uploads\/sites\/71\/2020\/09\/whatsapp-image-2020-09-24-at-12.17.47.jpeg",801,1068,false]},"rttpg_author":{"display_name":"celsoassis","author_link":"https:\/\/goias.gov.br\/policiacivil\/author\/celsoassis\/"},"rttpg_comment":0,"rttpg_category":"<a href=\"https:\/\/goias.gov.br\/policiacivil\/categoria\/delegacias\/\" rel=\"category tag\">Delegacias<\/a> <a href=\"https:\/\/goias.gov.br\/policiacivil\/categoria\/delegacias\/especializadas\/\" rel=\"category tag\">Especializadas<\/a> <a href=\"https:\/\/goias.gov.br\/policiacivil\/categoria\/noticias\/noticias-da-policia-civil\/\" rel=\"category tag\">Not\u00edcias da Pol\u00edcia Civil<\/a>","rttpg_excerpt":"A Pol\u00edcia Civil de Goi\u00e1s, por meio da Delegacia Estadual de Investiga\u00e7\u00f5es Homic\u00eddios (DIH) de Goi\u00e1s e da For\u00e7a Nacional, em coopera\u00e7\u00e3o com policiais do N\u00facleo de Intelig\u00eancia Policial-NIP\/PCPA, da Pol\u00edcia Civil do Par\u00e1, prenderam um homem de 51 nos, natural de Po\u00e7\u00e3o das Pedras (MA). Ele foi preso no Setor Marista Sul, em Aparecida&hellip;","_links":{"self":[{"href":"https:\/\/goias.gov.br\/policiacivil\/wp-json\/wp\/v2\/posts\/83581","targetHints":{"allow":["GET"]}}],"collection":[{"href":"https:\/\/goias.gov.br\/policiacivil\/wp-json\/wp\/v2\/posts"}],"about":[{"href":"https:\/\/goias.gov.br\/policiacivil\/wp-json\/wp\/v2\/types\/post"}],"author":[{"embeddable":true,"href":"https:\/\/goias.gov.br\/policiacivil\/wp-json\/wp\/v2\/users\/34"}],"replies":[{"embeddable":true,"href":"https:\/\/goias.gov.br\/policiacivil\/wp-json\/wp\/v2\/comments?post=83581"}],"version-history":[{"count":0,"href":"https:\/\/goias.gov.br\/policiacivil\/wp-json\/wp\/v2\/posts\/83581\/revisions"}],"wp:featuredmedia":[{"embeddable":true,"href":"https:\/\/goias.gov.br\/policiacivil\/wp-json\/wp\/v2\/media\/83582"}],"wp:attachment":[{"href":"https:\/\/goias.gov.br\/policiacivil\/wp-json\/wp\/v2\/media?parent=83581"}],"wp:term":[{"taxonomy":"category","embeddable":true,"href":"https:\/\/goias.gov.br\/policiacivil\/wp-json\/wp\/v2\/categories?post=83581"},{"taxonomy":"post_tag","embeddable":true,"href":"https:\/\/goias.gov.br\/policiacivil\/wp-json\/wp\/v2\/tags?post=83581"}],"curies":[{"name":"wp","href":"https:\/\/api.w.org\/{rel}","templated":true}]}}