

{"id":82734,"date":"2020-08-20T22:35:27","date_gmt":"2020-08-21T01:35:27","guid":{"rendered":" https:\/\/goias.gov.br\/policiacivil\/?p=82734"},"modified":"2020-08-20T22:35:27","modified_gmt":"2020-08-21T01:35:27","slug":"medo-sentimento-bom-ou-ruim","status":"publish","type":"post","link":"https:\/\/goias.gov.br\/policiacivil\/medo-sentimento-bom-ou-ruim\/","title":{"rendered":"MEDO: sentimento bom ou ruim?"},"content":{"rendered":"<p style=\"text-align: justify;\">O medo faz parte do que chamamos de emo\u00e7\u00f5es b\u00e1sicas do ser humano, juntamente com a alegria, tristeza, raiva e nojo. Cada uma dessas emo\u00e7\u00f5es tem uma fun\u00e7\u00e3o de adapta\u00e7\u00e3o para o nosso organismo, sendo todas muito importantes, apesar de algumas serem desagrad\u00e1veis de se experimentar.<br \/>\nQuando nosso c\u00e9rebro identifica uma situa\u00e7\u00e3o de risco, real ou imagin\u00e1rio, ele desencadeia respostas emocionais, cognitivas, fisiol\u00f3gicas e comportamentais em nosso organismo.<br \/>\nO medo tem a fun\u00e7\u00e3o de acionar um estado de alerta, gerando a necessidade de uma avalia\u00e7\u00e3o mais detalhada da situa\u00e7\u00e3o, a fim de averiguar qual a rea\u00e7\u00e3o apropriada: enfrentar ou evitar. A aten\u00e7\u00e3o fica mais desperta e aciona toda a fisiologia para enfrentar ou evitar o \u201cperigo\u201d. O problema, ent\u00e3o, n\u00e3o \u00e9 sentir medo, isso \u00e9 esperado e normal para todo ser humano. O problema come\u00e7a quando a tend\u00eancia deixa de ser o enfrentamento e predomina a evita\u00e7\u00e3o.<br \/>\nAssim, por temer que algo ruim aconte\u00e7a, podemos deixar de ir a v\u00e1rios lugares, evitar iniciar ou manter novos relacionamentos, recusar oportunidades de trabalho por receio de n\u00e3o corresponder \u00e0s expectativas, desenvolver problemas para dormir, para se alimentar, dentre outras tantas possibilidades.<br \/>\nComo voc\u00ea tem enfrentado as situa\u00e7\u00f5es de estresse? Observe se tem predominado a evita\u00e7\u00e3o ou o enfrentamento e, caso perceba algum preju\u00edzo em alguma \u00e1rea de sua vida, procure ajuda profissional.<\/p>\n<p style=\"text-align: justify;\">Aline Resende<br \/>\nPsic\u00f3loga coordenadora do Servi\u00e7o de Psicologia da DPSS<\/p>\n","protected":false},"excerpt":{"rendered":"<p>O medo faz parte do que chamamos de emo\u00e7\u00f5es b\u00e1sicas do ser humano, juntamente com a alegria, tristeza, raiva e nojo. Cada uma dessas emo\u00e7\u00f5es tem uma fun\u00e7\u00e3o de adapta\u00e7\u00e3o para o nosso organismo, sendo todas muito importantes, apesar de algumas serem desagrad\u00e1veis de se experimentar. Quando nosso c\u00e9rebro identifica uma situa\u00e7\u00e3o de risco, real [&hellip;]<\/p>\n","protected":false},"author":34,"featured_media":70899,"comment_status":"closed","ping_status":"closed","sticky":false,"template":"","format":"standard","meta":{"footnotes":""},"categories":[2538,537],"tags":[291],"class_list":["post-82734","post","type-post","status-publish","format-standard","has-post-thumbnail","hentry","category-delegacias","category-ultimo-segundo","tag-medo"],"rttpg_featured_image_url":{"full":["https:\/\/goias.gov.br\/policiacivil\/wp-content\/uploads\/sites\/71\/2019\/02\/whatsapp-image-2019-01-29-at-17.56.40-1.jpeg",955,1068,false],"landscape":["https:\/\/goias.gov.br\/policiacivil\/wp-content\/uploads\/sites\/71\/2019\/02\/whatsapp-image-2019-01-29-at-17.56.40-1.jpeg",955,1068,false],"portraits":["https:\/\/goias.gov.br\/policiacivil\/wp-content\/uploads\/sites\/71\/2019\/02\/whatsapp-image-2019-01-29-at-17.56.40-1.jpeg",955,1068,false],"thumbnail":["https:\/\/goias.gov.br\/policiacivil\/wp-content\/uploads\/sites\/71\/2019\/02\/whatsapp-image-2019-01-29-at-17.56.40-1-150x150.jpeg",150,150,true],"medium":["https:\/\/goias.gov.br\/policiacivil\/wp-content\/uploads\/sites\/71\/2019\/02\/whatsapp-image-2019-01-29-at-17.56.40-1-268x300.jpeg",268,300,true],"large":["https:\/\/goias.gov.br\/policiacivil\/wp-content\/uploads\/sites\/71\/2019\/02\/whatsapp-image-2019-01-29-at-17.56.40-1-916x1024.jpeg",916,1024,true],"1536x1536":["https:\/\/goias.gov.br\/policiacivil\/wp-content\/uploads\/sites\/71\/2019\/02\/whatsapp-image-2019-01-29-at-17.56.40-1.jpeg",955,1068,false],"2048x2048":["https:\/\/goias.gov.br\/policiacivil\/wp-content\/uploads\/sites\/71\/2019\/02\/whatsapp-image-2019-01-29-at-17.56.40-1.jpeg",955,1068,false]},"rttpg_author":{"display_name":"celsoassis","author_link":"https:\/\/goias.gov.br\/policiacivil\/author\/celsoassis\/"},"rttpg_comment":0,"rttpg_category":"<a href=\"https:\/\/goias.gov.br\/policiacivil\/categoria\/delegacias\/\" rel=\"category tag\">Delegacias<\/a> <a href=\"https:\/\/goias.gov.br\/policiacivil\/categoria\/ultimo-segundo\/\" rel=\"category tag\">\u00daltimo Segundo<\/a>","rttpg_excerpt":"O medo faz parte do que chamamos de emo\u00e7\u00f5es b\u00e1sicas do ser humano, juntamente com a alegria, tristeza, raiva e nojo. Cada uma dessas emo\u00e7\u00f5es tem uma fun\u00e7\u00e3o de adapta\u00e7\u00e3o para o nosso organismo, sendo todas muito importantes, apesar de algumas serem desagrad\u00e1veis de se experimentar. Quando nosso c\u00e9rebro identifica uma situa\u00e7\u00e3o de risco, real&hellip;","_links":{"self":[{"href":"https:\/\/goias.gov.br\/policiacivil\/wp-json\/wp\/v2\/posts\/82734","targetHints":{"allow":["GET"]}}],"collection":[{"href":"https:\/\/goias.gov.br\/policiacivil\/wp-json\/wp\/v2\/posts"}],"about":[{"href":"https:\/\/goias.gov.br\/policiacivil\/wp-json\/wp\/v2\/types\/post"}],"author":[{"embeddable":true,"href":"https:\/\/goias.gov.br\/policiacivil\/wp-json\/wp\/v2\/users\/34"}],"replies":[{"embeddable":true,"href":"https:\/\/goias.gov.br\/policiacivil\/wp-json\/wp\/v2\/comments?post=82734"}],"version-history":[{"count":0,"href":"https:\/\/goias.gov.br\/policiacivil\/wp-json\/wp\/v2\/posts\/82734\/revisions"}],"wp:featuredmedia":[{"embeddable":true,"href":"https:\/\/goias.gov.br\/policiacivil\/wp-json\/wp\/v2\/media\/70899"}],"wp:attachment":[{"href":"https:\/\/goias.gov.br\/policiacivil\/wp-json\/wp\/v2\/media?parent=82734"}],"wp:term":[{"taxonomy":"category","embeddable":true,"href":"https:\/\/goias.gov.br\/policiacivil\/wp-json\/wp\/v2\/categories?post=82734"},{"taxonomy":"post_tag","embeddable":true,"href":"https:\/\/goias.gov.br\/policiacivil\/wp-json\/wp\/v2\/tags?post=82734"}],"curies":[{"name":"wp","href":"https:\/\/api.w.org\/{rel}","templated":true}]}}