

{"id":82473,"date":"2020-08-07T15:47:39","date_gmt":"2020-08-07T18:47:39","guid":{"rendered":" https:\/\/goias.gov.br\/policiacivil\/?p=82473"},"modified":"2020-08-07T15:47:39","modified_gmt":"2020-08-07T18:47:39","slug":"policia-civil-prende-sobrinho-por-maus-tratos-a-idosa-de-83-anos-em-barro-alto","status":"publish","type":"post","link":"https:\/\/goias.gov.br\/policiacivil\/policia-civil-prende-sobrinho-por-maus-tratos-a-idosa-de-83-anos-em-barro-alto\/","title":{"rendered":"Pol\u00edcia Civil prende sobrinho por maus tratos a idosa de 83 anos, em Barro Alto"},"content":{"rendered":"<p style=\"text-align: justify;\"><img fetchpriority=\"high\" decoding=\"async\" class=\" wp-image-82475 alignleft\" src=\" https:\/\/goias.gov.br\/policiacivil\/wp-content\/uploads\/sites\/71\/2020\/08\/whatsapp-image-2020-08-07-at-15.10.55-2-375x500.jpeg\" alt=\"\" width=\"285\" height=\"380\" srcset=\"https:\/\/goias.gov.br\/policiacivil\/wp-content\/uploads\/sites\/71\/2020\/08\/whatsapp-image-2020-08-07-at-15.10.55-2-375x500.jpeg 375w, https:\/\/goias.gov.br\/policiacivil\/wp-content\/uploads\/sites\/71\/2020\/08\/whatsapp-image-2020-08-07-at-15.10.55-2-768x1024.jpeg 768w, https:\/\/goias.gov.br\/policiacivil\/wp-content\/uploads\/sites\/71\/2020\/08\/whatsapp-image-2020-08-07-at-15.10.55-2-696x928.jpeg 696w, https:\/\/goias.gov.br\/policiacivil\/wp-content\/uploads\/sites\/71\/2020\/08\/whatsapp-image-2020-08-07-at-15.10.55-2-315x420.jpeg 315w, https:\/\/goias.gov.br\/policiacivil\/wp-content\/uploads\/sites\/71\/2020\/08\/whatsapp-image-2020-08-07-at-15.10.55-2-630x840.jpeg 630w, https:\/\/goias.gov.br\/policiacivil\/wp-content\/uploads\/sites\/71\/2020\/08\/whatsapp-image-2020-08-07-at-15.10.55-2.jpeg 780w\" sizes=\"(max-width: 285px) 100vw, 285px\" \/>A Pol\u00edcia Civil de Goi\u00e1s prendeu ontem (06), ap\u00f3s den\u00fancia de familiares da v\u00edtima, suspeito de maus tratos a idosa. Os policiais civis constaram que a idosa estava vivendo em condi\u00e7\u00f5es desumanas e degradantes: em um barraco no fundo da casa, sem janelas, sem banheiro e com um mal cheiro insuport\u00e1vel. No local haviam vasilhas que eram utilizadas tanto para alimenta\u00e7\u00e3o, quanto para excre\u00e7\u00e3o.<\/p>\n<p style=\"text-align: justify;\">Os denunciantes disseram que h\u00e1 aproximadamente um ano o investigado, que sempre teve muito contato com a v\u00edtima, passou a ser o respons\u00e1vel por ela. No entanto, retirou a tia da casa dela e a colocou em um barraco no fundo do lote. Impedia que os familiares visitassem a v\u00edtima. Relataram ainda que a v\u00edtima tinha boa situa\u00e7\u00e3o financeira, mas o suspeito se apropriou da aposentadoria dela e paga presta\u00e7\u00e3o de um lote para ele no valor de R$ 500,00 por m\u00eas.<\/p>\n<p style=\"text-align: justify;\">O investigado, sobrinho da v\u00edtima e respons\u00e1vel pelos cuidados da idosa, em seu interrogat\u00f3rio, informou que h\u00e1 um ano assumiu os cuidados da idosa. Negou os maus tratos, disse que sempre cuidou bem da tia. Afirmou ainda que colocou a idosa no barraco do fundo provisoriamente, at\u00e9 o t\u00e9rmino da reforma da casa principal. Em rela\u00e7\u00e3o \u00e0 aposentadoria da idosa, informou que recebia o benef\u00edcio e utilizava em prol da tia. Confirmou que paga a presta\u00e7\u00e3o de um lote com o dinheiro da aposentadoria, pois a tia lhe presentou como forma de agradecimento.<\/p>\n<p style=\"text-align: justify;\">A delegada respons\u00e1vel pelo caso, Poliana Bergamo, informou que o suspeito responder\u00e1 pelos crimes previstos nos arts. 99 e 102 do Estatuto do Idoso, qual seja, de maus tratos e apropria\u00e7\u00e3o\/desvio de bens, proventos, pens\u00e3o ou qualquer outro rendimento do idoso. Se condenado, poder\u00e1 pegar uma pena de at\u00e9 05 anos de pris\u00e3o.<\/p>\n","protected":false},"excerpt":{"rendered":"<p>A Pol\u00edcia Civil de Goi\u00e1s prendeu ontem (06), ap\u00f3s den\u00fancia de familiares da v\u00edtima, suspeito de maus tratos a idosa. Os policiais civis constaram que a idosa estava vivendo em condi\u00e7\u00f5es desumanas e degradantes: em um barraco no fundo da casa, sem janelas, sem banheiro e com um mal cheiro insuport\u00e1vel. No local haviam vasilhas [&hellip;]<\/p>\n","protected":false},"author":34,"featured_media":82474,"comment_status":"closed","ping_status":"closed","sticky":false,"template":"","format":"standard","meta":{"footnotes":""},"categories":[3202,2538,6069],"tags":[4042,3603,3581],"class_list":["post-82473","post","type-post","status-publish","format-standard","has-post-thumbnail","hentry","category-15a-regional","category-delegacias","category-noticias-da-policia-civil","tag-barro-alto","tag-idosa","tag-maus-tratos"],"rttpg_featured_image_url":{"full":["https:\/\/goias.gov.br\/policiacivil\/wp-content\/uploads\/sites\/71\/2020\/08\/whatsapp-image-2020-08-07-at-15.10.55-1.jpeg",780,1040,false],"landscape":["https:\/\/goias.gov.br\/policiacivil\/wp-content\/uploads\/sites\/71\/2020\/08\/whatsapp-image-2020-08-07-at-15.10.55-1.jpeg",780,1040,false],"portraits":["https:\/\/goias.gov.br\/policiacivil\/wp-content\/uploads\/sites\/71\/2020\/08\/whatsapp-image-2020-08-07-at-15.10.55-1.jpeg",780,1040,false],"thumbnail":["https:\/\/goias.gov.br\/policiacivil\/wp-content\/uploads\/sites\/71\/2020\/08\/whatsapp-image-2020-08-07-at-15.10.55-1-300x300.jpeg",150,150,true],"medium":["https:\/\/goias.gov.br\/policiacivil\/wp-content\/uploads\/sites\/71\/2020\/08\/whatsapp-image-2020-08-07-at-15.10.55-1-375x500.jpeg",225,300,true],"large":["https:\/\/goias.gov.br\/policiacivil\/wp-content\/uploads\/sites\/71\/2020\/08\/whatsapp-image-2020-08-07-at-15.10.55-1.jpeg",768,1024,false],"1536x1536":["https:\/\/goias.gov.br\/policiacivil\/wp-content\/uploads\/sites\/71\/2020\/08\/whatsapp-image-2020-08-07-at-15.10.55-1.jpeg",780,1040,false],"2048x2048":["https:\/\/goias.gov.br\/policiacivil\/wp-content\/uploads\/sites\/71\/2020\/08\/whatsapp-image-2020-08-07-at-15.10.55-1.jpeg",780,1040,false]},"rttpg_author":{"display_name":"celsoassis","author_link":"https:\/\/goias.gov.br\/policiacivil\/author\/celsoassis\/"},"rttpg_comment":0,"rttpg_category":"<a href=\"https:\/\/goias.gov.br\/policiacivil\/categoria\/drp\/15a-regional\/\" rel=\"category tag\">15\u00aa Regional<\/a> <a href=\"https:\/\/goias.gov.br\/policiacivil\/categoria\/delegacias\/\" rel=\"category tag\">Delegacias<\/a> <a href=\"https:\/\/goias.gov.br\/policiacivil\/categoria\/noticias\/noticias-da-policia-civil\/\" rel=\"category tag\">Not\u00edcias da Pol\u00edcia Civil<\/a>","rttpg_excerpt":"A Pol\u00edcia Civil de Goi\u00e1s prendeu ontem (06), ap\u00f3s den\u00fancia de familiares da v\u00edtima, suspeito de maus tratos a idosa. Os policiais civis constaram que a idosa estava vivendo em condi\u00e7\u00f5es desumanas e degradantes: em um barraco no fundo da casa, sem janelas, sem banheiro e com um mal cheiro insuport\u00e1vel. No local haviam vasilhas&hellip;","_links":{"self":[{"href":"https:\/\/goias.gov.br\/policiacivil\/wp-json\/wp\/v2\/posts\/82473","targetHints":{"allow":["GET"]}}],"collection":[{"href":"https:\/\/goias.gov.br\/policiacivil\/wp-json\/wp\/v2\/posts"}],"about":[{"href":"https:\/\/goias.gov.br\/policiacivil\/wp-json\/wp\/v2\/types\/post"}],"author":[{"embeddable":true,"href":"https:\/\/goias.gov.br\/policiacivil\/wp-json\/wp\/v2\/users\/34"}],"replies":[{"embeddable":true,"href":"https:\/\/goias.gov.br\/policiacivil\/wp-json\/wp\/v2\/comments?post=82473"}],"version-history":[{"count":0,"href":"https:\/\/goias.gov.br\/policiacivil\/wp-json\/wp\/v2\/posts\/82473\/revisions"}],"wp:featuredmedia":[{"embeddable":true,"href":"https:\/\/goias.gov.br\/policiacivil\/wp-json\/wp\/v2\/media\/82474"}],"wp:attachment":[{"href":"https:\/\/goias.gov.br\/policiacivil\/wp-json\/wp\/v2\/media?parent=82473"}],"wp:term":[{"taxonomy":"category","embeddable":true,"href":"https:\/\/goias.gov.br\/policiacivil\/wp-json\/wp\/v2\/categories?post=82473"},{"taxonomy":"post_tag","embeddable":true,"href":"https:\/\/goias.gov.br\/policiacivil\/wp-json\/wp\/v2\/tags?post=82473"}],"curies":[{"name":"wp","href":"https:\/\/api.w.org\/{rel}","templated":true}]}}