

{"id":81696,"date":"2020-07-01T11:34:02","date_gmt":"2020-07-01T14:34:02","guid":{"rendered":" https:\/\/goias.gov.br\/policiacivil\/?p=81696"},"modified":"2020-07-01T11:34:02","modified_gmt":"2020-07-01T14:34:02","slug":"policia-civil-prende-quatro-pessoas-suspeitas-de-envolvimento-em-homicidio-em-edeia","status":"publish","type":"post","link":"https:\/\/goias.gov.br\/policiacivil\/policia-civil-prende-quatro-pessoas-suspeitas-de-envolvimento-em-homicidio-em-edeia\/","title":{"rendered":"Pol\u00edcia Civil prende quatro pessoas suspeitas de envolvimento em homic\u00eddio em Ed\u00e9ia"},"content":{"rendered":"<p style=\"text-align: justify;\"><img fetchpriority=\"high\" decoding=\"async\" class=\" wp-image-81697 alignleft\" src=\" https:\/\/goias.gov.br\/policiacivil\/wp-content\/uploads\/sites\/71\/2020\/07\/whatsapp-image-2020-07-01-at-10.01.15-500x500.jpeg\" alt=\"\" width=\"316\" height=\"316\" srcset=\"https:\/\/goias.gov.br\/policiacivil\/wp-content\/uploads\/sites\/71\/2020\/07\/whatsapp-image-2020-07-01-at-10.01.15-500x500.jpeg 500w, https:\/\/goias.gov.br\/policiacivil\/wp-content\/uploads\/sites\/71\/2020\/07\/whatsapp-image-2020-07-01-at-10.01.15-300x300.jpeg 300w, https:\/\/goias.gov.br\/policiacivil\/wp-content\/uploads\/sites\/71\/2020\/07\/whatsapp-image-2020-07-01-at-10.01.15-696x697.jpeg 696w, https:\/\/goias.gov.br\/policiacivil\/wp-content\/uploads\/sites\/71\/2020\/07\/whatsapp-image-2020-07-01-at-10.01.15-419x420.jpeg 419w, https:\/\/goias.gov.br\/policiacivil\/wp-content\/uploads\/sites\/71\/2020\/07\/whatsapp-image-2020-07-01-at-10.01.15.jpeg 735w\" sizes=\"(max-width: 316px) 100vw, 316px\" \/>A Pol\u00edcia Civil, por meio da Delegacia de Pol\u00edcia (DP) de Ed\u00e9ia &#8211; com apoio operacional das Delegacias de Pol\u00edcia de Jandaia, Indiara e Acre\u00fana e da 8\u00aa Delegacia Regional de Pol\u00edcia (DRP) &#8211; cumpriu nesta quarta-feira (1\u00ba) quatro mandados de pris\u00e3o tempor\u00e1ria de pessoas suspeitas de participarem do homic\u00eddio de Lucas Vinicius Viana de Souza.<\/p>\n<p style=\"text-align: justify;\">Lucas foi assassinado com diversos disparos de arma de fogo no dia 21 de abril de 2018. As investiga\u00e7\u00f5es continuam para esclarecer a participa\u00e7\u00e3o de outras pessoas no homic\u00eddio. A Pol\u00edcia Civil segue intensificando as investiga\u00e7\u00f5es de crimes contra a vida ocorridos no munic\u00edpio.<\/p>\n","protected":false},"excerpt":{"rendered":"<p>A Pol\u00edcia Civil, por meio da Delegacia de Pol\u00edcia (DP) de Ed\u00e9ia &#8211; com apoio operacional das Delegacias de Pol\u00edcia de Jandaia, Indiara e Acre\u00fana e da 8\u00aa Delegacia Regional de Pol\u00edcia (DRP) &#8211; cumpriu nesta quarta-feira (1\u00ba) quatro mandados de pris\u00e3o tempor\u00e1ria de pessoas suspeitas de participarem do homic\u00eddio de Lucas Vinicius Viana de [&hellip;]<\/p>\n","protected":false},"author":34,"featured_media":81697,"comment_status":"closed","ping_status":"closed","sticky":false,"template":"","format":"standard","meta":{"footnotes":""},"categories":[3195,2538,156,537],"tags":[2624,23],"class_list":["post-81696","post","type-post","status-publish","format-standard","has-post-thumbnail","hentry","category-8a-regional","category-delegacias","category-policia-civil-no-interior","category-ultimo-segundo","tag-edeia","tag-homicidio"],"rttpg_featured_image_url":{"full":["https:\/\/goias.gov.br\/policiacivil\/wp-content\/uploads\/sites\/71\/2020\/07\/whatsapp-image-2020-07-01-at-10.01.15.jpeg",735,736,false],"landscape":["https:\/\/goias.gov.br\/policiacivil\/wp-content\/uploads\/sites\/71\/2020\/07\/whatsapp-image-2020-07-01-at-10.01.15.jpeg",735,736,false],"portraits":["https:\/\/goias.gov.br\/policiacivil\/wp-content\/uploads\/sites\/71\/2020\/07\/whatsapp-image-2020-07-01-at-10.01.15.jpeg",735,736,false],"thumbnail":["https:\/\/goias.gov.br\/policiacivil\/wp-content\/uploads\/sites\/71\/2020\/07\/whatsapp-image-2020-07-01-at-10.01.15-300x300.jpeg",150,150,true],"medium":["https:\/\/goias.gov.br\/policiacivil\/wp-content\/uploads\/sites\/71\/2020\/07\/whatsapp-image-2020-07-01-at-10.01.15-500x500.jpeg",300,300,true],"large":["https:\/\/goias.gov.br\/policiacivil\/wp-content\/uploads\/sites\/71\/2020\/07\/whatsapp-image-2020-07-01-at-10.01.15.jpeg",735,736,false],"1536x1536":["https:\/\/goias.gov.br\/policiacivil\/wp-content\/uploads\/sites\/71\/2020\/07\/whatsapp-image-2020-07-01-at-10.01.15.jpeg",735,736,false],"2048x2048":["https:\/\/goias.gov.br\/policiacivil\/wp-content\/uploads\/sites\/71\/2020\/07\/whatsapp-image-2020-07-01-at-10.01.15.jpeg",735,736,false]},"rttpg_author":{"display_name":"celsoassis","author_link":"https:\/\/goias.gov.br\/policiacivil\/author\/celsoassis\/"},"rttpg_comment":0,"rttpg_category":"<a href=\"https:\/\/goias.gov.br\/policiacivil\/categoria\/drp\/8a-regional\/\" rel=\"category tag\">8\u00aa Regional<\/a> <a href=\"https:\/\/goias.gov.br\/policiacivil\/categoria\/delegacias\/\" rel=\"category tag\">Delegacias<\/a> <a href=\"https:\/\/goias.gov.br\/policiacivil\/categoria\/policia-civil-no-interior\/\" rel=\"category tag\">Pol\u00edcia Civil no Interior<\/a> <a href=\"https:\/\/goias.gov.br\/policiacivil\/categoria\/ultimo-segundo\/\" rel=\"category tag\">\u00daltimo Segundo<\/a>","rttpg_excerpt":"A Pol\u00edcia Civil, por meio da Delegacia de Pol\u00edcia (DP) de Ed\u00e9ia &#8211; com apoio operacional das Delegacias de Pol\u00edcia de Jandaia, Indiara e Acre\u00fana e da 8\u00aa Delegacia Regional de Pol\u00edcia (DRP) &#8211; cumpriu nesta quarta-feira (1\u00ba) quatro mandados de pris\u00e3o tempor\u00e1ria de pessoas suspeitas de participarem do homic\u00eddio de Lucas Vinicius Viana de&hellip;","_links":{"self":[{"href":"https:\/\/goias.gov.br\/policiacivil\/wp-json\/wp\/v2\/posts\/81696","targetHints":{"allow":["GET"]}}],"collection":[{"href":"https:\/\/goias.gov.br\/policiacivil\/wp-json\/wp\/v2\/posts"}],"about":[{"href":"https:\/\/goias.gov.br\/policiacivil\/wp-json\/wp\/v2\/types\/post"}],"author":[{"embeddable":true,"href":"https:\/\/goias.gov.br\/policiacivil\/wp-json\/wp\/v2\/users\/34"}],"replies":[{"embeddable":true,"href":"https:\/\/goias.gov.br\/policiacivil\/wp-json\/wp\/v2\/comments?post=81696"}],"version-history":[{"count":0,"href":"https:\/\/goias.gov.br\/policiacivil\/wp-json\/wp\/v2\/posts\/81696\/revisions"}],"wp:featuredmedia":[{"embeddable":true,"href":"https:\/\/goias.gov.br\/policiacivil\/wp-json\/wp\/v2\/media\/81697"}],"wp:attachment":[{"href":"https:\/\/goias.gov.br\/policiacivil\/wp-json\/wp\/v2\/media?parent=81696"}],"wp:term":[{"taxonomy":"category","embeddable":true,"href":"https:\/\/goias.gov.br\/policiacivil\/wp-json\/wp\/v2\/categories?post=81696"},{"taxonomy":"post_tag","embeddable":true,"href":"https:\/\/goias.gov.br\/policiacivil\/wp-json\/wp\/v2\/tags?post=81696"}],"curies":[{"name":"wp","href":"https:\/\/api.w.org\/{rel}","templated":true}]}}