

{"id":79469,"date":"2020-02-13T10:07:26","date_gmt":"2020-02-13T13:07:26","guid":{"rendered":" https:\/\/goias.gov.br\/policiacivil\/?p=79469"},"modified":"2020-02-13T10:07:26","modified_gmt":"2020-02-13T13:07:26","slug":"decap-prende-mulher-que-matou-ex-companheiro","status":"publish","type":"post","link":"https:\/\/goias.gov.br\/policiacivil\/decap-prende-mulher-que-matou-ex-companheiro\/","title":{"rendered":"Decap prende mulher que matou ex-companheiro"},"content":{"rendered":"<p style=\"text-align: justify;\">Na tarde de ontem (12), a equipe de policiais civis da Delegacia Estadual de Capturas (DECAP), ap\u00f3s levantamentos investigativos e dilig\u00eancias realizadas, cumpriram, em uma fazenda da Zona Rural do munic\u00edpio de Santa F\u00e9 de Goi\u00e1s, mandado de pris\u00e3o preventiva, oriundo da 4\u00aa Vara Criminal da Comarca de Aparecida de Goi\u00e2nia, em desfavor de uma pessoa do sexo feminino, acusada de cometer o crime de homic\u00eddio qualificado.<\/p>\n<p style=\"text-align: justify;\">O fato ocorreu no ano de 2010, quando a autora, acompanhada de outra pessoa, ceifou a vida de seu ex-companheiro. A autora se encontra recolhida na carceragem da especializada em Goi\u00e2nia e posteriormente ser\u00e1 transferida para a Casa de Pris\u00e3o Provis\u00f3ria do Complexo Prisional de Aparecida de Goi\u00e2nia, onde permanecera \u00e0 disposi\u00e7\u00e3o do Poder Judici\u00e1rio.<\/p>\n","protected":false},"excerpt":{"rendered":"<p>Na tarde de ontem (12), a equipe de policiais civis da Delegacia Estadual de Capturas (DECAP), ap\u00f3s levantamentos investigativos e dilig\u00eancias realizadas, cumpriram, em uma fazenda da Zona Rural do munic\u00edpio de Santa F\u00e9 de Goi\u00e1s, mandado de pris\u00e3o preventiva, oriundo da 4\u00aa Vara Criminal da Comarca de Aparecida de Goi\u00e2nia, em desfavor de uma [&hellip;]<\/p>\n","protected":false},"author":34,"featured_media":72352,"comment_status":"closed","ping_status":"closed","sticky":false,"template":"","format":"standard","meta":{"footnotes":""},"categories":[2538,92,537],"tags":[2648,861],"class_list":["post-79469","post","type-post","status-publish","format-standard","has-post-thumbnail","hentry","category-delegacias","category-especializadas","category-ultimo-segundo","tag-decap","tag-prisao"],"rttpg_featured_image_url":{"full":["https:\/\/goias.gov.br\/policiacivil\/wp-content\/uploads\/sites\/71\/2019\/04\/logo-preta-pcgo.jpg",473,333,false],"landscape":["https:\/\/goias.gov.br\/policiacivil\/wp-content\/uploads\/sites\/71\/2019\/04\/logo-preta-pcgo.jpg",473,333,false],"portraits":["https:\/\/goias.gov.br\/policiacivil\/wp-content\/uploads\/sites\/71\/2019\/04\/logo-preta-pcgo.jpg",473,333,false],"thumbnail":["https:\/\/goias.gov.br\/policiacivil\/wp-content\/uploads\/sites\/71\/2019\/04\/logo-preta-pcgo-300x300.jpg",150,150,true],"medium":["https:\/\/goias.gov.br\/policiacivil\/wp-content\/uploads\/sites\/71\/2019\/04\/logo-preta-pcgo.jpg",300,211,false],"large":["https:\/\/goias.gov.br\/policiacivil\/wp-content\/uploads\/sites\/71\/2019\/04\/logo-preta-pcgo.jpg",473,333,false],"1536x1536":["https:\/\/goias.gov.br\/policiacivil\/wp-content\/uploads\/sites\/71\/2019\/04\/logo-preta-pcgo.jpg",473,333,false],"2048x2048":["https:\/\/goias.gov.br\/policiacivil\/wp-content\/uploads\/sites\/71\/2019\/04\/logo-preta-pcgo.jpg",473,333,false]},"rttpg_author":{"display_name":"celsoassis","author_link":"https:\/\/goias.gov.br\/policiacivil\/author\/celsoassis\/"},"rttpg_comment":0,"rttpg_category":"<a href=\"https:\/\/goias.gov.br\/policiacivil\/categoria\/delegacias\/\" rel=\"category tag\">Delegacias<\/a> <a href=\"https:\/\/goias.gov.br\/policiacivil\/categoria\/delegacias\/especializadas\/\" rel=\"category tag\">Especializadas<\/a> <a href=\"https:\/\/goias.gov.br\/policiacivil\/categoria\/ultimo-segundo\/\" rel=\"category tag\">\u00daltimo Segundo<\/a>","rttpg_excerpt":"Na tarde de ontem (12), a equipe de policiais civis da Delegacia Estadual de Capturas (DECAP), ap\u00f3s levantamentos investigativos e dilig\u00eancias realizadas, cumpriram, em uma fazenda da Zona Rural do munic\u00edpio de Santa F\u00e9 de Goi\u00e1s, mandado de pris\u00e3o preventiva, oriundo da 4\u00aa Vara Criminal da Comarca de Aparecida de Goi\u00e2nia, em desfavor de uma&hellip;","_links":{"self":[{"href":"https:\/\/goias.gov.br\/policiacivil\/wp-json\/wp\/v2\/posts\/79469","targetHints":{"allow":["GET"]}}],"collection":[{"href":"https:\/\/goias.gov.br\/policiacivil\/wp-json\/wp\/v2\/posts"}],"about":[{"href":"https:\/\/goias.gov.br\/policiacivil\/wp-json\/wp\/v2\/types\/post"}],"author":[{"embeddable":true,"href":"https:\/\/goias.gov.br\/policiacivil\/wp-json\/wp\/v2\/users\/34"}],"replies":[{"embeddable":true,"href":"https:\/\/goias.gov.br\/policiacivil\/wp-json\/wp\/v2\/comments?post=79469"}],"version-history":[{"count":0,"href":"https:\/\/goias.gov.br\/policiacivil\/wp-json\/wp\/v2\/posts\/79469\/revisions"}],"wp:featuredmedia":[{"embeddable":true,"href":"https:\/\/goias.gov.br\/policiacivil\/wp-json\/wp\/v2\/media\/72352"}],"wp:attachment":[{"href":"https:\/\/goias.gov.br\/policiacivil\/wp-json\/wp\/v2\/media?parent=79469"}],"wp:term":[{"taxonomy":"category","embeddable":true,"href":"https:\/\/goias.gov.br\/policiacivil\/wp-json\/wp\/v2\/categories?post=79469"},{"taxonomy":"post_tag","embeddable":true,"href":"https:\/\/goias.gov.br\/policiacivil\/wp-json\/wp\/v2\/tags?post=79469"}],"curies":[{"name":"wp","href":"https:\/\/api.w.org\/{rel}","templated":true}]}}