

{"id":76936,"date":"2019-09-23T15:15:47","date_gmt":"2019-09-23T18:15:47","guid":{"rendered":" https:\/\/goias.gov.br\/policiacivil\/?p=76936"},"modified":"2019-09-23T15:15:47","modified_gmt":"2019-09-23T18:15:47","slug":"dih-de-goias-e-representada-em-encontro-nacional","status":"publish","type":"post","link":"https:\/\/goias.gov.br\/policiacivil\/dih-de-goias-e-representada-em-encontro-nacional\/","title":{"rendered":"DIH de Goi\u00e1s \u00e9 representada em encontro nacional"},"content":{"rendered":"<p style=\"text-align: justify;\"><img fetchpriority=\"high\" decoding=\"async\" class=\" wp-image-76938 alignleft\" src=\" https:\/\/goias.gov.br\/policiacivil\/wp-content\/uploads\/sites\/71\/2019\/09\/rilmo-2-500x282.jpg\" alt=\"\" width=\"330\" height=\"186\" srcset=\"https:\/\/goias.gov.br\/policiacivil\/wp-content\/uploads\/sites\/71\/2019\/09\/rilmo-2-500x282.jpg 500w, https:\/\/goias.gov.br\/policiacivil\/wp-content\/uploads\/sites\/71\/2019\/09\/rilmo-2-768x434.jpg 768w, https:\/\/goias.gov.br\/policiacivil\/wp-content\/uploads\/sites\/71\/2019\/09\/rilmo-2.jpg 1068w, https:\/\/goias.gov.br\/policiacivil\/wp-content\/uploads\/sites\/71\/2019\/09\/rilmo-2-696x393.jpg 696w, https:\/\/goias.gov.br\/policiacivil\/wp-content\/uploads\/sites\/71\/2019\/09\/rilmo-2-744x420.jpg 744w\" sizes=\"(max-width: 330px) 100vw, 330px\" \/>O delegado de pol\u00edcia Rilmo Braga Cruz, titular da Delegacia Estadual de Investiga\u00e7\u00f5es de Homic\u00eddios (DIH), da Pol\u00edcia Civil de Goi\u00e1s, participou, na semana passada, do 1\u00ba Encontro Nacional dos Diretores de Departamentos de Homic\u00eddios. O encontro foi realizado na Academia Estadual de Pol\u00edcia Sylvio Terra (Acadepol), no Rio de Janeiro.<\/p>\n<p style=\"text-align: justify;\">A abertura do evento teve a presen\u00e7a do governador do Rio, Wilson Witzel, e do vice-governador Cl\u00e1udio Castro, al\u00e9m de representantes do Minist\u00e9rio da Justi\u00e7a e do Conselho Nacional dos Chefes de Pol\u00edcia Civil (CONCPC).<\/p>\n<p style=\"text-align: justify;\">Durante o encontro, os delegados de pol\u00edcia discutiram o resultado das Opera\u00e7\u00f5es Nacionais (Cronos I e II), metodologia de c\u00e1lculo dos \u00edndices de homic\u00eddios e melhorias de t\u00e9cnicas investigativas, entre outros assuntos. Houve ainda uma visita ao complexo da Cidade da Pol\u00edcia, da Pol\u00edcia Civil do Rio de Janeiro.<\/p>\n","protected":false},"excerpt":{"rendered":"<p>O delegado de pol\u00edcia Rilmo Braga Cruz, titular da Delegacia Estadual de Investiga\u00e7\u00f5es de Homic\u00eddios (DIH), da Pol\u00edcia Civil de Goi\u00e1s, participou, na semana passada, do 1\u00ba Encontro Nacional dos Diretores de Departamentos de Homic\u00eddios. O encontro foi realizado na Academia Estadual de Pol\u00edcia Sylvio Terra (Acadepol), no Rio de Janeiro. A abertura do evento [&hellip;]<\/p>\n","protected":false},"author":34,"featured_media":76937,"comment_status":"closed","ping_status":"closed","sticky":false,"template":"","format":"standard","meta":{"footnotes":""},"categories":[2538,537],"tags":[145,7375,144,4184],"class_list":["post-76936","post","type-post","status-publish","format-standard","has-post-thumbnail","hentry","category-delegacias","category-ultimo-segundo","tag-dih","tag-encontro-nacional","tag-homicidios","tag-rio-de-janeiro"],"rttpg_featured_image_url":{"full":["https:\/\/goias.gov.br\/policiacivil\/wp-content\/uploads\/sites\/71\/2019\/09\/rilmo-1.jpg",1068,711,false],"landscape":["https:\/\/goias.gov.br\/policiacivil\/wp-content\/uploads\/sites\/71\/2019\/09\/rilmo-1.jpg",1068,711,false],"portraits":["https:\/\/goias.gov.br\/policiacivil\/wp-content\/uploads\/sites\/71\/2019\/09\/rilmo-1.jpg",1068,711,false],"thumbnail":["https:\/\/goias.gov.br\/policiacivil\/wp-content\/uploads\/sites\/71\/2019\/09\/rilmo-1-300x300.jpg",150,150,true],"medium":["https:\/\/goias.gov.br\/policiacivil\/wp-content\/uploads\/sites\/71\/2019\/09\/rilmo-1-500x333.jpg",300,200,true],"large":["https:\/\/goias.gov.br\/policiacivil\/wp-content\/uploads\/sites\/71\/2019\/09\/rilmo-1-1068x711.jpg",1024,682,true],"1536x1536":["https:\/\/goias.gov.br\/policiacivil\/wp-content\/uploads\/sites\/71\/2019\/09\/rilmo-1.jpg",1068,711,false],"2048x2048":["https:\/\/goias.gov.br\/policiacivil\/wp-content\/uploads\/sites\/71\/2019\/09\/rilmo-1.jpg",1068,711,false]},"rttpg_author":{"display_name":"celsoassis","author_link":"https:\/\/goias.gov.br\/policiacivil\/author\/celsoassis\/"},"rttpg_comment":0,"rttpg_category":"<a href=\"https:\/\/goias.gov.br\/policiacivil\/categoria\/delegacias\/\" rel=\"category tag\">Delegacias<\/a> <a href=\"https:\/\/goias.gov.br\/policiacivil\/categoria\/ultimo-segundo\/\" rel=\"category tag\">\u00daltimo Segundo<\/a>","rttpg_excerpt":"O delegado de pol\u00edcia Rilmo Braga Cruz, titular da Delegacia Estadual de Investiga\u00e7\u00f5es de Homic\u00eddios (DIH), da Pol\u00edcia Civil de Goi\u00e1s, participou, na semana passada, do 1\u00ba Encontro Nacional dos Diretores de Departamentos de Homic\u00eddios. O encontro foi realizado na Academia Estadual de Pol\u00edcia Sylvio Terra (Acadepol), no Rio de Janeiro. A abertura do evento&hellip;","_links":{"self":[{"href":"https:\/\/goias.gov.br\/policiacivil\/wp-json\/wp\/v2\/posts\/76936","targetHints":{"allow":["GET"]}}],"collection":[{"href":"https:\/\/goias.gov.br\/policiacivil\/wp-json\/wp\/v2\/posts"}],"about":[{"href":"https:\/\/goias.gov.br\/policiacivil\/wp-json\/wp\/v2\/types\/post"}],"author":[{"embeddable":true,"href":"https:\/\/goias.gov.br\/policiacivil\/wp-json\/wp\/v2\/users\/34"}],"replies":[{"embeddable":true,"href":"https:\/\/goias.gov.br\/policiacivil\/wp-json\/wp\/v2\/comments?post=76936"}],"version-history":[{"count":0,"href":"https:\/\/goias.gov.br\/policiacivil\/wp-json\/wp\/v2\/posts\/76936\/revisions"}],"wp:featuredmedia":[{"embeddable":true,"href":"https:\/\/goias.gov.br\/policiacivil\/wp-json\/wp\/v2\/media\/76937"}],"wp:attachment":[{"href":"https:\/\/goias.gov.br\/policiacivil\/wp-json\/wp\/v2\/media?parent=76936"}],"wp:term":[{"taxonomy":"category","embeddable":true,"href":"https:\/\/goias.gov.br\/policiacivil\/wp-json\/wp\/v2\/categories?post=76936"},{"taxonomy":"post_tag","embeddable":true,"href":"https:\/\/goias.gov.br\/policiacivil\/wp-json\/wp\/v2\/tags?post=76936"}],"curies":[{"name":"wp","href":"https:\/\/api.w.org\/{rel}","templated":true}]}}