

{"id":76090,"date":"2019-08-16T10:14:26","date_gmt":"2019-08-16T13:14:26","guid":{"rendered":" https:\/\/goias.gov.br\/policiacivil\/?p=76090"},"modified":"2019-08-16T10:14:26","modified_gmt":"2019-08-16T13:14:26","slug":"gih-de-anapolis-prende-autor-de-homicidio","status":"publish","type":"post","link":"https:\/\/goias.gov.br\/policiacivil\/gih-de-anapolis-prende-autor-de-homicidio\/","title":{"rendered":"GIH de An\u00e1polis prende autor de homic\u00eddio"},"content":{"rendered":"<p style=\"text-align: justify;\"><img fetchpriority=\"high\" decoding=\"async\" class=\" wp-image-76092 alignleft\" src=\" https:\/\/goias.gov.br\/policiacivil\/wp-content\/uploads\/sites\/71\/2019\/08\/sadir-500x400.jpg\" alt=\"\" width=\"355\" height=\"284\" srcset=\"https:\/\/goias.gov.br\/policiacivil\/wp-content\/uploads\/sites\/71\/2019\/08\/sadir-500x400.jpg 500w, https:\/\/goias.gov.br\/policiacivil\/wp-content\/uploads\/sites\/71\/2019\/08\/sadir-768x614.jpg 768w, https:\/\/goias.gov.br\/policiacivil\/wp-content\/uploads\/sites\/71\/2019\/08\/sadir-696x557.jpg 696w, https:\/\/goias.gov.br\/policiacivil\/wp-content\/uploads\/sites\/71\/2019\/08\/sadir-525x420.jpg 525w, https:\/\/goias.gov.br\/policiacivil\/wp-content\/uploads\/sites\/71\/2019\/08\/sadir.jpg 975w\" sizes=\"(max-width: 355px) 100vw, 355px\" \/>Na noite desta quinta-feira (15), a Pol\u00edcia Civil, por meio do Grupo de Investiga\u00e7\u00e3o de Homic\u00eddios (GIH) de An\u00e1polis, deu cumprimento a um mandado de pris\u00e3o tempor\u00e1ria em desfavor de Sadir Lima do Nascimento, 43 anos.<\/p>\n<p style=\"text-align: justify;\">Sadir \u00e9 apontado como autor do homic\u00eddio qualificado praticado em desfavor de Wellington Adriano Ribeiro e das tentativas de homic\u00eddio praticadas contra Kaio Catulio Ferreira e Eduardo Alves de Souza, fatos ocorridos em maio de 2017 na Rua Copa 05, Residencial Copacabana.<\/p>\n<p style=\"text-align: justify;\">Conforme apurado, Sadir \u00e9 dependente de \u00e1lcool e drogas desde a adolesc\u00eancia e havia sido internado pela fam\u00edlia numa cl\u00ednica de recupera\u00e7\u00e3o. Ele fugiu da cl\u00ednica, retornou para casa e a sua pr\u00f3pria fam\u00edlia acionou os funcion\u00e1rios da cl\u00ednica para recaptur\u00e1-lo.<\/p>\n<p style=\"text-align: justify;\">Os monitores Wellington, Kaio e Eduardo se dirigiram \u00e0 casa de Sadir pra reconduzido-lo \u00e0 cl\u00ednica, oportunidade em que Sadir se apoderou de uma faca e esfaqueou os 3 monitores. Wellington foi a \u00f3bito no local; Kaio e Eduardo ficaram gravemente feridos e, ap\u00f3s semanas internados, sobreviveram ao ataque.<\/p>\n<p style=\"text-align: justify;\">Ap\u00f3s investiga\u00e7\u00f5es, descobriu-se que Sadir se encontrava na cidade de Piren\u00f3polis, local onde foi capturado. Ele j\u00e1 se encontra recolhido no Centro de Inser\u00e7\u00e3o Social (CIS &#8211; An\u00e1polis), \u00e0 disposi\u00e7\u00e3o da Justi\u00e7a.<\/p>\n","protected":false},"excerpt":{"rendered":"<p>Na noite desta quinta-feira (15), a Pol\u00edcia Civil, por meio do Grupo de Investiga\u00e7\u00e3o de Homic\u00eddios (GIH) de An\u00e1polis, deu cumprimento a um mandado de pris\u00e3o tempor\u00e1ria em desfavor de Sadir Lima do Nascimento, 43 anos. Sadir \u00e9 apontado como autor do homic\u00eddio qualificado praticado em desfavor de Wellington Adriano Ribeiro e das tentativas de [&hellip;]<\/p>\n","protected":false},"author":34,"featured_media":76092,"comment_status":"closed","ping_status":"closed","sticky":false,"template":"","format":"standard","meta":{"footnotes":""},"categories":[3190,2538,537],"tags":[31,1291,861],"class_list":["post-76090","post","type-post","status-publish","format-standard","has-post-thumbnail","hentry","category-3a-regional","category-delegacias","category-ultimo-segundo","tag-anapolis","tag-gih","tag-prisao"],"rttpg_featured_image_url":{"full":["https:\/\/goias.gov.br\/policiacivil\/wp-content\/uploads\/sites\/71\/2019\/08\/sadir.jpg",975,780,false],"landscape":["https:\/\/goias.gov.br\/policiacivil\/wp-content\/uploads\/sites\/71\/2019\/08\/sadir.jpg",975,780,false],"portraits":["https:\/\/goias.gov.br\/policiacivil\/wp-content\/uploads\/sites\/71\/2019\/08\/sadir.jpg",975,780,false],"thumbnail":["https:\/\/goias.gov.br\/policiacivil\/wp-content\/uploads\/sites\/71\/2019\/08\/sadir-300x300.jpg",150,150,true],"medium":["https:\/\/goias.gov.br\/policiacivil\/wp-content\/uploads\/sites\/71\/2019\/08\/sadir-500x400.jpg",300,240,true],"large":["https:\/\/goias.gov.br\/policiacivil\/wp-content\/uploads\/sites\/71\/2019\/08\/sadir.jpg",975,780,false],"1536x1536":["https:\/\/goias.gov.br\/policiacivil\/wp-content\/uploads\/sites\/71\/2019\/08\/sadir.jpg",975,780,false],"2048x2048":["https:\/\/goias.gov.br\/policiacivil\/wp-content\/uploads\/sites\/71\/2019\/08\/sadir.jpg",975,780,false]},"rttpg_author":{"display_name":"celsoassis","author_link":"https:\/\/goias.gov.br\/policiacivil\/author\/celsoassis\/"},"rttpg_comment":0,"rttpg_category":"<a href=\"https:\/\/goias.gov.br\/policiacivil\/categoria\/drp\/3a-regional\/\" rel=\"category tag\">3\u00aa Regional<\/a> <a href=\"https:\/\/goias.gov.br\/policiacivil\/categoria\/delegacias\/\" rel=\"category tag\">Delegacias<\/a> <a href=\"https:\/\/goias.gov.br\/policiacivil\/categoria\/ultimo-segundo\/\" rel=\"category tag\">\u00daltimo Segundo<\/a>","rttpg_excerpt":"Na noite desta quinta-feira (15), a Pol\u00edcia Civil, por meio do Grupo de Investiga\u00e7\u00e3o de Homic\u00eddios (GIH) de An\u00e1polis, deu cumprimento a um mandado de pris\u00e3o tempor\u00e1ria em desfavor de Sadir Lima do Nascimento, 43 anos. Sadir \u00e9 apontado como autor do homic\u00eddio qualificado praticado em desfavor de Wellington Adriano Ribeiro e das tentativas de&hellip;","_links":{"self":[{"href":"https:\/\/goias.gov.br\/policiacivil\/wp-json\/wp\/v2\/posts\/76090","targetHints":{"allow":["GET"]}}],"collection":[{"href":"https:\/\/goias.gov.br\/policiacivil\/wp-json\/wp\/v2\/posts"}],"about":[{"href":"https:\/\/goias.gov.br\/policiacivil\/wp-json\/wp\/v2\/types\/post"}],"author":[{"embeddable":true,"href":"https:\/\/goias.gov.br\/policiacivil\/wp-json\/wp\/v2\/users\/34"}],"replies":[{"embeddable":true,"href":"https:\/\/goias.gov.br\/policiacivil\/wp-json\/wp\/v2\/comments?post=76090"}],"version-history":[{"count":0,"href":"https:\/\/goias.gov.br\/policiacivil\/wp-json\/wp\/v2\/posts\/76090\/revisions"}],"wp:featuredmedia":[{"embeddable":true,"href":"https:\/\/goias.gov.br\/policiacivil\/wp-json\/wp\/v2\/media\/76092"}],"wp:attachment":[{"href":"https:\/\/goias.gov.br\/policiacivil\/wp-json\/wp\/v2\/media?parent=76090"}],"wp:term":[{"taxonomy":"category","embeddable":true,"href":"https:\/\/goias.gov.br\/policiacivil\/wp-json\/wp\/v2\/categories?post=76090"},{"taxonomy":"post_tag","embeddable":true,"href":"https:\/\/goias.gov.br\/policiacivil\/wp-json\/wp\/v2\/tags?post=76090"}],"curies":[{"name":"wp","href":"https:\/\/api.w.org\/{rel}","templated":true}]}}