

{"id":75933,"date":"2019-08-12T11:35:58","date_gmt":"2019-08-12T14:35:58","guid":{"rendered":" https:\/\/goias.gov.br\/policiacivil\/?p=75933"},"modified":"2019-08-12T11:35:58","modified_gmt":"2019-08-12T14:35:58","slug":"acusado-de-homicidio-qualificado-e-preso-em-cavalcante","status":"publish","type":"post","link":"https:\/\/goias.gov.br\/policiacivil\/acusado-de-homicidio-qualificado-e-preso-em-cavalcante\/","title":{"rendered":"Acusado de homic\u00eddio qualificado \u00e9 preso em Cavalcante"},"content":{"rendered":"<p style=\"text-align: justify;\"><img fetchpriority=\"high\" decoding=\"async\" class=\" wp-image-75934 alignleft\" src=\" https:\/\/goias.gov.br\/policiacivil\/wp-content\/uploads\/sites\/71\/2019\/08\/ktb-500x379.jpg\" alt=\"\" width=\"302\" height=\"229\" srcset=\"https:\/\/goias.gov.br\/policiacivil\/wp-content\/uploads\/sites\/71\/2019\/08\/ktb-500x379.jpg 500w, https:\/\/goias.gov.br\/policiacivil\/wp-content\/uploads\/sites\/71\/2019\/08\/ktb-768x583.jpg 768w, https:\/\/goias.gov.br\/policiacivil\/wp-content\/uploads\/sites\/71\/2019\/08\/ktb-80x60.jpg 80w, https:\/\/goias.gov.br\/policiacivil\/wp-content\/uploads\/sites\/71\/2019\/08\/ktb-160x120.jpg 160w, https:\/\/goias.gov.br\/policiacivil\/wp-content\/uploads\/sites\/71\/2019\/08\/ktb-696x528.jpg 696w, https:\/\/goias.gov.br\/policiacivil\/wp-content\/uploads\/sites\/71\/2019\/08\/ktb-553x420.jpg 553w, https:\/\/goias.gov.br\/policiacivil\/wp-content\/uploads\/sites\/71\/2019\/08\/ktb.jpg 850w\" sizes=\"(max-width: 302px) 100vw, 302px\" \/>A equipe da Delegacia de Pol\u00edcia (DP) de Cavalcante cumpriu, na \u00faltima sexta-feira (9), mandado de pris\u00e3o em desfavor de K. T. B., acusado de homic\u00eddio qualificado. Diante das recorrentes queixas dos moradores da cidade acerca do comportamento de K. T. B., os policiais civis verificaram que havia sido expedido um mandado de pris\u00e3o contra ele, da Vara de Execu\u00e7\u00f5es Penais de Bras\u00edlia (DF).<\/p>\n<p style=\"text-align: justify;\">Por conseguinte, foram efetuadas dilig\u00eancias que culminaram na localiza\u00e7\u00e3o do autor, capturado no F\u00f3rum do munic\u00edpio de Cavalcante. Ap\u00f3s o cumprimento das formalidades de sua captura, K. T. B. foi encaminhado ao Pres\u00eddio local, \u00e0 disposi\u00e7\u00e3o do Poder Judici\u00e1rio.<\/p>\n","protected":false},"excerpt":{"rendered":"<p>A equipe da Delegacia de Pol\u00edcia (DP) de Cavalcante cumpriu, na \u00faltima sexta-feira (9), mandado de pris\u00e3o em desfavor de K. T. B., acusado de homic\u00eddio qualificado. Diante das recorrentes queixas dos moradores da cidade acerca do comportamento de K. T. B., os policiais civis verificaram que havia sido expedido um mandado de pris\u00e3o contra [&hellip;]<\/p>\n","protected":false},"author":34,"featured_media":75934,"comment_status":"closed","ping_status":"closed","sticky":false,"template":"","format":"standard","meta":{"footnotes":""},"categories":[3200,2538,156],"tags":[6667,2649,4507,1258],"class_list":["post-75933","post","type-post","status-publish","format-standard","has-post-thumbnail","hentry","category-13a-regional","category-delegacias","category-policia-civil-no-interior","tag-capturado","tag-cavalcante","tag-homicidio-qualificado","tag-mandado-de-prisao"],"rttpg_featured_image_url":{"full":["https:\/\/goias.gov.br\/policiacivil\/wp-content\/uploads\/sites\/71\/2019\/08\/ktb.jpg",850,645,false],"landscape":["https:\/\/goias.gov.br\/policiacivil\/wp-content\/uploads\/sites\/71\/2019\/08\/ktb.jpg",850,645,false],"portraits":["https:\/\/goias.gov.br\/policiacivil\/wp-content\/uploads\/sites\/71\/2019\/08\/ktb.jpg",850,645,false],"thumbnail":["https:\/\/goias.gov.br\/policiacivil\/wp-content\/uploads\/sites\/71\/2019\/08\/ktb-300x300.jpg",150,150,true],"medium":["https:\/\/goias.gov.br\/policiacivil\/wp-content\/uploads\/sites\/71\/2019\/08\/ktb-500x379.jpg",300,227,true],"large":["https:\/\/goias.gov.br\/policiacivil\/wp-content\/uploads\/sites\/71\/2019\/08\/ktb.jpg",850,645,false],"1536x1536":["https:\/\/goias.gov.br\/policiacivil\/wp-content\/uploads\/sites\/71\/2019\/08\/ktb.jpg",850,645,false],"2048x2048":["https:\/\/goias.gov.br\/policiacivil\/wp-content\/uploads\/sites\/71\/2019\/08\/ktb.jpg",850,645,false]},"rttpg_author":{"display_name":"celsoassis","author_link":"https:\/\/goias.gov.br\/policiacivil\/author\/celsoassis\/"},"rttpg_comment":0,"rttpg_category":"<a href=\"https:\/\/goias.gov.br\/policiacivil\/categoria\/drp\/13a-regional\/\" rel=\"category tag\">13\u00aa Regional<\/a> <a href=\"https:\/\/goias.gov.br\/policiacivil\/categoria\/delegacias\/\" rel=\"category tag\">Delegacias<\/a> <a href=\"https:\/\/goias.gov.br\/policiacivil\/categoria\/policia-civil-no-interior\/\" rel=\"category tag\">Pol\u00edcia Civil no Interior<\/a>","rttpg_excerpt":"A equipe da Delegacia de Pol\u00edcia (DP) de Cavalcante cumpriu, na \u00faltima sexta-feira (9), mandado de pris\u00e3o em desfavor de K. T. B., acusado de homic\u00eddio qualificado. Diante das recorrentes queixas dos moradores da cidade acerca do comportamento de K. T. B., os policiais civis verificaram que havia sido expedido um mandado de pris\u00e3o contra&hellip;","_links":{"self":[{"href":"https:\/\/goias.gov.br\/policiacivil\/wp-json\/wp\/v2\/posts\/75933","targetHints":{"allow":["GET"]}}],"collection":[{"href":"https:\/\/goias.gov.br\/policiacivil\/wp-json\/wp\/v2\/posts"}],"about":[{"href":"https:\/\/goias.gov.br\/policiacivil\/wp-json\/wp\/v2\/types\/post"}],"author":[{"embeddable":true,"href":"https:\/\/goias.gov.br\/policiacivil\/wp-json\/wp\/v2\/users\/34"}],"replies":[{"embeddable":true,"href":"https:\/\/goias.gov.br\/policiacivil\/wp-json\/wp\/v2\/comments?post=75933"}],"version-history":[{"count":0,"href":"https:\/\/goias.gov.br\/policiacivil\/wp-json\/wp\/v2\/posts\/75933\/revisions"}],"wp:featuredmedia":[{"embeddable":true,"href":"https:\/\/goias.gov.br\/policiacivil\/wp-json\/wp\/v2\/media\/75934"}],"wp:attachment":[{"href":"https:\/\/goias.gov.br\/policiacivil\/wp-json\/wp\/v2\/media?parent=75933"}],"wp:term":[{"taxonomy":"category","embeddable":true,"href":"https:\/\/goias.gov.br\/policiacivil\/wp-json\/wp\/v2\/categories?post=75933"},{"taxonomy":"post_tag","embeddable":true,"href":"https:\/\/goias.gov.br\/policiacivil\/wp-json\/wp\/v2\/tags?post=75933"}],"curies":[{"name":"wp","href":"https:\/\/api.w.org\/{rel}","templated":true}]}}