

{"id":75834,"date":"2019-08-07T10:00:14","date_gmt":"2019-08-07T13:00:14","guid":{"rendered":" https:\/\/goias.gov.br\/policiacivil\/?p=75834"},"modified":"2019-08-07T15:37:36","modified_gmt":"2019-08-07T18:37:36","slug":"operacao-genes-do-mal-segunda-fase-e-deflagrada-em-ipameri","status":"publish","type":"post","link":"https:\/\/goias.gov.br\/policiacivil\/operacao-genes-do-mal-segunda-fase-e-deflagrada-em-ipameri\/","title":{"rendered":"Opera\u00e7\u00e3o Genes do Mal: segunda fase \u00e9 deflagrada em Ipameri"},"content":{"rendered":"<p style=\"text-align: justify;\"><img fetchpriority=\"high\" decoding=\"async\" class=\" wp-image-75835 alignleft\" src=\" https:\/\/goias.gov.br\/policiacivil\/wp-content\/uploads\/sites\/71\/2019\/08\/genes-do-mal-487x500.jpg\" alt=\"\" width=\"274\" height=\"281\" srcset=\"https:\/\/goias.gov.br\/policiacivil\/wp-content\/uploads\/sites\/71\/2019\/08\/genes-do-mal-487x500.jpg 487w, https:\/\/goias.gov.br\/policiacivil\/wp-content\/uploads\/sites\/71\/2019\/08\/genes-do-mal-768x789.jpg 768w, https:\/\/goias.gov.br\/policiacivil\/wp-content\/uploads\/sites\/71\/2019\/08\/genes-do-mal-356x364.jpg 356w, https:\/\/goias.gov.br\/policiacivil\/wp-content\/uploads\/sites\/71\/2019\/08\/genes-do-mal-712x728.jpg 712w, https:\/\/goias.gov.br\/policiacivil\/wp-content\/uploads\/sites\/71\/2019\/08\/genes-do-mal-696x715.jpg 696w, https:\/\/goias.gov.br\/policiacivil\/wp-content\/uploads\/sites\/71\/2019\/08\/genes-do-mal-409x420.jpg 409w, https:\/\/goias.gov.br\/policiacivil\/wp-content\/uploads\/sites\/71\/2019\/08\/genes-do-mal.jpg 776w\" sizes=\"(max-width: 274px) 100vw, 274px\" \/>Os policiais civis da Delegacia de Pol\u00edcia (DP) de Ipameri &#8211; com apoio do Grupo de Repress\u00e3o a Narc\u00f3ticos (Genarc), da 2\u00aa DDP de Catal\u00e3o e da Subdelegacia de Tr\u00eas Ranchos &#8211; deflagraram, na manh\u00e3 desta quarta-feira (7), a Opera\u00e7\u00e3o Genes do Mal, segunda fase. A opera\u00e7\u00e3o busca reprimir os crimes de tr\u00e1fico de drogas, associa\u00e7\u00e3o para o tr\u00e1fico de drogas e furto na zona rural de Ipameri.<\/p>\n<p style=\"text-align: justify;\">Nesta segunda etapa, foram cumpridos, simultaneamente, tr\u00eas mandados de buscas. Os policiais conseguiram apreender uma por\u00e7\u00e3o de drogas na posse do suspeito Gustavo Bas\u00edlio da Silva, 19 anos. Ele recebeu voz de pris\u00e3o em flagrante pelo crime de tr\u00e1fico de drogas, sendo encaminhado ao sistema prisional \u00e0 disposi\u00e7\u00e3o da Justi\u00e7a. Com um outro investigado, foram apreendidas pequenas por\u00e7\u00f5es de drogas e algumas muni\u00e7\u00f5es. Ele foi autuado mediante Termo Circunstanciado de Ocorr\u00eancia (TCO).<\/p>\n<p style=\"text-align: justify;\">Encerradas as investiga\u00e7\u00f5es, todos os indiciados v\u00e3o responder pelos crimes de tr\u00e1fico e associa\u00e7\u00e3o para o tr\u00e1fico de drogas, cujas penas variam de 8 a 15 anos de pris\u00e3o. O inqu\u00e9rito policial ser\u00e1 remetido imediatamente ao Poder Judici\u00e1rio.<\/p>\n","protected":false},"excerpt":{"rendered":"<p>Os policiais civis da Delegacia de Pol\u00edcia (DP) de Ipameri &#8211; com apoio do Grupo de Repress\u00e3o a Narc\u00f3ticos (Genarc), da 2\u00aa DDP de Catal\u00e3o e da Subdelegacia de Tr\u00eas Ranchos &#8211; deflagraram, na manh\u00e3 desta quarta-feira (7), a Opera\u00e7\u00e3o Genes do Mal, segunda fase. A opera\u00e7\u00e3o busca reprimir os crimes de tr\u00e1fico de drogas, [&hellip;]<\/p>\n","protected":false},"author":34,"featured_media":75836,"comment_status":"closed","ping_status":"closed","sticky":false,"template":"","format":"standard","meta":{"footnotes":""},"categories":[3196,2538,6069],"tags":[6752,7192,6982,5509],"class_list":["post-75834","post","type-post","status-publish","format-standard","has-post-thumbnail","hentry","category-9a-regional","category-delegacias","category-noticias-da-policia-civil","tag-mandados-de-busca","tag-operacao-genes-do-mal","tag-segunda-fase","tag-trafico-de-drogas"],"rttpg_featured_image_url":{"full":["https:\/\/goias.gov.br\/policiacivil\/wp-content\/uploads\/sites\/71\/2019\/08\/whatsapp-image-2019-08-07-at-13.35.31.jpeg",581,1032,false],"landscape":["https:\/\/goias.gov.br\/policiacivil\/wp-content\/uploads\/sites\/71\/2019\/08\/whatsapp-image-2019-08-07-at-13.35.31.jpeg",581,1032,false],"portraits":["https:\/\/goias.gov.br\/policiacivil\/wp-content\/uploads\/sites\/71\/2019\/08\/whatsapp-image-2019-08-07-at-13.35.31.jpeg",581,1032,false],"thumbnail":["https:\/\/goias.gov.br\/policiacivil\/wp-content\/uploads\/sites\/71\/2019\/08\/whatsapp-image-2019-08-07-at-13.35.31-300x300.jpeg",150,150,true],"medium":["https:\/\/goias.gov.br\/policiacivil\/wp-content\/uploads\/sites\/71\/2019\/08\/whatsapp-image-2019-08-07-at-13.35.31-281x500.jpeg",169,300,true],"large":["https:\/\/goias.gov.br\/policiacivil\/wp-content\/uploads\/sites\/71\/2019\/08\/whatsapp-image-2019-08-07-at-13.35.31.jpeg",576,1024,false],"1536x1536":["https:\/\/goias.gov.br\/policiacivil\/wp-content\/uploads\/sites\/71\/2019\/08\/whatsapp-image-2019-08-07-at-13.35.31.jpeg",581,1032,false],"2048x2048":["https:\/\/goias.gov.br\/policiacivil\/wp-content\/uploads\/sites\/71\/2019\/08\/whatsapp-image-2019-08-07-at-13.35.31.jpeg",581,1032,false]},"rttpg_author":{"display_name":"celsoassis","author_link":"https:\/\/goias.gov.br\/policiacivil\/author\/celsoassis\/"},"rttpg_comment":0,"rttpg_category":"<a href=\"https:\/\/goias.gov.br\/policiacivil\/categoria\/drp\/9a-regional\/\" rel=\"category tag\">9\u00aa Regional<\/a> <a href=\"https:\/\/goias.gov.br\/policiacivil\/categoria\/delegacias\/\" rel=\"category tag\">Delegacias<\/a> <a href=\"https:\/\/goias.gov.br\/policiacivil\/categoria\/noticias\/noticias-da-policia-civil\/\" rel=\"category tag\">Not\u00edcias da Pol\u00edcia Civil<\/a>","rttpg_excerpt":"Os policiais civis da Delegacia de Pol\u00edcia (DP) de Ipameri &#8211; com apoio do Grupo de Repress\u00e3o a Narc\u00f3ticos (Genarc), da 2\u00aa DDP de Catal\u00e3o e da Subdelegacia de Tr\u00eas Ranchos &#8211; deflagraram, na manh\u00e3 desta quarta-feira (7), a Opera\u00e7\u00e3o Genes do Mal, segunda fase. A opera\u00e7\u00e3o busca reprimir os crimes de tr\u00e1fico de drogas,&hellip;","_links":{"self":[{"href":"https:\/\/goias.gov.br\/policiacivil\/wp-json\/wp\/v2\/posts\/75834","targetHints":{"allow":["GET"]}}],"collection":[{"href":"https:\/\/goias.gov.br\/policiacivil\/wp-json\/wp\/v2\/posts"}],"about":[{"href":"https:\/\/goias.gov.br\/policiacivil\/wp-json\/wp\/v2\/types\/post"}],"author":[{"embeddable":true,"href":"https:\/\/goias.gov.br\/policiacivil\/wp-json\/wp\/v2\/users\/34"}],"replies":[{"embeddable":true,"href":"https:\/\/goias.gov.br\/policiacivil\/wp-json\/wp\/v2\/comments?post=75834"}],"version-history":[{"count":0,"href":"https:\/\/goias.gov.br\/policiacivil\/wp-json\/wp\/v2\/posts\/75834\/revisions"}],"wp:featuredmedia":[{"embeddable":true,"href":"https:\/\/goias.gov.br\/policiacivil\/wp-json\/wp\/v2\/media\/75836"}],"wp:attachment":[{"href":"https:\/\/goias.gov.br\/policiacivil\/wp-json\/wp\/v2\/media?parent=75834"}],"wp:term":[{"taxonomy":"category","embeddable":true,"href":"https:\/\/goias.gov.br\/policiacivil\/wp-json\/wp\/v2\/categories?post=75834"},{"taxonomy":"post_tag","embeddable":true,"href":"https:\/\/goias.gov.br\/policiacivil\/wp-json\/wp\/v2\/tags?post=75834"}],"curies":[{"name":"wp","href":"https:\/\/api.w.org\/{rel}","templated":true}]}}