

{"id":73550,"date":"2019-05-13T10:11:27","date_gmt":"2019-05-13T13:11:27","guid":{"rendered":" https:\/\/goias.gov.br\/policiacivil\/?p=73550"},"modified":"2019-05-13T10:11:27","modified_gmt":"2019-05-13T13:11:27","slug":"preso-suspeito-de-roubar-e-desmontar-veiculo-para-venda-de-pecas","status":"publish","type":"post","link":"https:\/\/goias.gov.br\/policiacivil\/preso-suspeito-de-roubar-e-desmontar-veiculo-para-venda-de-pecas\/","title":{"rendered":"Preso suspeito de roubar e desmontar ve\u00edculo para venda de pe\u00e7as"},"content":{"rendered":"<p style=\"text-align: justify;\"><img fetchpriority=\"high\" decoding=\"async\" class=\" wp-image-73551 alignleft\" src=\" https:\/\/goias.gov.br\/policiacivil\/wp-content\/uploads\/sites\/71\/2019\/05\/whalakison-378x500.jpg\" alt=\"\" width=\"309\" height=\"409\" srcset=\"https:\/\/goias.gov.br\/policiacivil\/wp-content\/uploads\/sites\/71\/2019\/05\/whalakison-378x500.jpg 378w, https:\/\/goias.gov.br\/policiacivil\/wp-content\/uploads\/sites\/71\/2019\/05\/whalakison-318x420.jpg 318w, https:\/\/goias.gov.br\/policiacivil\/wp-content\/uploads\/sites\/71\/2019\/05\/whalakison-636x840.jpg 636w, https:\/\/goias.gov.br\/policiacivil\/wp-content\/uploads\/sites\/71\/2019\/05\/whalakison.jpg 660w\" sizes=\"(max-width: 309px) 100vw, 309px\" \/>A Pol\u00edcia Civil, por meio dos Grupos de Repress\u00e3o aos Crimes Patrimoniais (Gepatri) e de Repress\u00e3o a Narc\u00f3ticos (Genarc) de Luzi\u00e2nia, cumpriram mandado de pris\u00e3o preventiva, na \u00faltima sexta-feira (10), contra Wahlakison Lucas Mendes Caixeta, de 20 anos.<\/p>\n<p style=\"text-align: justify;\">\nSegundo o apurado, no dia 3 de fevereiro deste ano, Wahlakison e outro comparsa, usando arma de fogo, subtra\u00edram um ve\u00edculo VW\/Voyage e um aparelho celular, mantendo a v\u00edtima em restri\u00e7\u00e3o de liberdade por algumas horas, at\u00e9 confirmarem que o ve\u00edculo n\u00e3o tinha nenhum equipamento do tipo \u201ccorta corrente\u201d.<\/p>\n<p style=\"text-align: justify;\">\nQuando decidiram libertar a v\u00edtima, os criminosos levaram o ve\u00edculo at\u00e9 um matagal, onde retiraram as rodas e bateria do autom\u00f3vel. Posteriormente, o carro foi localizado e restitu\u00eddo \u00e0 v\u00edtima, j\u00e1 sem as pe\u00e7as levadas pelos suspeitos.<\/p>\n<p style=\"text-align: justify;\">\nAp\u00f3s intenso trabalho investigativo, a autoridade policial representou pela pris\u00e3o de Wahlakison Lucas. O pedido foi prontamente deferido pelo Poder Judici\u00e1rio. Ap\u00f3s a pris\u00e3o, o suspeito foi indiciado por roubo majorado e permanecer\u00e1 \u00e0 disposi\u00e7\u00e3o da Justi\u00e7a.<\/p>\n","protected":false},"excerpt":{"rendered":"<p>A Pol\u00edcia Civil, por meio dos Grupos de Repress\u00e3o aos Crimes Patrimoniais (Gepatri) e de Repress\u00e3o a Narc\u00f3ticos (Genarc) de Luzi\u00e2nia, cumpriram mandado de pris\u00e3o preventiva, na \u00faltima sexta-feira (10), contra Wahlakison Lucas Mendes Caixeta, de 20 anos. Segundo o apurado, no dia 3 de fevereiro deste ano, Wahlakison e outro comparsa, usando arma de [&hellip;]<\/p>\n","protected":false},"author":34,"featured_media":73551,"comment_status":"closed","ping_status":"closed","sticky":false,"template":"","format":"standard","meta":{"footnotes":""},"categories":[3192,2538,156,89,537],"tags":[950,6456,6538],"class_list":["post-73550","post","type-post","status-publish","format-standard","has-post-thumbnail","hentry","category-5a-regional","category-delegacias","category-policia-civil-no-interior","category-regionais","category-ultimo-segundo","tag-luziania","tag-prisao-preventiva","tag-roubo-de-veiculo"],"rttpg_featured_image_url":{"full":["https:\/\/goias.gov.br\/policiacivil\/wp-content\/uploads\/sites\/71\/2019\/05\/whalakison.jpg",660,872,false],"landscape":["https:\/\/goias.gov.br\/policiacivil\/wp-content\/uploads\/sites\/71\/2019\/05\/whalakison.jpg",660,872,false],"portraits":["https:\/\/goias.gov.br\/policiacivil\/wp-content\/uploads\/sites\/71\/2019\/05\/whalakison.jpg",660,872,false],"thumbnail":["https:\/\/goias.gov.br\/policiacivil\/wp-content\/uploads\/sites\/71\/2019\/05\/whalakison-300x300.jpg",150,150,true],"medium":["https:\/\/goias.gov.br\/policiacivil\/wp-content\/uploads\/sites\/71\/2019\/05\/whalakison-378x500.jpg",227,300,true],"large":["https:\/\/goias.gov.br\/policiacivil\/wp-content\/uploads\/sites\/71\/2019\/05\/whalakison.jpg",660,872,false],"1536x1536":["https:\/\/goias.gov.br\/policiacivil\/wp-content\/uploads\/sites\/71\/2019\/05\/whalakison.jpg",660,872,false],"2048x2048":["https:\/\/goias.gov.br\/policiacivil\/wp-content\/uploads\/sites\/71\/2019\/05\/whalakison.jpg",660,872,false]},"rttpg_author":{"display_name":"celsoassis","author_link":"https:\/\/goias.gov.br\/policiacivil\/author\/celsoassis\/"},"rttpg_comment":0,"rttpg_category":"<a href=\"https:\/\/goias.gov.br\/policiacivil\/categoria\/drp\/5a-regional\/\" rel=\"category tag\">5\u00aa Regional<\/a> <a href=\"https:\/\/goias.gov.br\/policiacivil\/categoria\/delegacias\/\" rel=\"category tag\">Delegacias<\/a> <a href=\"https:\/\/goias.gov.br\/policiacivil\/categoria\/policia-civil-no-interior\/\" rel=\"category tag\">Pol\u00edcia Civil no Interior<\/a> <a href=\"https:\/\/goias.gov.br\/policiacivil\/categoria\/delegacias\/regionais\/\" rel=\"category tag\">Regionais<\/a> <a href=\"https:\/\/goias.gov.br\/policiacivil\/categoria\/ultimo-segundo\/\" rel=\"category tag\">\u00daltimo Segundo<\/a>","rttpg_excerpt":"A Pol\u00edcia Civil, por meio dos Grupos de Repress\u00e3o aos Crimes Patrimoniais (Gepatri) e de Repress\u00e3o a Narc\u00f3ticos (Genarc) de Luzi\u00e2nia, cumpriram mandado de pris\u00e3o preventiva, na \u00faltima sexta-feira (10), contra Wahlakison Lucas Mendes Caixeta, de 20 anos. Segundo o apurado, no dia 3 de fevereiro deste ano, Wahlakison e outro comparsa, usando arma de&hellip;","_links":{"self":[{"href":"https:\/\/goias.gov.br\/policiacivil\/wp-json\/wp\/v2\/posts\/73550","targetHints":{"allow":["GET"]}}],"collection":[{"href":"https:\/\/goias.gov.br\/policiacivil\/wp-json\/wp\/v2\/posts"}],"about":[{"href":"https:\/\/goias.gov.br\/policiacivil\/wp-json\/wp\/v2\/types\/post"}],"author":[{"embeddable":true,"href":"https:\/\/goias.gov.br\/policiacivil\/wp-json\/wp\/v2\/users\/34"}],"replies":[{"embeddable":true,"href":"https:\/\/goias.gov.br\/policiacivil\/wp-json\/wp\/v2\/comments?post=73550"}],"version-history":[{"count":0,"href":"https:\/\/goias.gov.br\/policiacivil\/wp-json\/wp\/v2\/posts\/73550\/revisions"}],"wp:featuredmedia":[{"embeddable":true,"href":"https:\/\/goias.gov.br\/policiacivil\/wp-json\/wp\/v2\/media\/73551"}],"wp:attachment":[{"href":"https:\/\/goias.gov.br\/policiacivil\/wp-json\/wp\/v2\/media?parent=73550"}],"wp:term":[{"taxonomy":"category","embeddable":true,"href":"https:\/\/goias.gov.br\/policiacivil\/wp-json\/wp\/v2\/categories?post=73550"},{"taxonomy":"post_tag","embeddable":true,"href":"https:\/\/goias.gov.br\/policiacivil\/wp-json\/wp\/v2\/tags?post=73550"}],"curies":[{"name":"wp","href":"https:\/\/api.w.org\/{rel}","templated":true}]}}