

{"id":73464,"date":"2019-05-09T17:59:00","date_gmt":"2019-05-09T20:59:00","guid":{"rendered":" https:\/\/goias.gov.br\/policiacivil\/?p=73464"},"modified":"2019-05-09T17:59:09","modified_gmt":"2019-05-09T20:59:09","slug":"policia-civil-prende-condenado-por-crime-de-violencia-domestica","status":"publish","type":"post","link":"https:\/\/goias.gov.br\/policiacivil\/policia-civil-prende-condenado-por-crime-de-violencia-domestica\/","title":{"rendered":"Pol\u00edcia Civil prende condenado por crime de viol\u00eancia dom\u00e9stica em Ipameri"},"content":{"rendered":"<p style=\"text-align: justify;\"><img fetchpriority=\"high\" decoding=\"async\" class=\" wp-image-73465 alignleft\" src=\" https:\/\/goias.gov.br\/policiacivil\/wp-content\/uploads\/sites\/71\/2019\/05\/jdm-412x500.jpg\" alt=\"\" width=\"292\" height=\"354\" srcset=\"https:\/\/goias.gov.br\/policiacivil\/wp-content\/uploads\/sites\/71\/2019\/05\/jdm-412x500.jpg 412w, https:\/\/goias.gov.br\/policiacivil\/wp-content\/uploads\/sites\/71\/2019\/05\/jdm-346x420.jpg 346w, https:\/\/goias.gov.br\/policiacivil\/wp-content\/uploads\/sites\/71\/2019\/05\/jdm.jpg 521w\" sizes=\"(max-width: 292px) 100vw, 292px\" \/>A Pol\u00edcia Civil de Goi\u00e1s, por meio dos policiais civis da Delegacia de Pol\u00edcia (DP) de Ipameri, cumpriram hoje (9) mandado de pris\u00e3o definitiva expedido pelo f\u00f3rum da comarca em desfavor de J. D. M., 41 anos.<\/p>\n<p style=\"text-align: justify;\">Segundo a ordem judicial, J. D. M. foi condenado no ano 2018 por crime de viol\u00eancia dom\u00e9stica e familiar contra mulher, estando o processo em fase de execu\u00e7\u00e3o penal. O condenado foi encaminhado ao sistema prisional \u00e0 disposi\u00e7\u00e3o da Justi\u00e7a.<\/p>\n","protected":false},"excerpt":{"rendered":"<p>A Pol\u00edcia Civil de Goi\u00e1s, por meio dos policiais civis da Delegacia de Pol\u00edcia (DP) de Ipameri, cumpriram hoje (9) mandado de pris\u00e3o definitiva expedido pelo f\u00f3rum da comarca em desfavor de J. D. M., 41 anos. Segundo a ordem judicial, J. D. M. foi condenado no ano 2018 por crime de viol\u00eancia dom\u00e9stica e [&hellip;]<\/p>\n","protected":false},"author":34,"featured_media":73465,"comment_status":"closed","ping_status":"closed","sticky":false,"template":"","format":"standard","meta":{"footnotes":""},"categories":[3196,2538,156,89,537],"tags":[1697,1258,3600],"class_list":["post-73464","post","type-post","status-publish","format-standard","has-post-thumbnail","hentry","category-9a-regional","category-delegacias","category-policia-civil-no-interior","category-regionais","category-ultimo-segundo","tag-ipameri","tag-mandado-de-prisao","tag-violencia-domestica"],"rttpg_featured_image_url":{"full":["https:\/\/goias.gov.br\/policiacivil\/wp-content\/uploads\/sites\/71\/2019\/05\/jdm.jpg",521,632,false],"landscape":["https:\/\/goias.gov.br\/policiacivil\/wp-content\/uploads\/sites\/71\/2019\/05\/jdm.jpg",521,632,false],"portraits":["https:\/\/goias.gov.br\/policiacivil\/wp-content\/uploads\/sites\/71\/2019\/05\/jdm.jpg",521,632,false],"thumbnail":["https:\/\/goias.gov.br\/policiacivil\/wp-content\/uploads\/sites\/71\/2019\/05\/jdm-300x300.jpg",150,150,true],"medium":["https:\/\/goias.gov.br\/policiacivil\/wp-content\/uploads\/sites\/71\/2019\/05\/jdm-412x500.jpg",247,300,true],"large":["https:\/\/goias.gov.br\/policiacivil\/wp-content\/uploads\/sites\/71\/2019\/05\/jdm.jpg",521,632,false],"1536x1536":["https:\/\/goias.gov.br\/policiacivil\/wp-content\/uploads\/sites\/71\/2019\/05\/jdm.jpg",521,632,false],"2048x2048":["https:\/\/goias.gov.br\/policiacivil\/wp-content\/uploads\/sites\/71\/2019\/05\/jdm.jpg",521,632,false]},"rttpg_author":{"display_name":"celsoassis","author_link":"https:\/\/goias.gov.br\/policiacivil\/author\/celsoassis\/"},"rttpg_comment":0,"rttpg_category":"<a href=\"https:\/\/goias.gov.br\/policiacivil\/categoria\/drp\/9a-regional\/\" rel=\"category tag\">9\u00aa Regional<\/a> <a href=\"https:\/\/goias.gov.br\/policiacivil\/categoria\/delegacias\/\" rel=\"category tag\">Delegacias<\/a> <a href=\"https:\/\/goias.gov.br\/policiacivil\/categoria\/policia-civil-no-interior\/\" rel=\"category tag\">Pol\u00edcia Civil no Interior<\/a> <a href=\"https:\/\/goias.gov.br\/policiacivil\/categoria\/delegacias\/regionais\/\" rel=\"category tag\">Regionais<\/a> <a href=\"https:\/\/goias.gov.br\/policiacivil\/categoria\/ultimo-segundo\/\" rel=\"category tag\">\u00daltimo Segundo<\/a>","rttpg_excerpt":"A Pol\u00edcia Civil de Goi\u00e1s, por meio dos policiais civis da Delegacia de Pol\u00edcia (DP) de Ipameri, cumpriram hoje (9) mandado de pris\u00e3o definitiva expedido pelo f\u00f3rum da comarca em desfavor de J. D. M., 41 anos. Segundo a ordem judicial, J. D. M. foi condenado no ano 2018 por crime de viol\u00eancia dom\u00e9stica e&hellip;","_links":{"self":[{"href":"https:\/\/goias.gov.br\/policiacivil\/wp-json\/wp\/v2\/posts\/73464","targetHints":{"allow":["GET"]}}],"collection":[{"href":"https:\/\/goias.gov.br\/policiacivil\/wp-json\/wp\/v2\/posts"}],"about":[{"href":"https:\/\/goias.gov.br\/policiacivil\/wp-json\/wp\/v2\/types\/post"}],"author":[{"embeddable":true,"href":"https:\/\/goias.gov.br\/policiacivil\/wp-json\/wp\/v2\/users\/34"}],"replies":[{"embeddable":true,"href":"https:\/\/goias.gov.br\/policiacivil\/wp-json\/wp\/v2\/comments?post=73464"}],"version-history":[{"count":0,"href":"https:\/\/goias.gov.br\/policiacivil\/wp-json\/wp\/v2\/posts\/73464\/revisions"}],"wp:featuredmedia":[{"embeddable":true,"href":"https:\/\/goias.gov.br\/policiacivil\/wp-json\/wp\/v2\/media\/73465"}],"wp:attachment":[{"href":"https:\/\/goias.gov.br\/policiacivil\/wp-json\/wp\/v2\/media?parent=73464"}],"wp:term":[{"taxonomy":"category","embeddable":true,"href":"https:\/\/goias.gov.br\/policiacivil\/wp-json\/wp\/v2\/categories?post=73464"},{"taxonomy":"post_tag","embeddable":true,"href":"https:\/\/goias.gov.br\/policiacivil\/wp-json\/wp\/v2\/tags?post=73464"}],"curies":[{"name":"wp","href":"https:\/\/api.w.org\/{rel}","templated":true}]}}