{"id":73225,"date":"2019-05-03T17:28:52","date_gmt":"2019-05-03T20:28:52","guid":{"rendered":" https:\/\/goias.gov.br\/policiacivil\/?p=73225"},"modified":"2019-05-03T17:32:00","modified_gmt":"2019-05-03T20:32:00","slug":"gernarc-de-anapolis-apreende-duas-pessoas-em-flagrante-por-trafico","status":"publish","type":"post","link":"https:\/\/goias.gov.br\/policiacivil\/gernarc-de-anapolis-apreende-duas-pessoas-em-flagrante-por-trafico\/","title":{"rendered":"Genarc de An\u00e1polis prende duas pessoas em flagrante por tr\u00e1fico"},"content":{"rendered":"<p style=\"text-align: justify;\">A equipe de policiais civis do Grupo Especial Repress\u00e3o Narc\u00f3ticos (Genarc) de An\u00e1polis efetuou duas pris\u00f5es em flagrante, nessa quinta-feira (2), pelo crime de tr\u00e1fico.<\/p>\n<p style=\"text-align: justify;\">Priscilla Kellen Lopes Ferreira, de 31 anos, foi presa no Bairro Maracan\u00e3. Com ela havia 11 por\u00e7\u00f5es m\u00e9dias de maconha e uma balan\u00e7a de precis\u00e3o, em circunst\u00e2ncia indicativa de tr\u00e1fico de drogas.<\/p>\n<p style=\"text-align: justify;\">J\u00e1 no Residencial Alphaville foi capturado Charles Luiz Francisco dos Santos, de 35 anos. Ele foi detido quando realizava o com\u00e9rcio de drogas. Foram apreendidos os entorpecentes, balan\u00e7a de precis\u00e3o e dinheiro oriundo do tr\u00e1fico.<\/p>\n<p><img fetchpriority=\"high\" decoding=\"async\" class=\"wp-image-73228 alignleft\" src=\" https:\/\/goias.gov.br\/policiacivil\/wp-content\/uploads\/sites\/71\/2019\/05\/charles-457x500.jpg\" alt=\"\" width=\"256\" height=\"280\" srcset=\"https:\/\/goias.gov.br\/policiacivil\/wp-content\/uploads\/sites\/71\/2019\/05\/charles-457x500.jpg 457w, https:\/\/goias.gov.br\/policiacivil\/wp-content\/uploads\/sites\/71\/2019\/05\/charles-384x420.jpg 384w, https:\/\/goias.gov.br\/policiacivil\/wp-content\/uploads\/sites\/71\/2019\/05\/charles.jpg 490w\" sizes=\"(max-width: 256px) 100vw, 256px\" \/> <img decoding=\"async\" class=\"alignnone wp-image-73229\" src=\" https:\/\/goias.gov.br\/policiacivil\/wp-content\/uploads\/sites\/71\/2019\/05\/priscilla-359x500.jpg\" alt=\"\" width=\"205\" height=\"286\" srcset=\"https:\/\/goias.gov.br\/policiacivil\/wp-content\/uploads\/sites\/71\/2019\/05\/priscilla-359x500.jpg 359w, https:\/\/goias.gov.br\/policiacivil\/wp-content\/uploads\/sites\/71\/2019\/05\/priscilla-302x420.jpg 302w, https:\/\/goias.gov.br\/policiacivil\/wp-content\/uploads\/sites\/71\/2019\/05\/priscilla.jpg 555w\" sizes=\"(max-width: 205px) 100vw, 205px\" \/><\/p>\n","protected":false},"excerpt":{"rendered":"<p>A equipe de policiais civis do Grupo Especial Repress\u00e3o Narc\u00f3ticos (Genarc) de An\u00e1polis efetuou duas pris\u00f5es em flagrante, nessa quinta-feira (2), pelo crime de tr\u00e1fico. Priscilla Kellen Lopes Ferreira, de 31 anos, foi presa no Bairro Maracan\u00e3. Com ela havia 11 por\u00e7\u00f5es m\u00e9dias de maconha e uma balan\u00e7a de precis\u00e3o, em circunst\u00e2ncia indicativa de tr\u00e1fico [&hellip;]<\/p>\n","protected":false},"author":34,"featured_media":73227,"comment_status":"closed","ping_status":"closed","sticky":false,"template":"","format":"standard","meta":{"footnotes":""},"categories":[3190,2538,89,537],"tags":[31,6608,12],"class_list":["post-73225","post","type-post","status-publish","format-standard","has-post-thumbnail","hentry","category-3a-regional","category-delegacias","category-regionais","category-ultimo-segundo","tag-anapolis","tag-dois-presos","tag-trafico"],"rttpg_featured_image_url":{"full":["https:\/\/goias.gov.br\/policiacivil\/wp-content\/uploads\/sites\/71\/2019\/05\/whatsapp-image-2019-05-03-at-06.04.18.jpeg",1040,780,false],"landscape":["https:\/\/goias.gov.br\/policiacivil\/wp-content\/uploads\/sites\/71\/2019\/05\/whatsapp-image-2019-05-03-at-06.04.18.jpeg",1040,780,false],"portraits":["https:\/\/goias.gov.br\/policiacivil\/wp-content\/uploads\/sites\/71\/2019\/05\/whatsapp-image-2019-05-03-at-06.04.18.jpeg",1040,780,false],"thumbnail":["https:\/\/goias.gov.br\/policiacivil\/wp-content\/uploads\/sites\/71\/2019\/05\/whatsapp-image-2019-05-03-at-06.04.18-300x300.jpeg",150,150,true],"medium":["https:\/\/goias.gov.br\/policiacivil\/wp-content\/uploads\/sites\/71\/2019\/05\/whatsapp-image-2019-05-03-at-06.04.18-500x375.jpeg",300,225,true],"large":["https:\/\/goias.gov.br\/policiacivil\/wp-content\/uploads\/sites\/71\/2019\/05\/whatsapp-image-2019-05-03-at-06.04.18.jpeg",1024,768,false],"1536x1536":["https:\/\/goias.gov.br\/policiacivil\/wp-content\/uploads\/sites\/71\/2019\/05\/whatsapp-image-2019-05-03-at-06.04.18.jpeg",1040,780,false],"2048x2048":["https:\/\/goias.gov.br\/policiacivil\/wp-content\/uploads\/sites\/71\/2019\/05\/whatsapp-image-2019-05-03-at-06.04.18.jpeg",1040,780,false]},"rttpg_author":{"display_name":"celsoassis","author_link":"https:\/\/goias.gov.br\/policiacivil\/author\/celsoassis\/"},"rttpg_comment":0,"rttpg_category":"<a href=\"https:\/\/goias.gov.br\/policiacivil\/categoria\/drp\/3a-regional\/\" rel=\"category tag\">3\u00aa Regional<\/a> <a href=\"https:\/\/goias.gov.br\/policiacivil\/categoria\/delegacias\/\" rel=\"category tag\">Delegacias<\/a> <a href=\"https:\/\/goias.gov.br\/policiacivil\/categoria\/delegacias\/regionais\/\" rel=\"category tag\">Regionais<\/a> <a href=\"https:\/\/goias.gov.br\/policiacivil\/categoria\/ultimo-segundo\/\" rel=\"category tag\">\u00daltimo Segundo<\/a>","rttpg_excerpt":"A equipe de policiais civis do Grupo Especial Repress\u00e3o Narc\u00f3ticos (Genarc) de An\u00e1polis efetuou duas pris\u00f5es em flagrante, nessa quinta-feira (2), pelo crime de tr\u00e1fico. Priscilla Kellen Lopes Ferreira, de 31 anos, foi presa no Bairro Maracan\u00e3. Com ela havia 11 por\u00e7\u00f5es m\u00e9dias de maconha e uma balan\u00e7a de precis\u00e3o, em circunst\u00e2ncia indicativa de tr\u00e1fico&hellip;","_links":{"self":[{"href":"https:\/\/goias.gov.br\/policiacivil\/wp-json\/wp\/v2\/posts\/73225","targetHints":{"allow":["GET"]}}],"collection":[{"href":"https:\/\/goias.gov.br\/policiacivil\/wp-json\/wp\/v2\/posts"}],"about":[{"href":"https:\/\/goias.gov.br\/policiacivil\/wp-json\/wp\/v2\/types\/post"}],"author":[{"embeddable":true,"href":"https:\/\/goias.gov.br\/policiacivil\/wp-json\/wp\/v2\/users\/34"}],"replies":[{"embeddable":true,"href":"https:\/\/goias.gov.br\/policiacivil\/wp-json\/wp\/v2\/comments?post=73225"}],"version-history":[{"count":0,"href":"https:\/\/goias.gov.br\/policiacivil\/wp-json\/wp\/v2\/posts\/73225\/revisions"}],"wp:featuredmedia":[{"embeddable":true,"href":"https:\/\/goias.gov.br\/policiacivil\/wp-json\/wp\/v2\/media\/73227"}],"wp:attachment":[{"href":"https:\/\/goias.gov.br\/policiacivil\/wp-json\/wp\/v2\/media?parent=73225"}],"wp:term":[{"taxonomy":"category","embeddable":true,"href":"https:\/\/goias.gov.br\/policiacivil\/wp-json\/wp\/v2\/categories?post=73225"},{"taxonomy":"post_tag","embeddable":true,"href":"https:\/\/goias.gov.br\/policiacivil\/wp-json\/wp\/v2\/tags?post=73225"}],"curies":[{"name":"wp","href":"https:\/\/api.w.org\/{rel}","templated":true}]}}