

{"id":7308,"date":"2012-03-28T13:08:09","date_gmt":"2012-03-28T16:08:09","guid":{"rendered":"https:\/\/goias.gov.br\/policiacivil\/?p=7308"},"modified":"2012-03-28T13:08:09","modified_gmt":"2012-03-28T16:08:09","slug":"seguranca-publica-e-o-estresse-ocupacional","status":"publish","type":"post","link":"https:\/\/goias.gov.br\/policiacivil\/seguranca-publica-e-o-estresse-ocupacional\/","title":{"rendered":"Seguran\u00e7a P\u00fablica e o estresse ocupacional"},"content":{"rendered":"<figure id=\"attachment_7310\" aria-describedby=\"caption-attachment-7310\" style=\"width: 200px\" class=\"wp-caption alignleft\"><a href=\" https:\/\/goias.gov.br\/policiacivil\/wp-content\/uploads\/sites\/71\/sites\/71\/sites\/71\/2012\/03\/artigo1.jpg\"><img decoding=\"async\" class=\"size-medium wp-image-7310\" title=\"artigo\" src=\" https:\/\/goias.gov.br\/policiacivil\/wp-content\/uploads\/sites\/71\/sites\/71\/sites\/71\/2012\/03\/artigo1-200x200.jpg\" alt=\"\" width=\"200\" height=\"200\" \/><\/a><figcaption id=\"caption-attachment-7310\" class=\"wp-caption-text\">Luciano Spicacci<\/figcaption><\/figure>\n<p>Seguran\u00e7a P\u00fablica e o estresse ocupacional<\/p>\n<p>Luciano T. Spicacci<\/p>\n<p style=\"text-align: justify;\">O local de trabalho \u00e9 o lugar onde passamos boa parte de nossas vidas. Nele realizamos sonhos, concretizamos a\u00e7\u00f5es e algumas vezes nos decepcionamos. Quando esse ambiente diz respeito a alguma institui\u00e7\u00e3o de Seguran\u00e7a P\u00fablica a satisfa\u00e7\u00e3o e a cobran\u00e7a s\u00e3o bem maiores, visto pela \u00f3tica do bem comum coletivo.<\/p>\n<p style=\"text-align: justify;\">A gama de diversidade de a\u00e7\u00f5es que um agente de Seguran\u00e7a P\u00fablica \u00e9 submetido varia em muito pouco tempo, pois em algumas ocasi\u00f5es deve-se ter agressividade controlada para enfrentar as situa\u00e7\u00f5es inerentes ao perigo; j\u00e1 em outras, cordialidade e esp\u00edrito comunit\u00e1rio, uma vez que o p\u00fablico alvo de atua\u00e7\u00e3o desses profissionais n\u00e3o s\u00e3o apenas os \u201cbandidos\u201d, mas tamb\u00e9m cidad\u00e3o de bem. O conjunto de todos esses fatores resulta em efeitos como estresse ocupacional.<\/p>\n<p style=\"text-align: justify;\">\u00c9 corriqueiro o acometimento do estresse em muitas profiss\u00f5es, contudo, nestas especificamente, fatores internos e externos pesam concomitantemente nos agentes de seguran\u00e7a p\u00fablica. Ainda mais ao saber que qualquer erro pode acarretar em vidas, por isso, a cobran\u00e7a para desempenhos e realiza\u00e7\u00f5es de a\u00e7\u00f5es \u201cquase que perfeitas\u201d por parte dos superiores e at\u00e9 mesmo pela pr\u00f3pria sociedade gera internamente muita tens\u00e3o nas equipes organizacionais e externamente press\u00e3o social. Os profissionais s\u00e3o humanos, por\u00e9m, vivem dois extremos: o julgo do erro que \u00e9 visto por muitos como n\u00e3o inerentes da humanidade se realizados por esses profissionais e a m\u00edstica do her\u00f3i.<\/p>\n<p style=\"text-align: justify;\">A corroborar como essa vis\u00e3o, o habitat laboral cria condi\u00e7\u00f5es favor\u00e1veis para perpetuar ra\u00edzes, entre seus membros, de individualismo. E atrav\u00e9s disso, o profissional passa a desenvolver s\u00edndromes de se achar \u201cin\u00fatil\u201d para sociedade e o problema agrava-se ainda mais diante de falta de condi\u00e7\u00f5es de trabalho.<\/p>\n<p style=\"text-align: justify;\">Pronto, est\u00e1 criado um ambiente de estresse ocupacional e proveniente dele surgem doen\u00e7as f\u00edsicas como: cefal\u00e9ias, enfarte precoce, taquicardia, abafamento no peito, palpita\u00e7\u00f5es etc. Al\u00e9m disso, infelizmente, existem tamb\u00e9m doen\u00e7as\u00a0 psicol\u00f3gicas como: m\u00e3o fria, pesadelos, d\u00favidas quanto a si mesmo, vontade de fugir de tudo e de todos, ins\u00f4nia&#8230;<\/p>\n<p style=\"text-align: justify;\">Assim, com base nesses dados a Organiza\u00e7\u00e3o Mundial de Sa\u00fade (OMS) em estudo feito, constatou que a segunda profiss\u00e3o que mais causa estresse ocupacional e aquela ligada \u00e0 atividades de seguran\u00e7a p\u00fablica, ficando atr\u00e1s somente dos mineradores que foi a primeira em etapas de estresse.<\/p>\n<p style=\"text-align: justify;\">Diante da realidade vivenciada por esses homens e mulheres, que s\u00e3o respons\u00e1veis pelo bem estar comum de todos, se faz necess\u00e1rio adotar medidas preventivas a tais s\u00edndromes. Como por exemplo: incentivar atividades f\u00edsicas, culturais e ambientais para promover um encontro com algo que foi perdido durante o duro percurso. Para que atrav\u00e9s disso, possibilite o aumento do bem estar dos servidores e at\u00e9 mesmo do n\u00edvel de produtividade, que por sua vez, fica comprometido, ao exigir deles tais cobran\u00e7as que perpassam as suas capacidades cotidianas.<\/p>\n<p style=\"text-align: justify;\">Portanto, as tens\u00f5es j\u00e1 fazem parte da vida dos profissionais, tanto em seu ambiente de trabalho, quanto na vida de um modo geral. Por essa raz\u00e3o se faz necess\u00e1rio adotar medidas preventivas e curativas direcionadas a esses profissionais que escolheram servir a sociedade como meio de sobreviv\u00eancia. O estresse ocupacional n\u00e3o pode ser visto como um peso e duas medidas para n\u00e3o originar o julgamento precipitado. O problema \u00e9 grave e reflete diretamente na sociedade. Por isso, deve-se buscar solu\u00e7\u00f5es plaus\u00edveis no que tange as atividades laborais desses profissionais.<\/p>\n<p style=\"text-align: justify;\">\n<p><span style=\"color: #000000;\">Luciano T. Spicacci, servidor p\u00fablico e escritor<br \/>\nemail: luts2009@hotmail.com<\/span><\/p>\n<p>&nbsp;<\/p>\n","protected":false},"excerpt":{"rendered":"<p>Luciano T. Spicacci \u00e9 Servidor P\u00fablico e Escritor<\/p>\n","protected":false},"author":4,"featured_media":7310,"comment_status":"closed","ping_status":"closed","sticky":false,"template":"","format":"standard","meta":{"footnotes":""},"categories":[29],"tags":[953,951,952,359],"class_list":["post-7308","post","type-post","status-publish","format-standard","has-post-thumbnail","hentry","category-artigos","tag-corroborar","tag-lugar","tag-spicacci","tag-trabalho"],"rttpg_featured_image_url":{"full":["https:\/\/goias.gov.br\/policiacivil\/wp-content\/uploads\/sites\/71\/2012\/03\/artigo1.jpg",221,220,false],"landscape":["https:\/\/goias.gov.br\/policiacivil\/wp-content\/uploads\/sites\/71\/2012\/03\/artigo1.jpg",221,220,false],"portraits":["https:\/\/goias.gov.br\/policiacivil\/wp-content\/uploads\/sites\/71\/2012\/03\/artigo1.jpg",221,220,false],"thumbnail":["https:\/\/goias.gov.br\/policiacivil\/wp-content\/uploads\/sites\/71\/2012\/03\/artigo1-150x150.jpg",150,150,true],"medium":["https:\/\/goias.gov.br\/policiacivil\/wp-content\/uploads\/sites\/71\/2012\/03\/artigo1-201x200.jpg",201,200,true],"large":["https:\/\/goias.gov.br\/policiacivil\/wp-content\/uploads\/sites\/71\/2012\/03\/artigo1.jpg",221,220,false],"1536x1536":["https:\/\/goias.gov.br\/policiacivil\/wp-content\/uploads\/sites\/71\/2012\/03\/artigo1.jpg",221,220,false],"2048x2048":["https:\/\/goias.gov.br\/policiacivil\/wp-content\/uploads\/sites\/71\/2012\/03\/artigo1.jpg",221,220,false]},"rttpg_author":{"display_name":"","author_link":"https:\/\/goias.gov.br\/policiacivil\/author\/"},"rttpg_comment":0,"rttpg_category":"<a href=\"https:\/\/goias.gov.br\/policiacivil\/categoria\/artigos\/\" rel=\"category tag\">Artigos<\/a>","rttpg_excerpt":"Luciano T. Spicacci \u00e9 Servidor P\u00fablico e Escritor","_links":{"self":[{"href":"https:\/\/goias.gov.br\/policiacivil\/wp-json\/wp\/v2\/posts\/7308","targetHints":{"allow":["GET"]}}],"collection":[{"href":"https:\/\/goias.gov.br\/policiacivil\/wp-json\/wp\/v2\/posts"}],"about":[{"href":"https:\/\/goias.gov.br\/policiacivil\/wp-json\/wp\/v2\/types\/post"}],"author":[{"embeddable":true,"href":"https:\/\/goias.gov.br\/policiacivil\/wp-json\/wp\/v2\/users\/4"}],"replies":[{"embeddable":true,"href":"https:\/\/goias.gov.br\/policiacivil\/wp-json\/wp\/v2\/comments?post=7308"}],"version-history":[{"count":0,"href":"https:\/\/goias.gov.br\/policiacivil\/wp-json\/wp\/v2\/posts\/7308\/revisions"}],"wp:featuredmedia":[{"embeddable":true,"href":"https:\/\/goias.gov.br\/policiacivil\/wp-json\/wp\/v2\/media\/7310"}],"wp:attachment":[{"href":"https:\/\/goias.gov.br\/policiacivil\/wp-json\/wp\/v2\/media?parent=7308"}],"wp:term":[{"taxonomy":"category","embeddable":true,"href":"https:\/\/goias.gov.br\/policiacivil\/wp-json\/wp\/v2\/categories?post=7308"},{"taxonomy":"post_tag","embeddable":true,"href":"https:\/\/goias.gov.br\/policiacivil\/wp-json\/wp\/v2\/tags?post=7308"}],"curies":[{"name":"wp","href":"https:\/\/api.w.org\/{rel}","templated":true}]}}