

{"id":72990,"date":"2019-04-26T11:30:54","date_gmt":"2019-04-26T14:30:54","guid":{"rendered":" https:\/\/goias.gov.br\/policiacivil\/?p=72990"},"modified":"2019-04-26T11:30:54","modified_gmt":"2019-04-26T14:30:54","slug":"capturado-suspeito-de-estupro-em-anapolis","status":"publish","type":"post","link":"https:\/\/goias.gov.br\/policiacivil\/capturado-suspeito-de-estupro-em-anapolis\/","title":{"rendered":"Capturado suspeito de estupro em An\u00e1polis"},"content":{"rendered":"<p style=\"text-align: justify;\"><img fetchpriority=\"high\" decoding=\"async\" class=\" wp-image-72993 alignright\" src=\" https:\/\/goias.gov.br\/policiacivil\/wp-content\/uploads\/sites\/71\/2019\/04\/acr-375x500.jpeg\" alt=\"\" width=\"256\" height=\"341\" srcset=\"https:\/\/goias.gov.br\/policiacivil\/wp-content\/uploads\/sites\/71\/2019\/04\/acr-375x500.jpeg 375w, https:\/\/goias.gov.br\/policiacivil\/wp-content\/uploads\/sites\/71\/2019\/04\/acr.jpeg 768w, https:\/\/goias.gov.br\/policiacivil\/wp-content\/uploads\/sites\/71\/2019\/04\/acr-696x928.jpeg 696w, https:\/\/goias.gov.br\/policiacivil\/wp-content\/uploads\/sites\/71\/2019\/04\/acr-315x420.jpeg 315w, https:\/\/goias.gov.br\/policiacivil\/wp-content\/uploads\/sites\/71\/2019\/04\/acr-630x840.jpeg 630w\" sizes=\"(max-width: 256px) 100vw, 256px\" \/>Os policiais civis do Grupo Especial de Repress\u00e3o \u00e0 Crimes Patrimoniais (Gepatri) de An\u00e1polis efetuaram, na noite dessa quinta-feira (25), a captura de A. C. R., 54 anos. Ele possu\u00eda em aberto mandado pris\u00e3o oriundo da Comarca de Campos Belos, pela pr\u00e1tica de crime de estupro. O capturado, ap\u00f3s os procedimentos de praxe, foi colocado \u00e0 disposi\u00e7\u00e3o do Poder Judici\u00e1rio.<\/p>\n","protected":false},"excerpt":{"rendered":"<p>Os policiais civis do Grupo Especial de Repress\u00e3o \u00e0 Crimes Patrimoniais (Gepatri) de An\u00e1polis efetuaram, na noite dessa quinta-feira (25), a captura de A. C. R., 54 anos. Ele possu\u00eda em aberto mandado pris\u00e3o oriundo da Comarca de Campos Belos, pela pr\u00e1tica de crime de estupro. O capturado, ap\u00f3s os procedimentos de praxe, foi colocado [&hellip;]<\/p>\n","protected":false},"author":34,"featured_media":72993,"comment_status":"closed","ping_status":"closed","sticky":false,"template":"","format":"standard","meta":{"footnotes":""},"categories":[3190,2538,89,537],"tags":[31,275,2853],"class_list":["post-72990","post","type-post","status-publish","format-standard","has-post-thumbnail","hentry","category-3a-regional","category-delegacias","category-regionais","category-ultimo-segundo","tag-anapolis","tag-estupro","tag-gepatri"],"rttpg_featured_image_url":{"full":["https:\/\/goias.gov.br\/policiacivil\/wp-content\/uploads\/sites\/71\/2019\/04\/acr.jpeg",768,1024,false],"landscape":["https:\/\/goias.gov.br\/policiacivil\/wp-content\/uploads\/sites\/71\/2019\/04\/acr.jpeg",768,1024,false],"portraits":["https:\/\/goias.gov.br\/policiacivil\/wp-content\/uploads\/sites\/71\/2019\/04\/acr.jpeg",768,1024,false],"thumbnail":["https:\/\/goias.gov.br\/policiacivil\/wp-content\/uploads\/sites\/71\/2019\/04\/acr-300x300.jpeg",150,150,true],"medium":["https:\/\/goias.gov.br\/policiacivil\/wp-content\/uploads\/sites\/71\/2019\/04\/acr-375x500.jpeg",225,300,true],"large":["https:\/\/goias.gov.br\/policiacivil\/wp-content\/uploads\/sites\/71\/2019\/04\/acr.jpeg",768,1024,false],"1536x1536":["https:\/\/goias.gov.br\/policiacivil\/wp-content\/uploads\/sites\/71\/2019\/04\/acr.jpeg",768,1024,false],"2048x2048":["https:\/\/goias.gov.br\/policiacivil\/wp-content\/uploads\/sites\/71\/2019\/04\/acr.jpeg",768,1024,false]},"rttpg_author":{"display_name":"celsoassis","author_link":"https:\/\/goias.gov.br\/policiacivil\/author\/celsoassis\/"},"rttpg_comment":0,"rttpg_category":"<a href=\"https:\/\/goias.gov.br\/policiacivil\/categoria\/drp\/3a-regional\/\" rel=\"category tag\">3\u00aa Regional<\/a> <a href=\"https:\/\/goias.gov.br\/policiacivil\/categoria\/delegacias\/\" rel=\"category tag\">Delegacias<\/a> <a href=\"https:\/\/goias.gov.br\/policiacivil\/categoria\/delegacias\/regionais\/\" rel=\"category tag\">Regionais<\/a> <a href=\"https:\/\/goias.gov.br\/policiacivil\/categoria\/ultimo-segundo\/\" rel=\"category tag\">\u00daltimo Segundo<\/a>","rttpg_excerpt":"Os policiais civis do Grupo Especial de Repress\u00e3o \u00e0 Crimes Patrimoniais (Gepatri) de An\u00e1polis efetuaram, na noite dessa quinta-feira (25), a captura de A. C. R., 54 anos. Ele possu\u00eda em aberto mandado pris\u00e3o oriundo da Comarca de Campos Belos, pela pr\u00e1tica de crime de estupro. O capturado, ap\u00f3s os procedimentos de praxe, foi colocado&hellip;","_links":{"self":[{"href":"https:\/\/goias.gov.br\/policiacivil\/wp-json\/wp\/v2\/posts\/72990","targetHints":{"allow":["GET"]}}],"collection":[{"href":"https:\/\/goias.gov.br\/policiacivil\/wp-json\/wp\/v2\/posts"}],"about":[{"href":"https:\/\/goias.gov.br\/policiacivil\/wp-json\/wp\/v2\/types\/post"}],"author":[{"embeddable":true,"href":"https:\/\/goias.gov.br\/policiacivil\/wp-json\/wp\/v2\/users\/34"}],"replies":[{"embeddable":true,"href":"https:\/\/goias.gov.br\/policiacivil\/wp-json\/wp\/v2\/comments?post=72990"}],"version-history":[{"count":0,"href":"https:\/\/goias.gov.br\/policiacivil\/wp-json\/wp\/v2\/posts\/72990\/revisions"}],"wp:featuredmedia":[{"embeddable":true,"href":"https:\/\/goias.gov.br\/policiacivil\/wp-json\/wp\/v2\/media\/72993"}],"wp:attachment":[{"href":"https:\/\/goias.gov.br\/policiacivil\/wp-json\/wp\/v2\/media?parent=72990"}],"wp:term":[{"taxonomy":"category","embeddable":true,"href":"https:\/\/goias.gov.br\/policiacivil\/wp-json\/wp\/v2\/categories?post=72990"},{"taxonomy":"post_tag","embeddable":true,"href":"https:\/\/goias.gov.br\/policiacivil\/wp-json\/wp\/v2\/tags?post=72990"}],"curies":[{"name":"wp","href":"https:\/\/api.w.org\/{rel}","templated":true}]}}