

{"id":72829,"date":"2019-04-22T17:33:24","date_gmt":"2019-04-22T20:33:24","guid":{"rendered":" https:\/\/goias.gov.br\/policiacivil\/?p=72829"},"modified":"2019-04-22T17:33:24","modified_gmt":"2019-04-22T20:33:24","slug":"dih-prende-suspeito-de-homicidio-em-guapo","status":"publish","type":"post","link":"https:\/\/goias.gov.br\/policiacivil\/dih-prende-suspeito-de-homicidio-em-guapo\/","title":{"rendered":"DIH prende suspeito de homic\u00eddio em Guap\u00f3"},"content":{"rendered":"<p style=\"text-align: justify;\"><img fetchpriority=\"high\" decoding=\"async\" class=\" wp-image-72830 alignleft\" src=\" https:\/\/goias.gov.br\/policiacivil\/wp-content\/uploads\/sites\/71\/2019\/04\/claudelei-281x500.jpeg\" alt=\"\" width=\"181\" height=\"322\" srcset=\"https:\/\/goias.gov.br\/policiacivil\/wp-content\/uploads\/sites\/71\/2019\/04\/claudelei-281x500.jpeg 281w, https:\/\/goias.gov.br\/policiacivil\/wp-content\/uploads\/sites\/71\/2019\/04\/claudelei-236x420.jpeg 236w, https:\/\/goias.gov.br\/policiacivil\/wp-content\/uploads\/sites\/71\/2019\/04\/claudelei-473x840.jpeg 473w, https:\/\/goias.gov.br\/policiacivil\/wp-content\/uploads\/sites\/71\/2019\/04\/claudelei.jpeg 581w\" sizes=\"(max-width: 181px) 100vw, 181px\" \/>A Delegacia Estadual de Investiga\u00e7\u00f5es de Homic\u00eddios (DIH) cumpriu, no dia 11 deste m\u00eas, mandado de pris\u00e3o tempor\u00e1ria em desfavor de Rog\u00e9rio Cruz de Oliveira. Ele \u00e9 suspeito do homic\u00eddio da v\u00edtima Claudelei Fernandes da Silva, ocorrido no dia 3 de mar\u00e7o \u00faltimo, no Setor Campinas.<\/p>\n<p style=\"text-align: justify;\">O autor estava foragido desde o dia dos fatos, tendo sido localizado na cidade de Guap\u00f3. Autor e v\u00edtima eram usu\u00e1rios de drogas e o crime ocorreu ap\u00f3s uma briga em que Rog\u00e9rio desferiu golpes de faca na v\u00edtima.<\/p>\n","protected":false},"excerpt":{"rendered":"<p>A Delegacia Estadual de Investiga\u00e7\u00f5es de Homic\u00eddios (DIH) cumpriu, no dia 11 deste m\u00eas, mandado de pris\u00e3o tempor\u00e1ria em desfavor de Rog\u00e9rio Cruz de Oliveira. Ele \u00e9 suspeito do homic\u00eddio da v\u00edtima Claudelei Fernandes da Silva, ocorrido no dia 3 de mar\u00e7o \u00faltimo, no Setor Campinas. O autor estava foragido desde o dia dos fatos, [&hellip;]<\/p>\n","protected":false},"author":34,"featured_media":72830,"comment_status":"closed","ping_status":"closed","sticky":false,"template":"","format":"standard","meta":{"footnotes":""},"categories":[2538,92,537],"tags":[145,3020,1258],"class_list":["post-72829","post","type-post","status-publish","format-standard","has-post-thumbnail","hentry","category-delegacias","category-especializadas","category-ultimo-segundo","tag-dih","tag-guapo","tag-mandado-de-prisao"],"rttpg_featured_image_url":{"full":["https:\/\/goias.gov.br\/policiacivil\/wp-content\/uploads\/sites\/71\/2019\/04\/claudelei.jpeg",581,1032,false],"landscape":["https:\/\/goias.gov.br\/policiacivil\/wp-content\/uploads\/sites\/71\/2019\/04\/claudelei.jpeg",581,1032,false],"portraits":["https:\/\/goias.gov.br\/policiacivil\/wp-content\/uploads\/sites\/71\/2019\/04\/claudelei.jpeg",581,1032,false],"thumbnail":["https:\/\/goias.gov.br\/policiacivil\/wp-content\/uploads\/sites\/71\/2019\/04\/claudelei-300x300.jpeg",150,150,true],"medium":["https:\/\/goias.gov.br\/policiacivil\/wp-content\/uploads\/sites\/71\/2019\/04\/claudelei-281x500.jpeg",169,300,true],"large":["https:\/\/goias.gov.br\/policiacivil\/wp-content\/uploads\/sites\/71\/2019\/04\/claudelei.jpeg",576,1024,false],"1536x1536":["https:\/\/goias.gov.br\/policiacivil\/wp-content\/uploads\/sites\/71\/2019\/04\/claudelei.jpeg",581,1032,false],"2048x2048":["https:\/\/goias.gov.br\/policiacivil\/wp-content\/uploads\/sites\/71\/2019\/04\/claudelei.jpeg",581,1032,false]},"rttpg_author":{"display_name":"celsoassis","author_link":"https:\/\/goias.gov.br\/policiacivil\/author\/celsoassis\/"},"rttpg_comment":0,"rttpg_category":"<a href=\"https:\/\/goias.gov.br\/policiacivil\/categoria\/delegacias\/\" rel=\"category tag\">Delegacias<\/a> <a href=\"https:\/\/goias.gov.br\/policiacivil\/categoria\/delegacias\/especializadas\/\" rel=\"category tag\">Especializadas<\/a> <a href=\"https:\/\/goias.gov.br\/policiacivil\/categoria\/ultimo-segundo\/\" rel=\"category tag\">\u00daltimo Segundo<\/a>","rttpg_excerpt":"A Delegacia Estadual de Investiga\u00e7\u00f5es de Homic\u00eddios (DIH) cumpriu, no dia 11 deste m\u00eas, mandado de pris\u00e3o tempor\u00e1ria em desfavor de Rog\u00e9rio Cruz de Oliveira. Ele \u00e9 suspeito do homic\u00eddio da v\u00edtima Claudelei Fernandes da Silva, ocorrido no dia 3 de mar\u00e7o \u00faltimo, no Setor Campinas. O autor estava foragido desde o dia dos fatos,&hellip;","_links":{"self":[{"href":"https:\/\/goias.gov.br\/policiacivil\/wp-json\/wp\/v2\/posts\/72829","targetHints":{"allow":["GET"]}}],"collection":[{"href":"https:\/\/goias.gov.br\/policiacivil\/wp-json\/wp\/v2\/posts"}],"about":[{"href":"https:\/\/goias.gov.br\/policiacivil\/wp-json\/wp\/v2\/types\/post"}],"author":[{"embeddable":true,"href":"https:\/\/goias.gov.br\/policiacivil\/wp-json\/wp\/v2\/users\/34"}],"replies":[{"embeddable":true,"href":"https:\/\/goias.gov.br\/policiacivil\/wp-json\/wp\/v2\/comments?post=72829"}],"version-history":[{"count":0,"href":"https:\/\/goias.gov.br\/policiacivil\/wp-json\/wp\/v2\/posts\/72829\/revisions"}],"wp:featuredmedia":[{"embeddable":true,"href":"https:\/\/goias.gov.br\/policiacivil\/wp-json\/wp\/v2\/media\/72830"}],"wp:attachment":[{"href":"https:\/\/goias.gov.br\/policiacivil\/wp-json\/wp\/v2\/media?parent=72829"}],"wp:term":[{"taxonomy":"category","embeddable":true,"href":"https:\/\/goias.gov.br\/policiacivil\/wp-json\/wp\/v2\/categories?post=72829"},{"taxonomy":"post_tag","embeddable":true,"href":"https:\/\/goias.gov.br\/policiacivil\/wp-json\/wp\/v2\/tags?post=72829"}],"curies":[{"name":"wp","href":"https:\/\/api.w.org\/{rel}","templated":true}]}}