

{"id":72765,"date":"2019-04-17T15:49:09","date_gmt":"2019-04-17T18:49:09","guid":{"rendered":" https:\/\/goias.gov.br\/policiacivil\/?p=72765"},"modified":"2019-04-17T15:49:09","modified_gmt":"2019-04-17T18:49:09","slug":"traficante-e-preso-em-goiatuba","status":"publish","type":"post","link":"https:\/\/goias.gov.br\/policiacivil\/traficante-e-preso-em-goiatuba\/","title":{"rendered":"Traficante \u00e9 preso em Goiatuba"},"content":{"rendered":"<p><img fetchpriority=\"high\" decoding=\"async\" class=\" wp-image-72766 alignleft\" src=\" https:\/\/goias.gov.br\/policiacivil\/wp-content\/uploads\/sites\/71\/2019\/04\/wallex-500x500.jpeg\" alt=\"\" width=\"333\" height=\"333\" srcset=\"https:\/\/goias.gov.br\/policiacivil\/wp-content\/uploads\/sites\/71\/2019\/04\/wallex-500x500.jpeg 500w, https:\/\/goias.gov.br\/policiacivil\/wp-content\/uploads\/sites\/71\/2019\/04\/wallex-300x300.jpeg 300w, https:\/\/goias.gov.br\/policiacivil\/wp-content\/uploads\/sites\/71\/2019\/04\/wallex-768x768.jpeg 768w, https:\/\/goias.gov.br\/policiacivil\/wp-content\/uploads\/sites\/71\/2019\/04\/wallex-696x696.jpeg 696w, https:\/\/goias.gov.br\/policiacivil\/wp-content\/uploads\/sites\/71\/2019\/04\/wallex.jpeg 1068w, https:\/\/goias.gov.br\/policiacivil\/wp-content\/uploads\/sites\/71\/2019\/04\/wallex-420x420.jpeg 420w, https:\/\/goias.gov.br\/policiacivil\/wp-content\/uploads\/sites\/71\/2019\/04\/wallex-840x840.jpeg 840w\" sizes=\"(max-width: 333px) 100vw, 333px\" \/>Policiais Civis lotados na Delegacia de Goiatuba prenderam em flagrante ontem (16 de abril) Wallex D\u00eanis da Silva Mariano, de 26 anos, por tr\u00e1fico de drogas.<\/p>\n<p>Chegou ao conhecimento da equipe que um homem que atende pela alcunha de \u201cneguinho do para-choque\u201d comercializa drogas em sua resid\u00eancia, localizada no Setor Morada Nova, em Goiatuba.<\/p>\n<p>Ap\u00f3s dilig\u00eancias, confirmou-se o teor da den\u00fancia. Os policiais encontraram no quarto de Wallex, durante buscas, por\u00e7\u00f5es de coca\u00edna, \u00e1cido b\u00f3rico e um frasco contendo \u00e9ter, subst\u00e2ncias utilizadas para a fabrica\u00e7\u00e3o de crack.<\/p>\n<p>Diante dos fatos, Wallex foi conduzido \u00e0 delegacia, onde foi autuado pelo crime de tr\u00e1fico. Uma vez condenado, o autor estar\u00e1 sujeito a uma pena que varia de 5 a 15 anos de reclus\u00e3o e multa.<\/p>\n","protected":false},"excerpt":{"rendered":"<p>Policiais Civis lotados na Delegacia de Goiatuba prenderam em flagrante ontem (16 de abril) Wallex D\u00eanis da Silva Mariano, de 26 anos, por tr\u00e1fico de drogas. Chegou ao conhecimento da equipe que um homem que atende pela alcunha de \u201cneguinho do para-choque\u201d comercializa drogas em sua resid\u00eancia, localizada no Setor Morada Nova, em Goiatuba. Ap\u00f3s [&hellip;]<\/p>\n","protected":false},"author":34,"featured_media":72767,"comment_status":"closed","ping_status":"closed","sticky":false,"template":"","format":"standard","meta":{"footnotes":""},"categories":[3193,2538,156,89],"tags":[102,861,5509],"class_list":["post-72765","post","type-post","status-publish","format-standard","has-post-thumbnail","hentry","category-6a-regional","category-delegacias","category-policia-civil-no-interior","category-regionais","tag-goiatuba","tag-prisao","tag-trafico-de-drogas"],"rttpg_featured_image_url":{"full":["https:\/\/goias.gov.br\/policiacivil\/wp-content\/uploads\/sites\/71\/2019\/04\/whatsapp-image-2019-04-17-at-14.39.28.jpeg",1068,1068,false],"landscape":["https:\/\/goias.gov.br\/policiacivil\/wp-content\/uploads\/sites\/71\/2019\/04\/whatsapp-image-2019-04-17-at-14.39.28.jpeg",1068,1068,false],"portraits":["https:\/\/goias.gov.br\/policiacivil\/wp-content\/uploads\/sites\/71\/2019\/04\/whatsapp-image-2019-04-17-at-14.39.28.jpeg",1068,1068,false],"thumbnail":["https:\/\/goias.gov.br\/policiacivil\/wp-content\/uploads\/sites\/71\/2019\/04\/whatsapp-image-2019-04-17-at-14.39.28-300x300.jpeg",150,150,true],"medium":["https:\/\/goias.gov.br\/policiacivil\/wp-content\/uploads\/sites\/71\/2019\/04\/whatsapp-image-2019-04-17-at-14.39.28-500x500.jpeg",300,300,true],"large":["https:\/\/goias.gov.br\/policiacivil\/wp-content\/uploads\/sites\/71\/2019\/04\/whatsapp-image-2019-04-17-at-14.39.28.jpeg",1024,1024,false],"1536x1536":["https:\/\/goias.gov.br\/policiacivil\/wp-content\/uploads\/sites\/71\/2019\/04\/whatsapp-image-2019-04-17-at-14.39.28.jpeg",1068,1068,false],"2048x2048":["https:\/\/goias.gov.br\/policiacivil\/wp-content\/uploads\/sites\/71\/2019\/04\/whatsapp-image-2019-04-17-at-14.39.28.jpeg",1068,1068,false]},"rttpg_author":{"display_name":"celsoassis","author_link":"https:\/\/goias.gov.br\/policiacivil\/author\/celsoassis\/"},"rttpg_comment":0,"rttpg_category":"<a href=\"https:\/\/goias.gov.br\/policiacivil\/categoria\/drp\/6a-regional\/\" rel=\"category tag\">6\u00aa Regional<\/a> <a href=\"https:\/\/goias.gov.br\/policiacivil\/categoria\/delegacias\/\" rel=\"category tag\">Delegacias<\/a> <a href=\"https:\/\/goias.gov.br\/policiacivil\/categoria\/policia-civil-no-interior\/\" rel=\"category tag\">Pol\u00edcia Civil no Interior<\/a> <a href=\"https:\/\/goias.gov.br\/policiacivil\/categoria\/delegacias\/regionais\/\" rel=\"category tag\">Regionais<\/a>","rttpg_excerpt":"Policiais Civis lotados na Delegacia de Goiatuba prenderam em flagrante ontem (16 de abril) Wallex D\u00eanis da Silva Mariano, de 26 anos, por tr\u00e1fico de drogas. Chegou ao conhecimento da equipe que um homem que atende pela alcunha de \u201cneguinho do para-choque\u201d comercializa drogas em sua resid\u00eancia, localizada no Setor Morada Nova, em Goiatuba. Ap\u00f3s&hellip;","_links":{"self":[{"href":"https:\/\/goias.gov.br\/policiacivil\/wp-json\/wp\/v2\/posts\/72765","targetHints":{"allow":["GET"]}}],"collection":[{"href":"https:\/\/goias.gov.br\/policiacivil\/wp-json\/wp\/v2\/posts"}],"about":[{"href":"https:\/\/goias.gov.br\/policiacivil\/wp-json\/wp\/v2\/types\/post"}],"author":[{"embeddable":true,"href":"https:\/\/goias.gov.br\/policiacivil\/wp-json\/wp\/v2\/users\/34"}],"replies":[{"embeddable":true,"href":"https:\/\/goias.gov.br\/policiacivil\/wp-json\/wp\/v2\/comments?post=72765"}],"version-history":[{"count":0,"href":"https:\/\/goias.gov.br\/policiacivil\/wp-json\/wp\/v2\/posts\/72765\/revisions"}],"wp:featuredmedia":[{"embeddable":true,"href":"https:\/\/goias.gov.br\/policiacivil\/wp-json\/wp\/v2\/media\/72767"}],"wp:attachment":[{"href":"https:\/\/goias.gov.br\/policiacivil\/wp-json\/wp\/v2\/media?parent=72765"}],"wp:term":[{"taxonomy":"category","embeddable":true,"href":"https:\/\/goias.gov.br\/policiacivil\/wp-json\/wp\/v2\/categories?post=72765"},{"taxonomy":"post_tag","embeddable":true,"href":"https:\/\/goias.gov.br\/policiacivil\/wp-json\/wp\/v2\/tags?post=72765"}],"curies":[{"name":"wp","href":"https:\/\/api.w.org\/{rel}","templated":true}]}}