

{"id":72159,"date":"2019-03-28T16:14:31","date_gmt":"2019-03-28T19:14:31","guid":{"rendered":" https:\/\/goias.gov.br\/policiacivil\/?p=72159"},"modified":"2019-03-28T16:14:31","modified_gmt":"2019-03-28T19:14:31","slug":"dih-prende-tres-investigados-em-pernambuco","status":"publish","type":"post","link":"https:\/\/goias.gov.br\/policiacivil\/dih-prende-tres-investigados-em-pernambuco\/","title":{"rendered":"DIH prende tr\u00eas investigados em Pernambuco"},"content":{"rendered":"<p style=\"text-align: justify;\">A Delegacia Estadual de Investiga\u00e7\u00f5es de Homic\u00eddios (DIH), com o apoio das Delegacias de Pol\u00edcia de Cabo de Santo Agostinho e \u00c1guas Belas, ambas de Pernambuco, deu cumprimento aos mandados de pris\u00e3o cautelar em desfavor de Livanildo Bezerra da Silva J\u00fanior, Sidnei Bezerra da Silva Souza e Luciano Bezerra da Silva, pelo envolvimento no homic\u00eddio de Airton Ricardo Costa Carvalho, vulgo &#8220;Estranho&#8221;, ocorrido no dia 15 de novembro do ano passado na Vila Itatiaia, em Goi\u00e2nia.<\/p>\n<p style=\"text-align: justify;\">A equipe da DIH apurou que a v\u00edtima e os investigados tinham uma rixa antiga relacionada ao tr\u00e1fico de drogas e, em raz\u00e3o disso, desferiram in\u00fameras facadas contra a v\u00edtima, que veio a \u00f3bito no local.<\/p>\n<p style=\"text-align: justify;\">Ap\u00f3s o crime, os investigados fugiram de Goi\u00e1s e se esconderam em Pernambuco, mas foram localizados pela Pol\u00edcia Civil ap\u00f3s o trabalho investigativo.<\/p>\n<p>&nbsp;<\/p>\n<div id='gallery-1' class='gallery galleryid-72159 gallery-columns-3 gallery-size-thumbnail'><figure class='gallery-item'>\n\t\t\t<div class='gallery-icon landscape'>\n\t\t\t\t<a href='https:\/\/goias.gov.br\/policiacivil\/wp-content\/uploads\/sites\/71\/2019\/03\/whatsapp-image-2019-03-28-at-11.30.21.jpeg'><img decoding=\"async\" width=\"150\" height=\"150\" src=\"https:\/\/goias.gov.br\/policiacivil\/wp-content\/uploads\/sites\/71\/2019\/03\/whatsapp-image-2019-03-28-at-11.30.21-300x300.jpeg\" class=\"attachment-thumbnail size-thumbnail\" alt=\"\" \/><\/a>\n\t\t\t<\/div><\/figure><figure class='gallery-item'>\n\t\t\t<div class='gallery-icon landscape'>\n\t\t\t\t<a href='https:\/\/goias.gov.br\/policiacivil\/wp-content\/uploads\/sites\/71\/2019\/03\/whatsapp-image-2019-03-28-at-11.30.22-1.jpeg'><img decoding=\"async\" width=\"150\" height=\"150\" src=\"https:\/\/goias.gov.br\/policiacivil\/wp-content\/uploads\/sites\/71\/2019\/03\/whatsapp-image-2019-03-28-at-11.30.22-1-300x300.jpeg\" class=\"attachment-thumbnail size-thumbnail\" alt=\"\" \/><\/a>\n\t\t\t<\/div><\/figure><figure class='gallery-item'>\n\t\t\t<div class='gallery-icon portrait'>\n\t\t\t\t<a href='https:\/\/goias.gov.br\/policiacivil\/wp-content\/uploads\/sites\/71\/2019\/03\/whatsapp-image-2019-03-28-at-11.30.22.jpeg'><img decoding=\"async\" width=\"150\" height=\"150\" src=\"https:\/\/goias.gov.br\/policiacivil\/wp-content\/uploads\/sites\/71\/2019\/03\/whatsapp-image-2019-03-28-at-11.30.22-300x300.jpeg\" class=\"attachment-thumbnail size-thumbnail\" alt=\"\" srcset=\"https:\/\/goias.gov.br\/policiacivil\/wp-content\/uploads\/sites\/71\/2019\/03\/whatsapp-image-2019-03-28-at-11.30.22-300x300.jpeg 300w, https:\/\/goias.gov.br\/policiacivil\/wp-content\/uploads\/sites\/71\/2019\/03\/whatsapp-image-2019-03-28-at-11.30.22-575x580.jpeg 575w\" sizes=\"(max-width: 150px) 100vw, 150px\" \/><\/a>\n\t\t\t<\/div><\/figure>\n\t\t<\/div>\n\n","protected":false},"excerpt":{"rendered":"<p>A Delegacia Estadual de Investiga\u00e7\u00f5es de Homic\u00eddios (DIH), com o apoio das Delegacias de Pol\u00edcia de Cabo de Santo Agostinho e \u00c1guas Belas, ambas de Pernambuco, deu cumprimento aos mandados de pris\u00e3o cautelar em desfavor de Livanildo Bezerra da Silva J\u00fanior, Sidnei Bezerra da Silva Souza e Luciano Bezerra da Silva, pelo envolvimento no homic\u00eddio [&hellip;]<\/p>\n","protected":false},"author":34,"featured_media":71763,"comment_status":"closed","ping_status":"closed","sticky":false,"template":"","format":"standard","meta":{"footnotes":""},"categories":[2538,92,537],"tags":[145,1812,2165,861],"class_list":["post-72159","post","type-post","status-publish","format-standard","has-post-thumbnail","hentry","category-delegacias","category-especializadas","category-ultimo-segundo","tag-dih","tag-homicidas","tag-pernambuco","tag-prisao"],"rttpg_featured_image_url":{"full":["https:\/\/goias.gov.br\/policiacivil\/wp-content\/uploads\/sites\/71\/2019\/03\/whatsapp-image-2019-01-29-at-17.56.40.jpeg",955,1068,false],"landscape":["https:\/\/goias.gov.br\/policiacivil\/wp-content\/uploads\/sites\/71\/2019\/03\/whatsapp-image-2019-01-29-at-17.56.40.jpeg",955,1068,false],"portraits":["https:\/\/goias.gov.br\/policiacivil\/wp-content\/uploads\/sites\/71\/2019\/03\/whatsapp-image-2019-01-29-at-17.56.40.jpeg",955,1068,false],"thumbnail":["https:\/\/goias.gov.br\/policiacivil\/wp-content\/uploads\/sites\/71\/2019\/03\/whatsapp-image-2019-01-29-at-17.56.40-300x300.jpeg",150,150,true],"medium":["https:\/\/goias.gov.br\/policiacivil\/wp-content\/uploads\/sites\/71\/2019\/03\/whatsapp-image-2019-01-29-at-17.56.40-447x500.jpeg",268,300,true],"large":["https:\/\/goias.gov.br\/policiacivil\/wp-content\/uploads\/sites\/71\/2019\/03\/whatsapp-image-2019-01-29-at-17.56.40-955x1068.jpeg",916,1024,true],"1536x1536":["https:\/\/goias.gov.br\/policiacivil\/wp-content\/uploads\/sites\/71\/2019\/03\/whatsapp-image-2019-01-29-at-17.56.40.jpeg",955,1068,false],"2048x2048":["https:\/\/goias.gov.br\/policiacivil\/wp-content\/uploads\/sites\/71\/2019\/03\/whatsapp-image-2019-01-29-at-17.56.40.jpeg",955,1068,false]},"rttpg_author":{"display_name":"celsoassis","author_link":"https:\/\/goias.gov.br\/policiacivil\/author\/celsoassis\/"},"rttpg_comment":0,"rttpg_category":"<a href=\"https:\/\/goias.gov.br\/policiacivil\/categoria\/delegacias\/\" rel=\"category tag\">Delegacias<\/a> <a href=\"https:\/\/goias.gov.br\/policiacivil\/categoria\/delegacias\/especializadas\/\" rel=\"category tag\">Especializadas<\/a> <a href=\"https:\/\/goias.gov.br\/policiacivil\/categoria\/ultimo-segundo\/\" rel=\"category tag\">\u00daltimo Segundo<\/a>","rttpg_excerpt":"A Delegacia Estadual de Investiga\u00e7\u00f5es de Homic\u00eddios (DIH), com o apoio das Delegacias de Pol\u00edcia de Cabo de Santo Agostinho e \u00c1guas Belas, ambas de Pernambuco, deu cumprimento aos mandados de pris\u00e3o cautelar em desfavor de Livanildo Bezerra da Silva J\u00fanior, Sidnei Bezerra da Silva Souza e Luciano Bezerra da Silva, pelo envolvimento no homic\u00eddio&hellip;","_links":{"self":[{"href":"https:\/\/goias.gov.br\/policiacivil\/wp-json\/wp\/v2\/posts\/72159","targetHints":{"allow":["GET"]}}],"collection":[{"href":"https:\/\/goias.gov.br\/policiacivil\/wp-json\/wp\/v2\/posts"}],"about":[{"href":"https:\/\/goias.gov.br\/policiacivil\/wp-json\/wp\/v2\/types\/post"}],"author":[{"embeddable":true,"href":"https:\/\/goias.gov.br\/policiacivil\/wp-json\/wp\/v2\/users\/34"}],"replies":[{"embeddable":true,"href":"https:\/\/goias.gov.br\/policiacivil\/wp-json\/wp\/v2\/comments?post=72159"}],"version-history":[{"count":0,"href":"https:\/\/goias.gov.br\/policiacivil\/wp-json\/wp\/v2\/posts\/72159\/revisions"}],"wp:featuredmedia":[{"embeddable":true,"href":"https:\/\/goias.gov.br\/policiacivil\/wp-json\/wp\/v2\/media\/71763"}],"wp:attachment":[{"href":"https:\/\/goias.gov.br\/policiacivil\/wp-json\/wp\/v2\/media?parent=72159"}],"wp:term":[{"taxonomy":"category","embeddable":true,"href":"https:\/\/goias.gov.br\/policiacivil\/wp-json\/wp\/v2\/categories?post=72159"},{"taxonomy":"post_tag","embeddable":true,"href":"https:\/\/goias.gov.br\/policiacivil\/wp-json\/wp\/v2\/tags?post=72159"}],"curies":[{"name":"wp","href":"https:\/\/api.w.org\/{rel}","templated":true}]}}