

{"id":71765,"date":"2019-03-15T16:52:46","date_gmt":"2019-03-15T19:52:46","guid":{"rendered":" https:\/\/goias.gov.br\/policiacivil\/?p=71765"},"modified":"2019-03-15T16:52:46","modified_gmt":"2019-03-15T19:52:46","slug":"agressor-de-mulher-e-preso-em-campos-belos","status":"publish","type":"post","link":"https:\/\/goias.gov.br\/policiacivil\/agressor-de-mulher-e-preso-em-campos-belos\/","title":{"rendered":"Agressor de mulher \u00e9 preso em Campos Belos"},"content":{"rendered":"<p style=\"text-align: justify;\"><img fetchpriority=\"high\" decoding=\"async\" class=\" wp-image-71766 alignright\" src=\" https:\/\/goias.gov.br\/policiacivil\/wp-content\/uploads\/sites\/71\/2019\/03\/drfs-301x500.jpg\" alt=\"\" width=\"197\" height=\"327\" srcset=\"https:\/\/goias.gov.br\/policiacivil\/wp-content\/uploads\/sites\/71\/2019\/03\/drfs-301x500.jpg 301w, https:\/\/goias.gov.br\/policiacivil\/wp-content\/uploads\/sites\/71\/2019\/03\/drfs-253x420.jpg 253w, https:\/\/goias.gov.br\/policiacivil\/wp-content\/uploads\/sites\/71\/2019\/03\/drfs-505x840.jpg 505w, https:\/\/goias.gov.br\/policiacivil\/wp-content\/uploads\/sites\/71\/2019\/03\/drfs.jpg 576w\" sizes=\"(max-width: 197px) 100vw, 197px\" \/>Os policiais civis da Delegacia de Pol\u00edcia (DP) de Campos Belos, no nordeste goiano, cumpriram mandado de pris\u00e3o contra P. R. F. S. O mandado de pris\u00e3o preventiva estava aberto desde 2016. O homem \u00e9 suspeito de les\u00e3o corporal no \u00e2mbito da viol\u00eancia dom\u00e9stica. Ap\u00f3s os procedimentos protocolares, ele foi recolhido \u00e0 ag\u00eancia prisional da cidade \u00e0 disposi\u00e7\u00e3o do Poder Judici\u00e1rio.<\/p>\n","protected":false},"excerpt":{"rendered":"<p>Os policiais civis da Delegacia de Pol\u00edcia (DP) de Campos Belos, no nordeste goiano, cumpriram mandado de pris\u00e3o contra P. R. F. S. O mandado de pris\u00e3o preventiva estava aberto desde 2016. O homem \u00e9 suspeito de les\u00e3o corporal no \u00e2mbito da viol\u00eancia dom\u00e9stica. Ap\u00f3s os procedimentos protocolares, ele foi recolhido \u00e0 ag\u00eancia prisional da [&hellip;]<\/p>\n","protected":false},"author":34,"featured_media":71766,"comment_status":"closed","ping_status":"closed","sticky":false,"template":"","format":"standard","meta":{"footnotes":""},"categories":[3200,2538,156,89],"tags":[3456,6456,3600],"class_list":["post-71765","post","type-post","status-publish","format-standard","has-post-thumbnail","hentry","category-13a-regional","category-delegacias","category-policia-civil-no-interior","category-regionais","tag-campos-belos","tag-prisao-preventiva","tag-violencia-domestica"],"rttpg_featured_image_url":{"full":["https:\/\/goias.gov.br\/policiacivil\/wp-content\/uploads\/sites\/71\/2019\/03\/drfs.jpg",576,958,false],"landscape":["https:\/\/goias.gov.br\/policiacivil\/wp-content\/uploads\/sites\/71\/2019\/03\/drfs.jpg",576,958,false],"portraits":["https:\/\/goias.gov.br\/policiacivil\/wp-content\/uploads\/sites\/71\/2019\/03\/drfs.jpg",576,958,false],"thumbnail":["https:\/\/goias.gov.br\/policiacivil\/wp-content\/uploads\/sites\/71\/2019\/03\/drfs-300x300.jpg",150,150,true],"medium":["https:\/\/goias.gov.br\/policiacivil\/wp-content\/uploads\/sites\/71\/2019\/03\/drfs-301x500.jpg",181,300,true],"large":["https:\/\/goias.gov.br\/policiacivil\/wp-content\/uploads\/sites\/71\/2019\/03\/drfs.jpg",576,958,false],"1536x1536":["https:\/\/goias.gov.br\/policiacivil\/wp-content\/uploads\/sites\/71\/2019\/03\/drfs.jpg",576,958,false],"2048x2048":["https:\/\/goias.gov.br\/policiacivil\/wp-content\/uploads\/sites\/71\/2019\/03\/drfs.jpg",576,958,false]},"rttpg_author":{"display_name":"celsoassis","author_link":"https:\/\/goias.gov.br\/policiacivil\/author\/celsoassis\/"},"rttpg_comment":0,"rttpg_category":"<a href=\"https:\/\/goias.gov.br\/policiacivil\/categoria\/drp\/13a-regional\/\" rel=\"category tag\">13\u00aa Regional<\/a> <a href=\"https:\/\/goias.gov.br\/policiacivil\/categoria\/delegacias\/\" rel=\"category tag\">Delegacias<\/a> <a href=\"https:\/\/goias.gov.br\/policiacivil\/categoria\/policia-civil-no-interior\/\" rel=\"category tag\">Pol\u00edcia Civil no Interior<\/a> <a href=\"https:\/\/goias.gov.br\/policiacivil\/categoria\/delegacias\/regionais\/\" rel=\"category tag\">Regionais<\/a>","rttpg_excerpt":"Os policiais civis da Delegacia de Pol\u00edcia (DP) de Campos Belos, no nordeste goiano, cumpriram mandado de pris\u00e3o contra P. R. F. S. O mandado de pris\u00e3o preventiva estava aberto desde 2016. O homem \u00e9 suspeito de les\u00e3o corporal no \u00e2mbito da viol\u00eancia dom\u00e9stica. Ap\u00f3s os procedimentos protocolares, ele foi recolhido \u00e0 ag\u00eancia prisional da&hellip;","_links":{"self":[{"href":"https:\/\/goias.gov.br\/policiacivil\/wp-json\/wp\/v2\/posts\/71765","targetHints":{"allow":["GET"]}}],"collection":[{"href":"https:\/\/goias.gov.br\/policiacivil\/wp-json\/wp\/v2\/posts"}],"about":[{"href":"https:\/\/goias.gov.br\/policiacivil\/wp-json\/wp\/v2\/types\/post"}],"author":[{"embeddable":true,"href":"https:\/\/goias.gov.br\/policiacivil\/wp-json\/wp\/v2\/users\/34"}],"replies":[{"embeddable":true,"href":"https:\/\/goias.gov.br\/policiacivil\/wp-json\/wp\/v2\/comments?post=71765"}],"version-history":[{"count":0,"href":"https:\/\/goias.gov.br\/policiacivil\/wp-json\/wp\/v2\/posts\/71765\/revisions"}],"wp:featuredmedia":[{"embeddable":true,"href":"https:\/\/goias.gov.br\/policiacivil\/wp-json\/wp\/v2\/media\/71766"}],"wp:attachment":[{"href":"https:\/\/goias.gov.br\/policiacivil\/wp-json\/wp\/v2\/media?parent=71765"}],"wp:term":[{"taxonomy":"category","embeddable":true,"href":"https:\/\/goias.gov.br\/policiacivil\/wp-json\/wp\/v2\/categories?post=71765"},{"taxonomy":"post_tag","embeddable":true,"href":"https:\/\/goias.gov.br\/policiacivil\/wp-json\/wp\/v2\/tags?post=71765"}],"curies":[{"name":"wp","href":"https:\/\/api.w.org\/{rel}","templated":true}]}}