

{"id":71745,"date":"2019-03-15T13:51:43","date_gmt":"2019-03-15T16:51:43","guid":{"rendered":" https:\/\/goias.gov.br\/policiacivil\/?p=71745"},"modified":"2019-03-15T13:51:43","modified_gmt":"2019-03-15T16:51:43","slug":"traficante-e-preso-em-itumbiara-2","status":"publish","type":"post","link":"https:\/\/goias.gov.br\/policiacivil\/traficante-e-preso-em-itumbiara-2\/","title":{"rendered":"Traficante \u00e9 preso em Itumbiara"},"content":{"rendered":"<p style=\"text-align: justify;\"><img fetchpriority=\"high\" decoding=\"async\" class=\" wp-image-71746 alignleft\" src=\" https:\/\/goias.gov.br\/policiacivil\/wp-content\/uploads\/sites\/71\/2019\/03\/jorge-abrao-500x448.jpg\" alt=\"\" width=\"322\" height=\"288\" srcset=\"https:\/\/goias.gov.br\/policiacivil\/wp-content\/uploads\/sites\/71\/2019\/03\/jorge-abrao-500x448.jpg 500w, https:\/\/goias.gov.br\/policiacivil\/wp-content\/uploads\/sites\/71\/2019\/03\/jorge-abrao-768x688.jpg 768w, https:\/\/goias.gov.br\/policiacivil\/wp-content\/uploads\/sites\/71\/2019\/03\/jorge-abrao-696x624.jpg 696w, https:\/\/goias.gov.br\/policiacivil\/wp-content\/uploads\/sites\/71\/2019\/03\/jorge-abrao-469x420.jpg 469w, https:\/\/goias.gov.br\/policiacivil\/wp-content\/uploads\/sites\/71\/2019\/03\/jorge-abrao.jpg 908w\" sizes=\"(max-width: 322px) 100vw, 322px\" \/>Policiais Civis do Grupo Especial de Repress\u00e3o a Narc\u00f3ticos (Genarc) de Itumbiara prenderam em flagrante, no come\u00e7o da noite dessa quinta-feira (14), Jorge Abr\u00e3o Alves da Silva, 23 anos, pela pr\u00e1tica de tr\u00e1fico de drogas.<\/p>\n<p style=\"text-align: justify;\">\nOs policiais localizaram Jorge Abr\u00e3o no bairro Ulisses Guimar\u00e3es vendendo drogas. Com ele foram encontradas seis por\u00e7\u00f5es de maconha e 750 reais em dinheiro.<\/p>\n<p style=\"text-align: justify;\">\nO autuado foi recolhido no pres\u00eddio de Sarandi e, se condenado, pode pegar a 15 anos de pris\u00e3o pelo crime de tr\u00e1fico.<\/p>\n","protected":false},"excerpt":{"rendered":"<p>Policiais Civis do Grupo Especial de Repress\u00e3o a Narc\u00f3ticos (Genarc) de Itumbiara prenderam em flagrante, no come\u00e7o da noite dessa quinta-feira (14), Jorge Abr\u00e3o Alves da Silva, 23 anos, pela pr\u00e1tica de tr\u00e1fico de drogas. Os policiais localizaram Jorge Abr\u00e3o no bairro Ulisses Guimar\u00e3es vendendo drogas. Com ele foram encontradas seis por\u00e7\u00f5es de maconha e [&hellip;]<\/p>\n","protected":false},"author":34,"featured_media":71748,"comment_status":"closed","ping_status":"closed","sticky":false,"template":"","format":"standard","meta":{"footnotes":""},"categories":[3193,2538,156,89],"tags":[302,16,5752],"class_list":["post-71745","post","type-post","status-publish","format-standard","has-post-thumbnail","hentry","category-6a-regional","category-delegacias","category-policia-civil-no-interior","category-regionais","tag-flagrante","tag-itumbiara","tag-trafico-de-dorgas"],"rttpg_featured_image_url":{"full":["https:\/\/goias.gov.br\/policiacivil\/wp-content\/uploads\/sites\/71\/2019\/03\/droga-jorge.jpg",1068,675,false],"landscape":["https:\/\/goias.gov.br\/policiacivil\/wp-content\/uploads\/sites\/71\/2019\/03\/droga-jorge.jpg",1068,675,false],"portraits":["https:\/\/goias.gov.br\/policiacivil\/wp-content\/uploads\/sites\/71\/2019\/03\/droga-jorge.jpg",1068,675,false],"thumbnail":["https:\/\/goias.gov.br\/policiacivil\/wp-content\/uploads\/sites\/71\/2019\/03\/droga-jorge-300x300.jpg",150,150,true],"medium":["https:\/\/goias.gov.br\/policiacivil\/wp-content\/uploads\/sites\/71\/2019\/03\/droga-jorge-500x316.jpg",300,190,true],"large":["https:\/\/goias.gov.br\/policiacivil\/wp-content\/uploads\/sites\/71\/2019\/03\/droga-jorge-1068x675.jpg",1024,647,true],"1536x1536":["https:\/\/goias.gov.br\/policiacivil\/wp-content\/uploads\/sites\/71\/2019\/03\/droga-jorge.jpg",1068,675,false],"2048x2048":["https:\/\/goias.gov.br\/policiacivil\/wp-content\/uploads\/sites\/71\/2019\/03\/droga-jorge.jpg",1068,675,false]},"rttpg_author":{"display_name":"celsoassis","author_link":"https:\/\/goias.gov.br\/policiacivil\/author\/celsoassis\/"},"rttpg_comment":0,"rttpg_category":"<a href=\"https:\/\/goias.gov.br\/policiacivil\/categoria\/drp\/6a-regional\/\" rel=\"category tag\">6\u00aa Regional<\/a> <a href=\"https:\/\/goias.gov.br\/policiacivil\/categoria\/delegacias\/\" rel=\"category tag\">Delegacias<\/a> <a href=\"https:\/\/goias.gov.br\/policiacivil\/categoria\/policia-civil-no-interior\/\" rel=\"category tag\">Pol\u00edcia Civil no Interior<\/a> <a href=\"https:\/\/goias.gov.br\/policiacivil\/categoria\/delegacias\/regionais\/\" rel=\"category tag\">Regionais<\/a>","rttpg_excerpt":"Policiais Civis do Grupo Especial de Repress\u00e3o a Narc\u00f3ticos (Genarc) de Itumbiara prenderam em flagrante, no come\u00e7o da noite dessa quinta-feira (14), Jorge Abr\u00e3o Alves da Silva, 23 anos, pela pr\u00e1tica de tr\u00e1fico de drogas. Os policiais localizaram Jorge Abr\u00e3o no bairro Ulisses Guimar\u00e3es vendendo drogas. Com ele foram encontradas seis por\u00e7\u00f5es de maconha e&hellip;","_links":{"self":[{"href":"https:\/\/goias.gov.br\/policiacivil\/wp-json\/wp\/v2\/posts\/71745","targetHints":{"allow":["GET"]}}],"collection":[{"href":"https:\/\/goias.gov.br\/policiacivil\/wp-json\/wp\/v2\/posts"}],"about":[{"href":"https:\/\/goias.gov.br\/policiacivil\/wp-json\/wp\/v2\/types\/post"}],"author":[{"embeddable":true,"href":"https:\/\/goias.gov.br\/policiacivil\/wp-json\/wp\/v2\/users\/34"}],"replies":[{"embeddable":true,"href":"https:\/\/goias.gov.br\/policiacivil\/wp-json\/wp\/v2\/comments?post=71745"}],"version-history":[{"count":0,"href":"https:\/\/goias.gov.br\/policiacivil\/wp-json\/wp\/v2\/posts\/71745\/revisions"}],"wp:featuredmedia":[{"embeddable":true,"href":"https:\/\/goias.gov.br\/policiacivil\/wp-json\/wp\/v2\/media\/71748"}],"wp:attachment":[{"href":"https:\/\/goias.gov.br\/policiacivil\/wp-json\/wp\/v2\/media?parent=71745"}],"wp:term":[{"taxonomy":"category","embeddable":true,"href":"https:\/\/goias.gov.br\/policiacivil\/wp-json\/wp\/v2\/categories?post=71745"},{"taxonomy":"post_tag","embeddable":true,"href":"https:\/\/goias.gov.br\/policiacivil\/wp-json\/wp\/v2\/tags?post=71745"}],"curies":[{"name":"wp","href":"https:\/\/api.w.org\/{rel}","templated":true}]}}