

{"id":71687,"date":"2019-03-14T08:44:46","date_gmt":"2019-03-14T11:44:46","guid":{"rendered":" https:\/\/goias.gov.br\/policiacivil\/?p=71687"},"modified":"2019-03-14T08:45:12","modified_gmt":"2019-03-14T11:45:12","slug":"menor-e-apreendido-por-roubo-e-trafico","status":"publish","type":"post","link":"https:\/\/goias.gov.br\/policiacivil\/menor-e-apreendido-por-roubo-e-trafico\/","title":{"rendered":"Menor \u00e9 apreendido por roubo e tr\u00e1fico"},"content":{"rendered":"<p style=\"text-align: justify;\"><img fetchpriority=\"high\" decoding=\"async\" class=\" wp-image-71373 alignright\" src=\" https:\/\/goias.gov.br\/policiacivil\/wp-content\/uploads\/sites\/71\/2019\/02\/whatsapp-image-2019-01-29-at-17.56.40-3-447x500.jpeg\" alt=\"\" width=\"292\" height=\"327\" srcset=\"https:\/\/goias.gov.br\/policiacivil\/wp-content\/uploads\/sites\/71\/2019\/02\/whatsapp-image-2019-01-29-at-17.56.40-3-447x500.jpeg 447w, https:\/\/goias.gov.br\/policiacivil\/wp-content\/uploads\/sites\/71\/2019\/02\/whatsapp-image-2019-01-29-at-17.56.40-3-768x859.jpeg 768w, https:\/\/goias.gov.br\/policiacivil\/wp-content\/uploads\/sites\/71\/2019\/02\/whatsapp-image-2019-01-29-at-17.56.40-3.jpeg 955w, https:\/\/goias.gov.br\/policiacivil\/wp-content\/uploads\/sites\/71\/2019\/02\/whatsapp-image-2019-01-29-at-17.56.40-3-696x778.jpeg 696w, https:\/\/goias.gov.br\/policiacivil\/wp-content\/uploads\/sites\/71\/2019\/02\/whatsapp-image-2019-01-29-at-17.56.40-3-376x420.jpeg 376w, https:\/\/goias.gov.br\/policiacivil\/wp-content\/uploads\/sites\/71\/2019\/02\/whatsapp-image-2019-01-29-at-17.56.40-3-751x840.jpeg 751w\" sizes=\"(max-width: 292px) 100vw, 292px\" \/>A equipe da Delegacia de Pol\u00edcia de Apura\u00e7\u00e3o de Atos Infracionais (Depai) cumpriu, na tarde de ontem (13), em Aragoi\u00e2nia, mandado de busca e apreens\u00e3o contra o menor M. S. O. O adolescente \u00e9 investigado pelos atos infracionais an\u00e1logos aos delitos de roubo e tr\u00e1fico de drogas.<\/p>\n<p style=\"text-align: justify;\">Esta \u00e9 a vig\u00e9sima terceira apreens\u00e3o de infratores feita pela especializada neste ano em Goi\u00e2nia.<\/p>\n","protected":false},"excerpt":{"rendered":"<p>A equipe da Delegacia de Pol\u00edcia de Apura\u00e7\u00e3o de Atos Infracionais (Depai) cumpriu, na tarde de ontem (13), em Aragoi\u00e2nia, mandado de busca e apreens\u00e3o contra o menor M. S. O. O adolescente \u00e9 investigado pelos atos infracionais an\u00e1logos aos delitos de roubo e tr\u00e1fico de drogas. Esta \u00e9 a vig\u00e9sima terceira apreens\u00e3o de infratores [&hellip;]<\/p>\n","protected":false},"author":34,"featured_media":71373,"comment_status":"closed","ping_status":"closed","sticky":false,"template":"","format":"standard","meta":{"footnotes":""},"categories":[2538,92,537],"tags":[13,1865,1335],"class_list":["post-71687","post","type-post","status-publish","format-standard","has-post-thumbnail","hentry","category-delegacias","category-especializadas","category-ultimo-segundo","tag-apreensao","tag-depai","tag-goiania"],"rttpg_featured_image_url":{"full":["https:\/\/goias.gov.br\/policiacivil\/wp-content\/uploads\/sites\/71\/2019\/02\/whatsapp-image-2019-01-29-at-17.56.40-3.jpeg",955,1068,false],"landscape":["https:\/\/goias.gov.br\/policiacivil\/wp-content\/uploads\/sites\/71\/2019\/02\/whatsapp-image-2019-01-29-at-17.56.40-3.jpeg",955,1068,false],"portraits":["https:\/\/goias.gov.br\/policiacivil\/wp-content\/uploads\/sites\/71\/2019\/02\/whatsapp-image-2019-01-29-at-17.56.40-3.jpeg",955,1068,false],"thumbnail":["https:\/\/goias.gov.br\/policiacivil\/wp-content\/uploads\/sites\/71\/2019\/02\/whatsapp-image-2019-01-29-at-17.56.40-3-300x300.jpeg",150,150,true],"medium":["https:\/\/goias.gov.br\/policiacivil\/wp-content\/uploads\/sites\/71\/2019\/02\/whatsapp-image-2019-01-29-at-17.56.40-3-447x500.jpeg",268,300,true],"large":["https:\/\/goias.gov.br\/policiacivil\/wp-content\/uploads\/sites\/71\/2019\/02\/whatsapp-image-2019-01-29-at-17.56.40-3-955x1068.jpeg",916,1024,true],"1536x1536":["https:\/\/goias.gov.br\/policiacivil\/wp-content\/uploads\/sites\/71\/2019\/02\/whatsapp-image-2019-01-29-at-17.56.40-3.jpeg",955,1068,false],"2048x2048":["https:\/\/goias.gov.br\/policiacivil\/wp-content\/uploads\/sites\/71\/2019\/02\/whatsapp-image-2019-01-29-at-17.56.40-3.jpeg",955,1068,false]},"rttpg_author":{"display_name":"celsoassis","author_link":"https:\/\/goias.gov.br\/policiacivil\/author\/celsoassis\/"},"rttpg_comment":0,"rttpg_category":"<a href=\"https:\/\/goias.gov.br\/policiacivil\/categoria\/delegacias\/\" rel=\"category tag\">Delegacias<\/a> <a href=\"https:\/\/goias.gov.br\/policiacivil\/categoria\/delegacias\/especializadas\/\" rel=\"category tag\">Especializadas<\/a> <a href=\"https:\/\/goias.gov.br\/policiacivil\/categoria\/ultimo-segundo\/\" rel=\"category tag\">\u00daltimo Segundo<\/a>","rttpg_excerpt":"A equipe da Delegacia de Pol\u00edcia de Apura\u00e7\u00e3o de Atos Infracionais (Depai) cumpriu, na tarde de ontem (13), em Aragoi\u00e2nia, mandado de busca e apreens\u00e3o contra o menor M. S. O. O adolescente \u00e9 investigado pelos atos infracionais an\u00e1logos aos delitos de roubo e tr\u00e1fico de drogas. Esta \u00e9 a vig\u00e9sima terceira apreens\u00e3o de infratores&hellip;","_links":{"self":[{"href":"https:\/\/goias.gov.br\/policiacivil\/wp-json\/wp\/v2\/posts\/71687","targetHints":{"allow":["GET"]}}],"collection":[{"href":"https:\/\/goias.gov.br\/policiacivil\/wp-json\/wp\/v2\/posts"}],"about":[{"href":"https:\/\/goias.gov.br\/policiacivil\/wp-json\/wp\/v2\/types\/post"}],"author":[{"embeddable":true,"href":"https:\/\/goias.gov.br\/policiacivil\/wp-json\/wp\/v2\/users\/34"}],"replies":[{"embeddable":true,"href":"https:\/\/goias.gov.br\/policiacivil\/wp-json\/wp\/v2\/comments?post=71687"}],"version-history":[{"count":0,"href":"https:\/\/goias.gov.br\/policiacivil\/wp-json\/wp\/v2\/posts\/71687\/revisions"}],"wp:featuredmedia":[{"embeddable":true,"href":"https:\/\/goias.gov.br\/policiacivil\/wp-json\/wp\/v2\/media\/71373"}],"wp:attachment":[{"href":"https:\/\/goias.gov.br\/policiacivil\/wp-json\/wp\/v2\/media?parent=71687"}],"wp:term":[{"taxonomy":"category","embeddable":true,"href":"https:\/\/goias.gov.br\/policiacivil\/wp-json\/wp\/v2\/categories?post=71687"},{"taxonomy":"post_tag","embeddable":true,"href":"https:\/\/goias.gov.br\/policiacivil\/wp-json\/wp\/v2\/tags?post=71687"}],"curies":[{"name":"wp","href":"https:\/\/api.w.org\/{rel}","templated":true}]}}