

{"id":71660,"date":"2019-03-13T14:41:08","date_gmt":"2019-03-13T17:41:08","guid":{"rendered":" https:\/\/goias.gov.br\/policiacivil\/?p=71660"},"modified":"2019-03-13T14:41:08","modified_gmt":"2019-03-13T17:41:08","slug":"dih-prende-condenado-em-neropolis","status":"publish","type":"post","link":"https:\/\/goias.gov.br\/policiacivil\/dih-prende-condenado-em-neropolis\/","title":{"rendered":"DIH prende condenado em Ner\u00f3polis"},"content":{"rendered":"<p style=\"text-align: justify;\"><img fetchpriority=\"high\" decoding=\"async\" class=\" wp-image-71664 alignleft\" src=\" https:\/\/goias.gov.br\/policiacivil\/wp-content\/uploads\/sites\/71\/2019\/03\/marcos-vinicius-301x500.jpg\" alt=\"\" width=\"227\" height=\"377\" srcset=\"https:\/\/goias.gov.br\/policiacivil\/wp-content\/uploads\/sites\/71\/2019\/03\/marcos-vinicius-301x500.jpg 301w, https:\/\/goias.gov.br\/policiacivil\/wp-content\/uploads\/sites\/71\/2019\/03\/marcos-vinicius-253x420.jpg 253w, https:\/\/goias.gov.br\/policiacivil\/wp-content\/uploads\/sites\/71\/2019\/03\/marcos-vinicius-506x840.jpg 506w, https:\/\/goias.gov.br\/policiacivil\/wp-content\/uploads\/sites\/71\/2019\/03\/marcos-vinicius.jpg 626w\" sizes=\"(max-width: 227px) 100vw, 227px\" \/>A Delegacia Estadual de Investiga\u00e7\u00f5es de Homic\u00eddios (DIH) deu cumprimento, nessa ter\u00e7a-feira (13), ao mandado de pris\u00e3o definitivo expedido contra Marcos Vinicius da Cruz Vieira, vulgo &#8220;Cabelo&#8221;. O mandado \u00e9 da 3\u00aa Vara de Crimes Dolosos contra a Vida e Tribunal do J\u00fari de Goi\u00e2nia.<\/p>\n<p style=\"text-align: justify;\">\nMarcos Vinicius foi condenado a 11 anos e 8 meses de pris\u00e3o pela tentativa de homic\u00eddio contra as v\u00edtimas Thiago Proen\u00e7a Rodrigues, Jos\u00e9 Dias Pereira Filho e Robson Rodrigues Ramos. Ele foi preso em Ner\u00f3polis pela equipe da DIH, que realizava uma investiga\u00e7\u00e3o sobre outro caso.<\/p>\n","protected":false},"excerpt":{"rendered":"<p>A Delegacia Estadual de Investiga\u00e7\u00f5es de Homic\u00eddios (DIH) deu cumprimento, nessa ter\u00e7a-feira (13), ao mandado de pris\u00e3o definitivo expedido contra Marcos Vinicius da Cruz Vieira, vulgo &#8220;Cabelo&#8221;. O mandado \u00e9 da 3\u00aa Vara de Crimes Dolosos contra a Vida e Tribunal do J\u00fari de Goi\u00e2nia. Marcos Vinicius foi condenado a 11 anos e 8 meses [&hellip;]<\/p>\n","protected":false},"author":34,"featured_media":71664,"comment_status":"closed","ping_status":"closed","sticky":false,"template":"","format":"standard","meta":{"footnotes":""},"categories":[2538,92,537],"tags":[4489,145,3978,4143],"class_list":["post-71660","post","type-post","status-publish","format-standard","has-post-thumbnail","hentry","category-delegacias","category-especializadas","category-ultimo-segundo","tag-condenado","tag-dih","tag-neropolis","tag-tentativa-de-homicidio"],"rttpg_featured_image_url":{"full":["https:\/\/goias.gov.br\/policiacivil\/wp-content\/uploads\/sites\/71\/2019\/03\/marcos-vinicius.jpg",626,1040,false],"landscape":["https:\/\/goias.gov.br\/policiacivil\/wp-content\/uploads\/sites\/71\/2019\/03\/marcos-vinicius.jpg",626,1040,false],"portraits":["https:\/\/goias.gov.br\/policiacivil\/wp-content\/uploads\/sites\/71\/2019\/03\/marcos-vinicius.jpg",626,1040,false],"thumbnail":["https:\/\/goias.gov.br\/policiacivil\/wp-content\/uploads\/sites\/71\/2019\/03\/marcos-vinicius-300x300.jpg",150,150,true],"medium":["https:\/\/goias.gov.br\/policiacivil\/wp-content\/uploads\/sites\/71\/2019\/03\/marcos-vinicius-301x500.jpg",181,300,true],"large":["https:\/\/goias.gov.br\/policiacivil\/wp-content\/uploads\/sites\/71\/2019\/03\/marcos-vinicius.jpg",616,1024,false],"1536x1536":["https:\/\/goias.gov.br\/policiacivil\/wp-content\/uploads\/sites\/71\/2019\/03\/marcos-vinicius.jpg",626,1040,false],"2048x2048":["https:\/\/goias.gov.br\/policiacivil\/wp-content\/uploads\/sites\/71\/2019\/03\/marcos-vinicius.jpg",626,1040,false]},"rttpg_author":{"display_name":"celsoassis","author_link":"https:\/\/goias.gov.br\/policiacivil\/author\/celsoassis\/"},"rttpg_comment":0,"rttpg_category":"<a href=\"https:\/\/goias.gov.br\/policiacivil\/categoria\/delegacias\/\" rel=\"category tag\">Delegacias<\/a> <a href=\"https:\/\/goias.gov.br\/policiacivil\/categoria\/delegacias\/especializadas\/\" rel=\"category tag\">Especializadas<\/a> <a href=\"https:\/\/goias.gov.br\/policiacivil\/categoria\/ultimo-segundo\/\" rel=\"category tag\">\u00daltimo Segundo<\/a>","rttpg_excerpt":"A Delegacia Estadual de Investiga\u00e7\u00f5es de Homic\u00eddios (DIH) deu cumprimento, nessa ter\u00e7a-feira (13), ao mandado de pris\u00e3o definitivo expedido contra Marcos Vinicius da Cruz Vieira, vulgo &#8220;Cabelo&#8221;. O mandado \u00e9 da 3\u00aa Vara de Crimes Dolosos contra a Vida e Tribunal do J\u00fari de Goi\u00e2nia. Marcos Vinicius foi condenado a 11 anos e 8 meses&hellip;","_links":{"self":[{"href":"https:\/\/goias.gov.br\/policiacivil\/wp-json\/wp\/v2\/posts\/71660","targetHints":{"allow":["GET"]}}],"collection":[{"href":"https:\/\/goias.gov.br\/policiacivil\/wp-json\/wp\/v2\/posts"}],"about":[{"href":"https:\/\/goias.gov.br\/policiacivil\/wp-json\/wp\/v2\/types\/post"}],"author":[{"embeddable":true,"href":"https:\/\/goias.gov.br\/policiacivil\/wp-json\/wp\/v2\/users\/34"}],"replies":[{"embeddable":true,"href":"https:\/\/goias.gov.br\/policiacivil\/wp-json\/wp\/v2\/comments?post=71660"}],"version-history":[{"count":0,"href":"https:\/\/goias.gov.br\/policiacivil\/wp-json\/wp\/v2\/posts\/71660\/revisions"}],"wp:featuredmedia":[{"embeddable":true,"href":"https:\/\/goias.gov.br\/policiacivil\/wp-json\/wp\/v2\/media\/71664"}],"wp:attachment":[{"href":"https:\/\/goias.gov.br\/policiacivil\/wp-json\/wp\/v2\/media?parent=71660"}],"wp:term":[{"taxonomy":"category","embeddable":true,"href":"https:\/\/goias.gov.br\/policiacivil\/wp-json\/wp\/v2\/categories?post=71660"},{"taxonomy":"post_tag","embeddable":true,"href":"https:\/\/goias.gov.br\/policiacivil\/wp-json\/wp\/v2\/tags?post=71660"}],"curies":[{"name":"wp","href":"https:\/\/api.w.org\/{rel}","templated":true}]}}