

{"id":71303,"date":"2019-02-26T10:27:03","date_gmt":"2019-02-26T13:27:03","guid":{"rendered":" https:\/\/goias.gov.br\/policiacivil\/?p=71303"},"modified":"2019-02-26T10:27:03","modified_gmt":"2019-02-26T13:27:03","slug":"preso-traficante-em-anapolis","status":"publish","type":"post","link":"https:\/\/goias.gov.br\/policiacivil\/preso-traficante-em-anapolis\/","title":{"rendered":"Preso traficante em An\u00e1polis"},"content":{"rendered":"<p style=\"text-align: justify;\"><img fetchpriority=\"high\" decoding=\"async\" class=\" wp-image-71304 alignleft\" src=\" https:\/\/goias.gov.br\/policiacivil\/wp-content\/uploads\/sites\/71\/2019\/02\/drogas-anapolis-500x218.jpg\" alt=\"\" width=\"367\" height=\"160\" srcset=\"https:\/\/goias.gov.br\/policiacivil\/wp-content\/uploads\/sites\/71\/2019\/02\/drogas-anapolis-500x218.jpg 500w, https:\/\/goias.gov.br\/policiacivil\/wp-content\/uploads\/sites\/71\/2019\/02\/drogas-anapolis-768x335.jpg 768w, https:\/\/goias.gov.br\/policiacivil\/wp-content\/uploads\/sites\/71\/2019\/02\/drogas-anapolis-696x303.jpg 696w, https:\/\/goias.gov.br\/policiacivil\/wp-content\/uploads\/sites\/71\/2019\/02\/drogas-anapolis.jpg 925w\" sizes=\"(max-width: 367px) 100vw, 367px\" \/>O Grupo de Repress\u00e3o a Narc\u00f3ticos (Genarc) de An\u00e1polis prendeu, nessa segunda-feira (25), Luciano Augusto Felix. O suspeito estava na posse de tr\u00eas quilos e meio de maconha e uma balan\u00e7a de precis\u00e3o.<\/p>\n<p style=\"text-align: justify;\">\nA droga e a balan\u00e7a foram encontradas na resid\u00eancia do suspeito, que foi preso em flagrante pelo crime de tr\u00e1fico de drogas. Luciano agora encontra-se \u00e0 disposi\u00e7\u00e3o do Poder Judici\u00e1rio.<\/p>\n","protected":false},"excerpt":{"rendered":"<p>O Grupo de Repress\u00e3o a Narc\u00f3ticos (Genarc) de An\u00e1polis prendeu, nessa segunda-feira (25), Luciano Augusto Felix. O suspeito estava na posse de tr\u00eas quilos e meio de maconha e uma balan\u00e7a de precis\u00e3o. A droga e a balan\u00e7a foram encontradas na resid\u00eancia do suspeito, que foi preso em flagrante pelo crime de tr\u00e1fico de drogas. [&hellip;]<\/p>\n","protected":false},"author":34,"featured_media":71304,"comment_status":"closed","ping_status":"closed","sticky":false,"template":"","format":"standard","meta":{"footnotes":""},"categories":[3190,2538,92,537],"tags":[31,6472,5509],"class_list":["post-71303","post","type-post","status-publish","format-standard","has-post-thumbnail","hentry","category-3a-regional","category-delegacias","category-especializadas","category-ultimo-segundo","tag-anapolis","tag-prisao-em-flagrante","tag-trafico-de-drogas"],"rttpg_featured_image_url":{"full":["https:\/\/goias.gov.br\/policiacivil\/wp-content\/uploads\/sites\/71\/2019\/02\/drogas-anapolis.jpg",925,403,false],"landscape":["https:\/\/goias.gov.br\/policiacivil\/wp-content\/uploads\/sites\/71\/2019\/02\/drogas-anapolis.jpg",925,403,false],"portraits":["https:\/\/goias.gov.br\/policiacivil\/wp-content\/uploads\/sites\/71\/2019\/02\/drogas-anapolis.jpg",925,403,false],"thumbnail":["https:\/\/goias.gov.br\/policiacivil\/wp-content\/uploads\/sites\/71\/2019\/02\/drogas-anapolis-300x300.jpg",150,150,true],"medium":["https:\/\/goias.gov.br\/policiacivil\/wp-content\/uploads\/sites\/71\/2019\/02\/drogas-anapolis-500x218.jpg",300,131,true],"large":["https:\/\/goias.gov.br\/policiacivil\/wp-content\/uploads\/sites\/71\/2019\/02\/drogas-anapolis.jpg",925,403,false],"1536x1536":["https:\/\/goias.gov.br\/policiacivil\/wp-content\/uploads\/sites\/71\/2019\/02\/drogas-anapolis.jpg",925,403,false],"2048x2048":["https:\/\/goias.gov.br\/policiacivil\/wp-content\/uploads\/sites\/71\/2019\/02\/drogas-anapolis.jpg",925,403,false]},"rttpg_author":{"display_name":"celsoassis","author_link":"https:\/\/goias.gov.br\/policiacivil\/author\/celsoassis\/"},"rttpg_comment":0,"rttpg_category":"<a href=\"https:\/\/goias.gov.br\/policiacivil\/categoria\/drp\/3a-regional\/\" rel=\"category tag\">3\u00aa Regional<\/a> <a href=\"https:\/\/goias.gov.br\/policiacivil\/categoria\/delegacias\/\" rel=\"category tag\">Delegacias<\/a> <a href=\"https:\/\/goias.gov.br\/policiacivil\/categoria\/delegacias\/especializadas\/\" rel=\"category tag\">Especializadas<\/a> <a href=\"https:\/\/goias.gov.br\/policiacivil\/categoria\/ultimo-segundo\/\" rel=\"category tag\">\u00daltimo Segundo<\/a>","rttpg_excerpt":"O Grupo de Repress\u00e3o a Narc\u00f3ticos (Genarc) de An\u00e1polis prendeu, nessa segunda-feira (25), Luciano Augusto Felix. O suspeito estava na posse de tr\u00eas quilos e meio de maconha e uma balan\u00e7a de precis\u00e3o. A droga e a balan\u00e7a foram encontradas na resid\u00eancia do suspeito, que foi preso em flagrante pelo crime de tr\u00e1fico de drogas.&hellip;","_links":{"self":[{"href":"https:\/\/goias.gov.br\/policiacivil\/wp-json\/wp\/v2\/posts\/71303","targetHints":{"allow":["GET"]}}],"collection":[{"href":"https:\/\/goias.gov.br\/policiacivil\/wp-json\/wp\/v2\/posts"}],"about":[{"href":"https:\/\/goias.gov.br\/policiacivil\/wp-json\/wp\/v2\/types\/post"}],"author":[{"embeddable":true,"href":"https:\/\/goias.gov.br\/policiacivil\/wp-json\/wp\/v2\/users\/34"}],"replies":[{"embeddable":true,"href":"https:\/\/goias.gov.br\/policiacivil\/wp-json\/wp\/v2\/comments?post=71303"}],"version-history":[{"count":0,"href":"https:\/\/goias.gov.br\/policiacivil\/wp-json\/wp\/v2\/posts\/71303\/revisions"}],"wp:featuredmedia":[{"embeddable":true,"href":"https:\/\/goias.gov.br\/policiacivil\/wp-json\/wp\/v2\/media\/71304"}],"wp:attachment":[{"href":"https:\/\/goias.gov.br\/policiacivil\/wp-json\/wp\/v2\/media?parent=71303"}],"wp:term":[{"taxonomy":"category","embeddable":true,"href":"https:\/\/goias.gov.br\/policiacivil\/wp-json\/wp\/v2\/categories?post=71303"},{"taxonomy":"post_tag","embeddable":true,"href":"https:\/\/goias.gov.br\/policiacivil\/wp-json\/wp\/v2\/tags?post=71303"}],"curies":[{"name":"wp","href":"https:\/\/api.w.org\/{rel}","templated":true}]}}