

{"id":71098,"date":"2019-02-19T10:21:22","date_gmt":"2019-02-19T13:21:22","guid":{"rendered":" https:\/\/goias.gov.br\/policiacivil\/?p=71098"},"modified":"2019-02-19T10:21:22","modified_gmt":"2019-02-19T13:21:22","slug":"decar-recupera-55-toneladas-de-mercadorias","status":"publish","type":"post","link":"https:\/\/goias.gov.br\/policiacivil\/decar-recupera-55-toneladas-de-mercadorias\/","title":{"rendered":"Decar recupera 55 toneladas de mercadorias"},"content":{"rendered":"<p style=\"text-align: justify;\"><img fetchpriority=\"high\" decoding=\"async\" class=\" wp-image-71099 alignleft\" src=\" https:\/\/goias.gov.br\/policiacivil\/wp-content\/uploads\/sites\/71\/2019\/02\/galpao-decar-500x262.jpg\" alt=\"\" width=\"365\" height=\"191\" srcset=\"https:\/\/goias.gov.br\/policiacivil\/wp-content\/uploads\/sites\/71\/2019\/02\/galpao-decar-500x262.jpg 500w, https:\/\/goias.gov.br\/policiacivil\/wp-content\/uploads\/sites\/71\/2019\/02\/galpao-decar-768x402.jpg 768w, https:\/\/goias.gov.br\/policiacivil\/wp-content\/uploads\/sites\/71\/2019\/02\/galpao-decar-696x364.jpg 696w, https:\/\/goias.gov.br\/policiacivil\/wp-content\/uploads\/sites\/71\/2019\/02\/galpao-decar-802x420.jpg 802w, https:\/\/goias.gov.br\/policiacivil\/wp-content\/uploads\/sites\/71\/2019\/02\/galpao-decar.jpg 930w\" sizes=\"(max-width: 365px) 100vw, 365px\" \/>A\u00e7\u00e3o conjunta entre a Delegacia Estadual de Repress\u00e3o a Furtos e Roubos de Cargas (Decar) e o Batalh\u00e3o de Choque da PM recuperou 55 toneladas de mercadorias que foram roubadas nos \u00faltimos 10 dias na grande Goi\u00e2nia.<\/p>\n<p style=\"text-align: justify;\">\nAs cargas, de bebidas e produtos de limpeza, foram localizadas em um galp\u00e3o na capital e est\u00e3o avaliadas em R$ 120.000,00. Quatro pessoas foram autuadas em flagrante pelos crimes de recepta\u00e7\u00e3o e participa\u00e7\u00e3o em organiza\u00e7\u00e3o criminosa. Eles s\u00e3o suspeitos de integrar um grupo alvo de investiga\u00e7\u00e3o da Decar h\u00e1 6 meses.<\/p>\n<p style=\"text-align: justify;\">\nOutros demais integrantes do esquema j\u00e1 foram identificados e est\u00e3o sendo feitas dilig\u00eancias no sentido de localiz\u00e1-los.<\/p>\n","protected":false},"excerpt":{"rendered":"<p>A\u00e7\u00e3o conjunta entre a Delegacia Estadual de Repress\u00e3o a Furtos e Roubos de Cargas (Decar) e o Batalh\u00e3o de Choque da PM recuperou 55 toneladas de mercadorias que foram roubadas nos \u00faltimos 10 dias na grande Goi\u00e2nia. As cargas, de bebidas e produtos de limpeza, foram localizadas em um galp\u00e3o na capital e est\u00e3o avaliadas [&hellip;]<\/p>\n","protected":false},"author":34,"featured_media":71099,"comment_status":"closed","ping_status":"closed","sticky":false,"template":"","format":"standard","meta":{"footnotes":""},"categories":[2538,92,6069],"tags":[669,1335,1749],"class_list":["post-71098","post","type-post","status-publish","format-standard","has-post-thumbnail","hentry","category-delegacias","category-especializadas","category-noticias-da-policia-civil","tag-decar","tag-goiania","tag-mercadorias"],"rttpg_featured_image_url":{"full":["https:\/\/goias.gov.br\/policiacivil\/wp-content\/uploads\/sites\/71\/2019\/02\/galpao-decar.jpg",930,487,false],"landscape":["https:\/\/goias.gov.br\/policiacivil\/wp-content\/uploads\/sites\/71\/2019\/02\/galpao-decar.jpg",930,487,false],"portraits":["https:\/\/goias.gov.br\/policiacivil\/wp-content\/uploads\/sites\/71\/2019\/02\/galpao-decar.jpg",930,487,false],"thumbnail":["https:\/\/goias.gov.br\/policiacivil\/wp-content\/uploads\/sites\/71\/2019\/02\/galpao-decar-300x300.jpg",150,150,true],"medium":["https:\/\/goias.gov.br\/policiacivil\/wp-content\/uploads\/sites\/71\/2019\/02\/galpao-decar-500x262.jpg",300,157,true],"large":["https:\/\/goias.gov.br\/policiacivil\/wp-content\/uploads\/sites\/71\/2019\/02\/galpao-decar.jpg",930,487,false],"1536x1536":["https:\/\/goias.gov.br\/policiacivil\/wp-content\/uploads\/sites\/71\/2019\/02\/galpao-decar.jpg",930,487,false],"2048x2048":["https:\/\/goias.gov.br\/policiacivil\/wp-content\/uploads\/sites\/71\/2019\/02\/galpao-decar.jpg",930,487,false]},"rttpg_author":{"display_name":"celsoassis","author_link":"https:\/\/goias.gov.br\/policiacivil\/author\/celsoassis\/"},"rttpg_comment":0,"rttpg_category":"<a href=\"https:\/\/goias.gov.br\/policiacivil\/categoria\/delegacias\/\" rel=\"category tag\">Delegacias<\/a> <a href=\"https:\/\/goias.gov.br\/policiacivil\/categoria\/delegacias\/especializadas\/\" rel=\"category tag\">Especializadas<\/a> <a href=\"https:\/\/goias.gov.br\/policiacivil\/categoria\/noticias\/noticias-da-policia-civil\/\" rel=\"category tag\">Not\u00edcias da Pol\u00edcia Civil<\/a>","rttpg_excerpt":"A\u00e7\u00e3o conjunta entre a Delegacia Estadual de Repress\u00e3o a Furtos e Roubos de Cargas (Decar) e o Batalh\u00e3o de Choque da PM recuperou 55 toneladas de mercadorias que foram roubadas nos \u00faltimos 10 dias na grande Goi\u00e2nia. As cargas, de bebidas e produtos de limpeza, foram localizadas em um galp\u00e3o na capital e est\u00e3o avaliadas&hellip;","_links":{"self":[{"href":"https:\/\/goias.gov.br\/policiacivil\/wp-json\/wp\/v2\/posts\/71098","targetHints":{"allow":["GET"]}}],"collection":[{"href":"https:\/\/goias.gov.br\/policiacivil\/wp-json\/wp\/v2\/posts"}],"about":[{"href":"https:\/\/goias.gov.br\/policiacivil\/wp-json\/wp\/v2\/types\/post"}],"author":[{"embeddable":true,"href":"https:\/\/goias.gov.br\/policiacivil\/wp-json\/wp\/v2\/users\/34"}],"replies":[{"embeddable":true,"href":"https:\/\/goias.gov.br\/policiacivil\/wp-json\/wp\/v2\/comments?post=71098"}],"version-history":[{"count":0,"href":"https:\/\/goias.gov.br\/policiacivil\/wp-json\/wp\/v2\/posts\/71098\/revisions"}],"wp:featuredmedia":[{"embeddable":true,"href":"https:\/\/goias.gov.br\/policiacivil\/wp-json\/wp\/v2\/media\/71099"}],"wp:attachment":[{"href":"https:\/\/goias.gov.br\/policiacivil\/wp-json\/wp\/v2\/media?parent=71098"}],"wp:term":[{"taxonomy":"category","embeddable":true,"href":"https:\/\/goias.gov.br\/policiacivil\/wp-json\/wp\/v2\/categories?post=71098"},{"taxonomy":"post_tag","embeddable":true,"href":"https:\/\/goias.gov.br\/policiacivil\/wp-json\/wp\/v2\/tags?post=71098"}],"curies":[{"name":"wp","href":"https:\/\/api.w.org\/{rel}","templated":true}]}}