

{"id":70940,"date":"2019-02-08T18:07:46","date_gmt":"2019-02-08T20:07:46","guid":{"rendered":" https:\/\/goias.gov.br\/policiacivil\/?p=70940"},"modified":"2019-02-09T16:50:54","modified_gmt":"2019-02-09T18:50:54","slug":"preso-suspeito-de-estuprar-bisnetas","status":"publish","type":"post","link":"https:\/\/goias.gov.br\/policiacivil\/preso-suspeito-de-estuprar-bisnetas\/","title":{"rendered":"Preso suspeito de estuprar bisnetas"},"content":{"rendered":"<p style=\"text-align: justify;\"><img fetchpriority=\"high\" decoding=\"async\" class=\" wp-image-70899 alignleft\" src=\" https:\/\/goias.gov.br\/policiacivil\/wp-content\/uploads\/sites\/71\/2019\/02\/whatsapp-image-2019-01-29-at-17.56.40-1-447x500.jpeg\" alt=\"\" width=\"304\" height=\"340\" srcset=\"https:\/\/goias.gov.br\/policiacivil\/wp-content\/uploads\/sites\/71\/2019\/02\/whatsapp-image-2019-01-29-at-17.56.40-1-447x500.jpeg 447w, https:\/\/goias.gov.br\/policiacivil\/wp-content\/uploads\/sites\/71\/2019\/02\/whatsapp-image-2019-01-29-at-17.56.40-1-268x300.jpeg 268w, https:\/\/goias.gov.br\/policiacivil\/wp-content\/uploads\/sites\/71\/2019\/02\/whatsapp-image-2019-01-29-at-17.56.40-1-916x1024.jpeg 916w, https:\/\/goias.gov.br\/policiacivil\/wp-content\/uploads\/sites\/71\/2019\/02\/whatsapp-image-2019-01-29-at-17.56.40-1-768x859.jpeg 768w, https:\/\/goias.gov.br\/policiacivil\/wp-content\/uploads\/sites\/71\/2019\/02\/whatsapp-image-2019-01-29-at-17.56.40-1.jpeg 955w, https:\/\/goias.gov.br\/policiacivil\/wp-content\/uploads\/sites\/71\/2019\/02\/whatsapp-image-2019-01-29-at-17.56.40-1-696x778.jpeg 696w, https:\/\/goias.gov.br\/policiacivil\/wp-content\/uploads\/sites\/71\/2019\/02\/whatsapp-image-2019-01-29-at-17.56.40-1-376x420.jpeg 376w, https:\/\/goias.gov.br\/policiacivil\/wp-content\/uploads\/sites\/71\/2019\/02\/whatsapp-image-2019-01-29-at-17.56.40-1-751x840.jpeg 751w\" sizes=\"(max-width: 304px) 100vw, 304px\" \/>A Delegacia de Pol\u00edcia (DP) de Barro Alto prendeu na tarde da \u00faltima quinta-feira (07) um idoso de 78 anos suspeito de ter estuprado duas bisnetas, hoje com 10 e 13 anos. As crian\u00e7as foram violentadas em Inhumas e Barro Alto.<\/p>\n<p style=\"text-align: justify;\">A primeira den\u00fancia foi registrada na Delegacia de Inhumas no final do m\u00eas de janeiro. A v\u00edtima relatou que os abusos sexuais come\u00e7aram quando ela tinha apenas cinco anos de idade e persistiram at\u00e9 o dia 21 de janeiro deste ano, ocasi\u00e3o em que a menina contou os fatos a sua m\u00e3e.<\/p>\n<p style=\"text-align: justify;\">No decorrer das investiga\u00e7\u00f5es, a pol\u00edcia descobriu que o bisav\u00f4 tamb\u00e9m abusou sexualmente de outra bisneta na cidade de Barro Alto. Os delegados das duas cidades passaram a trabalhar juntos para desvendar o crime e representaram pela pris\u00e3o do bisav\u00f4, que foi deferida pela Justi\u00e7a e agora cumprida.<\/p>\n<p style=\"text-align: justify;\">O suspeito responder\u00e1 por dois inqu\u00e9ritos policiais, ambos pelos crimes de estupro de vulner\u00e1vel, delito que prev\u00ea uma pena de 08 a 15 anos.<\/p>\n","protected":false},"excerpt":{"rendered":"<p>A Delegacia de Pol\u00edcia (DP) de Barro Alto prendeu na tarde da \u00faltima quinta-feira (07) um idoso de 78 anos suspeito de ter estuprado duas bisnetas, hoje com 10 e 13 anos. As crian\u00e7as foram violentadas em Inhumas e Barro Alto. A primeira den\u00fancia foi registrada na Delegacia de Inhumas no final do m\u00eas de [&hellip;]<\/p>\n","protected":false},"author":34,"featured_media":70899,"comment_status":"closed","ping_status":"closed","sticky":false,"template":"","format":"standard","meta":{"footnotes":""},"categories":[2538,6069],"tags":[4042,6471,2543,37,861],"class_list":["post-70940","post","type-post","status-publish","format-standard","has-post-thumbnail","hentry","category-delegacias","category-noticias-da-policia-civil","tag-barro-alto","tag-bisavo","tag-estupro-de-vulneravel","tag-inhumas","tag-prisao"],"rttpg_featured_image_url":{"full":["https:\/\/goias.gov.br\/policiacivil\/wp-content\/uploads\/sites\/71\/2019\/02\/whatsapp-image-2019-01-29-at-17.56.40-1.jpeg",955,1068,false],"landscape":["https:\/\/goias.gov.br\/policiacivil\/wp-content\/uploads\/sites\/71\/2019\/02\/whatsapp-image-2019-01-29-at-17.56.40-1.jpeg",955,1068,false],"portraits":["https:\/\/goias.gov.br\/policiacivil\/wp-content\/uploads\/sites\/71\/2019\/02\/whatsapp-image-2019-01-29-at-17.56.40-1.jpeg",955,1068,false],"thumbnail":["https:\/\/goias.gov.br\/policiacivil\/wp-content\/uploads\/sites\/71\/2019\/02\/whatsapp-image-2019-01-29-at-17.56.40-1-150x150.jpeg",150,150,true],"medium":["https:\/\/goias.gov.br\/policiacivil\/wp-content\/uploads\/sites\/71\/2019\/02\/whatsapp-image-2019-01-29-at-17.56.40-1-268x300.jpeg",268,300,true],"large":["https:\/\/goias.gov.br\/policiacivil\/wp-content\/uploads\/sites\/71\/2019\/02\/whatsapp-image-2019-01-29-at-17.56.40-1-916x1024.jpeg",916,1024,true],"1536x1536":["https:\/\/goias.gov.br\/policiacivil\/wp-content\/uploads\/sites\/71\/2019\/02\/whatsapp-image-2019-01-29-at-17.56.40-1.jpeg",955,1068,false],"2048x2048":["https:\/\/goias.gov.br\/policiacivil\/wp-content\/uploads\/sites\/71\/2019\/02\/whatsapp-image-2019-01-29-at-17.56.40-1.jpeg",955,1068,false]},"rttpg_author":{"display_name":"celsoassis","author_link":"https:\/\/goias.gov.br\/policiacivil\/author\/celsoassis\/"},"rttpg_comment":0,"rttpg_category":"<a href=\"https:\/\/goias.gov.br\/policiacivil\/categoria\/delegacias\/\" rel=\"category tag\">Delegacias<\/a> <a href=\"https:\/\/goias.gov.br\/policiacivil\/categoria\/noticias\/noticias-da-policia-civil\/\" rel=\"category tag\">Not\u00edcias da Pol\u00edcia Civil<\/a>","rttpg_excerpt":"A Delegacia de Pol\u00edcia (DP) de Barro Alto prendeu na tarde da \u00faltima quinta-feira (07) um idoso de 78 anos suspeito de ter estuprado duas bisnetas, hoje com 10 e 13 anos. As crian\u00e7as foram violentadas em Inhumas e Barro Alto. A primeira den\u00fancia foi registrada na Delegacia de Inhumas no final do m\u00eas de&hellip;","_links":{"self":[{"href":"https:\/\/goias.gov.br\/policiacivil\/wp-json\/wp\/v2\/posts\/70940","targetHints":{"allow":["GET"]}}],"collection":[{"href":"https:\/\/goias.gov.br\/policiacivil\/wp-json\/wp\/v2\/posts"}],"about":[{"href":"https:\/\/goias.gov.br\/policiacivil\/wp-json\/wp\/v2\/types\/post"}],"author":[{"embeddable":true,"href":"https:\/\/goias.gov.br\/policiacivil\/wp-json\/wp\/v2\/users\/34"}],"replies":[{"embeddable":true,"href":"https:\/\/goias.gov.br\/policiacivil\/wp-json\/wp\/v2\/comments?post=70940"}],"version-history":[{"count":0,"href":"https:\/\/goias.gov.br\/policiacivil\/wp-json\/wp\/v2\/posts\/70940\/revisions"}],"wp:featuredmedia":[{"embeddable":true,"href":"https:\/\/goias.gov.br\/policiacivil\/wp-json\/wp\/v2\/media\/70899"}],"wp:attachment":[{"href":"https:\/\/goias.gov.br\/policiacivil\/wp-json\/wp\/v2\/media?parent=70940"}],"wp:term":[{"taxonomy":"category","embeddable":true,"href":"https:\/\/goias.gov.br\/policiacivil\/wp-json\/wp\/v2\/categories?post=70940"},{"taxonomy":"post_tag","embeddable":true,"href":"https:\/\/goias.gov.br\/policiacivil\/wp-json\/wp\/v2\/tags?post=70940"}],"curies":[{"name":"wp","href":"https:\/\/api.w.org\/{rel}","templated":true}]}}