

{"id":70791,"date":"2019-02-04T14:53:24","date_gmt":"2019-02-04T16:53:24","guid":{"rendered":" https:\/\/goias.gov.br\/policiacivil\/?p=70791"},"modified":"2019-02-04T14:53:24","modified_gmt":"2019-02-04T16:53:24","slug":"traficante-e-preso-em-posse","status":"publish","type":"post","link":"https:\/\/goias.gov.br\/policiacivil\/traficante-e-preso-em-posse\/","title":{"rendered":"Traficante \u00e9 preso em Posse"},"content":{"rendered":"<p style=\"text-align: justify;\"><img decoding=\"async\" class=\"wp-image-70792 alignright\" src=\" https:\/\/goias.gov.br\/policiacivil\/wp-content\/uploads\/sites\/71\/2019\/02\/fabio-posse-336x500.jpg\" alt=\"\" width=\"167\" height=\"249\" srcset=\"https:\/\/goias.gov.br\/policiacivil\/wp-content\/uploads\/sites\/71\/2019\/02\/fabio-posse-336x500.jpg 336w, https:\/\/goias.gov.br\/policiacivil\/wp-content\/uploads\/sites\/71\/2019\/02\/fabio-posse-283x420.jpg 283w, https:\/\/goias.gov.br\/policiacivil\/wp-content\/uploads\/sites\/71\/2019\/02\/fabio-posse-565x840.jpg 565w, https:\/\/goias.gov.br\/policiacivil\/wp-content\/uploads\/sites\/71\/2019\/02\/fabio-posse.jpg 633w\" sizes=\"(max-width: 167px) 100vw, 167px\" \/>A Pol\u00edcia Civil da Delegacia Distrital (DP) de Posse, no nordeste do estado, prendeu nesta segunda-feira (04) F\u00e1bio Batista de Almeida. F\u00e1bio \u00e9 apontado, pelas investiga\u00e7\u00f5es, como autor do crime de tr\u00e1fico de drogas. A pris\u00e3o \u00e9 preventiva e foi autorizada pelo juiz da cidade no final de janeiro. F\u00e1bio Batista est\u00e1 recolhido no pres\u00eddio de Posse \u00e0 disposi\u00e7\u00e3o do Poder Judici\u00e1rio.<\/p>\n","protected":false},"excerpt":{"rendered":"<p>A Pol\u00edcia Civil da Delegacia Distrital (DP) de Posse, no nordeste do estado, prendeu nesta segunda-feira (04) F\u00e1bio Batista de Almeida. F\u00e1bio \u00e9 apontado, pelas investiga\u00e7\u00f5es, como autor do crime de tr\u00e1fico de drogas. A pris\u00e3o \u00e9 preventiva e foi autorizada pelo juiz da cidade no final de janeiro. F\u00e1bio Batista est\u00e1 recolhido no pres\u00eddio [&hellip;]<\/p>\n","protected":false},"author":34,"featured_media":70792,"comment_status":"closed","ping_status":"closed","sticky":false,"template":"","format":"standard","meta":{"footnotes":""},"categories":[3200,2538,89,537],"tags":[260,6456,5509],"class_list":["post-70791","post","type-post","status-publish","format-standard","has-post-thumbnail","hentry","category-13a-regional","category-delegacias","category-regionais","category-ultimo-segundo","tag-posse","tag-prisao-preventiva","tag-trafico-de-drogas"],"rttpg_featured_image_url":{"full":["https:\/\/goias.gov.br\/policiacivil\/wp-content\/uploads\/sites\/71\/2019\/02\/fabio-posse.jpg",633,941,false],"landscape":["https:\/\/goias.gov.br\/policiacivil\/wp-content\/uploads\/sites\/71\/2019\/02\/fabio-posse.jpg",633,941,false],"portraits":["https:\/\/goias.gov.br\/policiacivil\/wp-content\/uploads\/sites\/71\/2019\/02\/fabio-posse.jpg",633,941,false],"thumbnail":["https:\/\/goias.gov.br\/policiacivil\/wp-content\/uploads\/sites\/71\/2019\/02\/fabio-posse-300x300.jpg",150,150,true],"medium":["https:\/\/goias.gov.br\/policiacivil\/wp-content\/uploads\/sites\/71\/2019\/02\/fabio-posse-336x500.jpg",202,300,true],"large":["https:\/\/goias.gov.br\/policiacivil\/wp-content\/uploads\/sites\/71\/2019\/02\/fabio-posse.jpg",633,941,false],"1536x1536":["https:\/\/goias.gov.br\/policiacivil\/wp-content\/uploads\/sites\/71\/2019\/02\/fabio-posse.jpg",633,941,false],"2048x2048":["https:\/\/goias.gov.br\/policiacivil\/wp-content\/uploads\/sites\/71\/2019\/02\/fabio-posse.jpg",633,941,false]},"rttpg_author":{"display_name":"celsoassis","author_link":"https:\/\/goias.gov.br\/policiacivil\/author\/celsoassis\/"},"rttpg_comment":0,"rttpg_category":"<a href=\"https:\/\/goias.gov.br\/policiacivil\/categoria\/drp\/13a-regional\/\" rel=\"category tag\">13\u00aa Regional<\/a> <a href=\"https:\/\/goias.gov.br\/policiacivil\/categoria\/delegacias\/\" rel=\"category tag\">Delegacias<\/a> <a href=\"https:\/\/goias.gov.br\/policiacivil\/categoria\/delegacias\/regionais\/\" rel=\"category tag\">Regionais<\/a> <a href=\"https:\/\/goias.gov.br\/policiacivil\/categoria\/ultimo-segundo\/\" rel=\"category tag\">\u00daltimo Segundo<\/a>","rttpg_excerpt":"A Pol\u00edcia Civil da Delegacia Distrital (DP) de Posse, no nordeste do estado, prendeu nesta segunda-feira (04) F\u00e1bio Batista de Almeida. F\u00e1bio \u00e9 apontado, pelas investiga\u00e7\u00f5es, como autor do crime de tr\u00e1fico de drogas. A pris\u00e3o \u00e9 preventiva e foi autorizada pelo juiz da cidade no final de janeiro. F\u00e1bio Batista est\u00e1 recolhido no pres\u00eddio&hellip;","_links":{"self":[{"href":"https:\/\/goias.gov.br\/policiacivil\/wp-json\/wp\/v2\/posts\/70791","targetHints":{"allow":["GET"]}}],"collection":[{"href":"https:\/\/goias.gov.br\/policiacivil\/wp-json\/wp\/v2\/posts"}],"about":[{"href":"https:\/\/goias.gov.br\/policiacivil\/wp-json\/wp\/v2\/types\/post"}],"author":[{"embeddable":true,"href":"https:\/\/goias.gov.br\/policiacivil\/wp-json\/wp\/v2\/users\/34"}],"replies":[{"embeddable":true,"href":"https:\/\/goias.gov.br\/policiacivil\/wp-json\/wp\/v2\/comments?post=70791"}],"version-history":[{"count":0,"href":"https:\/\/goias.gov.br\/policiacivil\/wp-json\/wp\/v2\/posts\/70791\/revisions"}],"wp:featuredmedia":[{"embeddable":true,"href":"https:\/\/goias.gov.br\/policiacivil\/wp-json\/wp\/v2\/media\/70792"}],"wp:attachment":[{"href":"https:\/\/goias.gov.br\/policiacivil\/wp-json\/wp\/v2\/media?parent=70791"}],"wp:term":[{"taxonomy":"category","embeddable":true,"href":"https:\/\/goias.gov.br\/policiacivil\/wp-json\/wp\/v2\/categories?post=70791"},{"taxonomy":"post_tag","embeddable":true,"href":"https:\/\/goias.gov.br\/policiacivil\/wp-json\/wp\/v2\/tags?post=70791"}],"curies":[{"name":"wp","href":"https:\/\/api.w.org\/{rel}","templated":true}]}}